{"id":5340,"date":"2025-12-09T15:16:17","date_gmt":"2025-12-09T14:16:17","guid":{"rendered":"https:\/\/matrend.hu\/nekedinfo\/?p=5340"},"modified":"2025-12-09T15:16:17","modified_gmt":"2025-12-09T14:16:17","slug":"kulcsar-edina-megtepte-melanie-t","status":"publish","type":"post","link":"https:\/\/matrend.hu\/nekedinfo\/kulcsar-edina-megtepte-melanie-t\/","title":{"rendered":"Kulcs\u00e1r Edina megt\u00e9pte Melanie-t!"},"content":{"rendered":"<h3>Kulcs\u00e1r Edina, aki eddig t\u00e1vol tartotta mag\u00e1t a nyilv\u00e1nos adok-kapokt\u00f3l, most felcsavarta a hanger\u0151t \u2013 \u00e9s teljes er\u0151vel bele\u00e1llt a harcba. A volt sz\u00e9ps\u00e9gkir\u00e1lyn\u0151 f\u00e9rje oldal\u00e1ra \u00e1llt, \u00e9s olyan mondatokat dobott be, amik szinte darabokra szaggatt\u00e1k a kommentmez\u0151t.<br \/>\n\u201eAZ IGAZS\u00c1G\u00c9RZETEM NEM HAGY NYUGODNI!\u201d \u2013 kezdte, majd j\u00f6tt a sokkol\u00f3 v\u00e1d:<br \/>\n\u201eEgy anya\u2026 hogy k\u00edv\u00e1nhatja k\u00e9t \u00e1rtatlan gyermek ha\/\u00e1l\u00e1t???\u201d<br \/>\nEdina szerint Melanie minden\u00e1ron m\u00e9di\u00e1n kereszt\u00fcl akar harcolni, minden\u00e1ron figyelmet akar \u2013 \u00e9s minden\u00e1ron p\u00e9nzt.<br \/>\nV\u00e9g\u00fcl elszakadt n\u00e1la a c\u00e9rna, \u00e9s kimondta a botr\u00e1ny legdurv\u00e1bb mondat\u00e1t:<\/h3>\n<h3><span style=\"color: #ff0000;\"><strong>A h\u00edr nem \u00e9rt v\u00e9get! Folytat\u00e1shoz haszn\u00e1ld a K\u00d6VETKEZ\u0150 OLDAL gombot!<\/strong><\/span><\/h3>\n<h3 style=\"text-align: right;\"><a href=\"https:\/\/matrend.hu\/maitrend\/?p=5329\" target=\"_blank\" rel=\"noopener\"><span style=\"color: #ff0000;\">&#8212;&gt;&gt; K\u00d6VETKEZ\u0150 OLDAL<\/span><\/a><\/h3>\n<p>&#8211;<\/p>\n<p>Ami itt nem hagyhat\u00f3 ki, az a Toyota er\u0151fesz\u00edt\u00e9se a kiv\u00e1l\u00f3 min\u0151s\u00e9g\u0171 anyagok kidolgoz\u00e1s\u00e1ra. A C-HR kapcsol\u00f3berendez\u00e9s\u00e9nek tapinthat\u00f3 min\u0151s\u00e9ge, gondos elhelyez\u00e9se \u00e9s formatervezett megjelen\u00e9se annyira leny\u0171g\u00f6z\u0151, hogy az aut\u00f3ra val\u00f3sz\u00edn\u0171leg k\u00f6nnyed\u00e9n felker\u00fclhetne egy Lexus embl\u00e9ma.<br \/>\nM\u00e1r a bel\u00e9p\u0151 szint\u0171 Icon is teljes k\u00f6r\u0171 vezet\u00e9st\u00e1mogat\u00f3 rendszerekkel rendelkezik a Toyota Safety Sense 2 form\u00e1j\u00e1ban, amely mag\u00e1ban foglalja az auton\u00f3m f\u00e9kez\u00e9st, a gyalogosfelismer\u00e9st \u00e9s az adapt\u00edv sebess\u00e9gtart\u00f3 automatik\u00e1t. Emellett LED-es f\u00e9nysz\u00f3r\u00f3k \u00e9s k\u00e9tz\u00f3n\u00e1s kl\u00edmaberendez\u00e9s is rendelkez\u00e9sre \u00e1ll. A 8,0 h\u00fcvelykes Toyota Touch 2 infotainment rendszer alapfelszerelts\u00e9g ehhez a 26 890 fontba ker\u00fcl\u0151 modellhez, amely tartalmazza az Apple CarPlay \u00e9s az Android Auto rendszereket, valamint a tolat\u00f3kamer\u00e1t \u00e9s a DAB r\u00e1di\u00f3t.<br \/>\nA diz\u00e1jn felszerelts\u00e9gi szint a Toyota Touch 2 with Go rendszert is tartalmazza, amely azonos m\u00e9ret\u0171 k\u00e9perny\u0151t haszn\u00e1l, de online csatlakoz\u00e1si lehet\u0151s\u00e9geket is k\u00edn\u00e1l, amelyek az okostelefon adatkapcsolat\u00e1n kereszt\u00fcl m\u0171k\u00f6dnek, \u00e9s val\u00f3s idej\u0171 forgalmi inform\u00e1ci\u00f3kat adnak hozz\u00e1 a TomTom seg\u00edts\u00e9g\u00e9vel.<\/p>\n<p>Ezenk\u00edv\u00fcl Google Street View funkci\u00f3t is k\u00edn\u00e1l, \u00e9s lehet\u0151v\u00e9 teszi az \u00fczemanyag\u00e1rak, az id\u0151j\u00e1r\u00e1s-jelent\u00e9sek \u00e9s a parkol\u00e1si lehet\u0151s\u00e9gek b\u00f6ng\u00e9sz\u00e9s\u00e9t az \u00fati c\u00e9ln\u00e1l. A navig\u00e1ci\u00f3s t\u00e9rk\u00e9pek nem jelennek meg brili\u00e1ns r\u00e9szletess\u00e9ggel, \u00e9s a rendszer nem reag\u00e1l k\u00fcl\u00f6n\u00f6sebben gyorsan az ujjbegyes bevitelekre. M\u00e9g mindig jobban \u00f6r\u00fcln\u00e9nk egy kieg\u00e9sz\u00edt\u0151 beviteli eszk\u00f6znek.<br \/>\nA Design felszerelts\u00e9gi szinthez olyan fejleszt\u00e9sek is tartoznak, mint a f\u0171thet\u0151 \u00fcl\u00e9sek, a kulcs n\u00e9lk\u00fcli nyit\u00e1s \u00e9s a hangulatvil\u00e1g\u00edt\u00e1s. Emellett egy praktikus, k\u00e9zhaszn\u00e1lat n\u00e9lk\u00fcli parkol\u00f3rendszer, valamint els\u0151 \u00e9s h\u00e1ts\u00f3 parkol\u00f3radar is rendelkez\u00e9sre \u00e1ll.<br \/>\nA k\u00edn\u00e1lat cs\u00facs\u00e1n a luxus Excel \u00e9s a pik\u00e1nsabb formatervez\u00e9s\u0171 GR Sport \u00e1ll. Az el\u0151bbi b\u0151r \u00fcl\u00e9sk\u00e1rpitot, f\u0171thet\u0151 korm\u00e1nykereket \u00e9s adapt\u00edv LED f\u00e9nysz\u00f3r\u00f3kat kap. A GR Sporthoz visszafogott karossz\u00e9riakitt, 19 colos k\u00f6nny\u0171f\u00e9m ker\u00e9kt\u00e1rcs\u00e1k \u00e9s perfor\u00e1lt b\u0151r korm\u00e1nyker\u00e9k, valamint piros varr\u00e1s is tartozik.<br \/>\nMindk\u00e9t modell el\u00e9rhet\u0151 a Toyota opcion\u00e1lis JBL pr\u00e9mium audiorendszer\u00e9vel, amely 10 hangsz\u00f3r\u00f3val \u00e9s 576 watt teljes\u00edtm\u00e9nnyel rendelkezik, \u00e9s az 1595 fontos Pr\u00e9mium csomag r\u00e9sze. Er\u0151s hangz\u00e1s\u00fa, de nem kiemelked\u0151en az, k\u00fcl\u00f6n\u00f6sen a pr\u00e9mium m\u00e1rk\u00e1k m\u00e9rc\u00e9j\u00e9hez k\u00e9pest.<\/p>\n","protected":false},"excerpt":{"rendered":"<p>Kulcs\u00e1r Edina, aki eddig t\u00e1vol tartotta mag\u00e1t a nyilv\u00e1nos adok-kapokt\u00f3l, most felcsavarta a hanger\u0151t \u2013 \u00e9s teljes er\u0151vel bele\u00e1llt a&#8230; <span class=\"gridview-grid-post-read-more\"><a href=\"https:\/\/matrend.hu\/nekedinfo\/kulcsar-edina-megtepte-melanie-t\/\">read more<span class=\"gridview-sr-only\"> Kulcs\u00e1r Edina megt\u00e9pte Melanie-t!<\/span><\/a><\/span><\/p>\n","protected":false},"author":1,"featured_media":5341,"comment_status":"open","ping_status":"open","sticky":false,"template":"","format":"standard","meta":{"footnotes":""},"categories":[1],"tags":[],"class_list":["post-5340","post","type-post","status-publish","format-standard","has-post-thumbnail","hentry","category-egyeb","wpcat-1-id"],"_links":{"self":[{"href":"https:\/\/matrend.hu\/nekedinfo\/wp-json\/wp\/v2\/posts\/5340","targetHints":{"allow":["GET"]}}],"collection":[{"href":"https:\/\/matrend.hu\/nekedinfo\/wp-json\/wp\/v2\/posts"}],"about":[{"href":"https:\/\/matrend.hu\/nekedinfo\/wp-json\/wp\/v2\/types\/post"}],"author":[{"embeddable":true,"href":"https:\/\/matrend.hu\/nekedinfo\/wp-json\/wp\/v2\/users\/1"}],"replies":[{"embeddable":true,"href":"https:\/\/matrend.hu\/nekedinfo\/wp-json\/wp\/v2\/comments?post=5340"}],"version-history":[{"count":1,"href":"https:\/\/matrend.hu\/nekedinfo\/wp-json\/wp\/v2\/posts\/5340\/revisions"}],"predecessor-version":[{"id":5342,"href":"https:\/\/matrend.hu\/nekedinfo\/wp-json\/wp\/v2\/posts\/5340\/revisions\/5342"}],"wp:featuredmedia":[{"embeddable":true,"href":"https:\/\/matrend.hu\/nekedinfo\/wp-json\/wp\/v2\/media\/5341"}],"wp:attachment":[{"href":"https:\/\/matrend.hu\/nekedinfo\/wp-json\/wp\/v2\/media?parent=5340"}],"wp:term":[{"taxonomy":"category","embeddable":true,"href":"https:\/\/matrend.hu\/nekedinfo\/wp-json\/wp\/v2\/categories?post=5340"},{"taxonomy":"post_tag","embeddable":true,"href":"https:\/\/matrend.hu\/nekedinfo\/wp-json\/wp\/v2\/tags?post=5340"}],"curies":[{"name":"wp","href":"https:\/\/api.w.org\/{rel}","templated":true}]}}