{"id":5343,"date":"2025-12-09T16:09:56","date_gmt":"2025-12-09T15:09:56","guid":{"rendered":"https:\/\/matrend.hu\/nekedinfo\/?p=5343"},"modified":"2025-12-09T16:09:56","modified_gmt":"2025-12-09T15:09:56","slug":"igy-ert-veget-bb-evi-elete","status":"publish","type":"post","link":"https:\/\/matrend.hu\/nekedinfo\/igy-ert-veget-bb-evi-elete\/","title":{"rendered":"\u00cdgy \u00e9rt v\u00e9get BB \u00c9vi \u00e9lete"},"content":{"rendered":"<h3>A csillog\u00e1s megsz\u0171nt, \u00c9vi pedig egyre m\u00e9lyebbre s\u00fcllyedt. El\u0151bb p\u00e1nikrohamok, majd kezel\u00e9sek, v\u00e9g\u00fcl pszichi\u00e1triai k\u00f3rk\u00e9pek k\u00f6vett\u00e9k egym\u00e1st. A sajt\u00f3 m\u00e1r \u00e9vek \u00f3ta \u00edrja, hogy skiz0fr\u00e9ni\u00e1val k\u00fczd, \u00e9s t\u00f6bbsz\u00f6r is \u00f6sszeomlott annyira, hogy az \u00e1pol\u00f3k seg\u00edts\u00e9ge kellett.<br \/>\n2025-ben t\u00f6bb lap is besz\u00e1molt arr\u00f3l, hogy egy rosszabb peri\u00f3dus\u00e1ban az otthon dolgoz\u00f3ira t\u00e1madt, \u00e9s emiatt 24 \u00f3r\u00e1s fel\u00fcgyelet al\u00e1 ker\u00fclt.<br \/>\nEgykori bar\u00e1tai szerint \u00c9vi m\u00e1r akkor is \u201e\u00e1rny\u00e9ka volt \u00f6nmag\u00e1nak\u201d, nem ismerte fel a k\u00f6rnyezet\u00e9t, \u00e9s teljesen elvesztette a kapcsolatot a r\u00e9gi \u00e9let\u00e9vel.<br \/>\nEkkorra m\u00e1r szinte senki sem l\u00e1togatta. A Big Brother egykori kedvence elt\u0171nt a k\u00fclvil\u00e1g sz\u00e1m\u00e1ra.<br \/>\nA legfrissebb h\u00edrek szerint tragikus esem\u00e9ny t\u00f6rt\u00e9nt:<\/h3>\n<h3><span style=\"color: #ff0000;\"><strong>A h\u00edr nem \u00e9rt v\u00e9get! Folytat\u00e1shoz haszn\u00e1ld a K\u00d6VETKEZ\u0150 OLDAL gombot!<\/strong><\/span><\/h3>\n<h3 style=\"text-align: right;\"><a href=\"https:\/\/matrend.hu\/maitrend\/?p=5332\" target=\"_blank\" rel=\"noopener\"><span style=\"color: #ff0000;\">&#8212;&gt;&gt; K\u00d6VETKEZ\u0150 OLDAL<\/span><\/a><\/h3>\n<p>&#8211;<\/p>\n<p>De az RS Clio 2012-es negyedik \u00e9rkez\u00e9s\u00e9vel a var\u00e1zs al\u00e1bbhagyott, nem utols\u00f3sorban az\u00e9rt, mert a modell ekkor m\u00e1r csak automata sebess\u00e9gv\u00e1lt\u00f3val volt el\u00e9rhet\u0151. Amelynek gyors Fiest\u00e1i az ezredfordul\u00f3 ut\u00e1ni korszakban sz\u00f3rakoztat\u00f3ak \u00e9s kifizet\u0151d\u0151ek voltak, de az RS Clio-ra nem tudtak keszty\u0171t tenni, \u00e1tvette a k\u00f6penyt. A 2012-ben bemutatott Fiesta ST olyan velesz\u00fcletett k\u00e9pess\u00e9ggel rendelkezett a sz\u00f3rakoztat\u00f3iparban, hogy m\u00e9g ha a Renault Sport kiadott volna egy \u00fajabb, szinte t\u00f6k\u00e9letes Clio-t, az sem biztos, hogy el\u00e9g lett volna.<\/p>\n<p>A k\u00f6vetkez\u0151 \u00e9vekben a Peugeot a Peugeot 208 GTi speci\u00e1lis v\u00e1ltozataival tal\u00e1lt n\u00e9mi form\u00e1t , \u00e9s a Mini id\u0151nk\u00e9nt el\u00e9rte az ide\u00e1lis szintet a Cooper S-sel, de ez sosem volt el\u00e9g. Azt\u00e1n megszil\u00e1rd\u00edtotta uralm\u00e1t azzal, hogy a k\u00f6vetkez\u0151 gener\u00e1ci\u00f3ban \u2013 b\u00e1r most eggyel kevesebb hengerrel \u2013 \u00fajra\u00e9rtelmezte a szinte t\u00f6k\u00e9letes Fiesta ST-t. Ez a h\u00e1romhengeres Mk8 \u2013 amely jelenleg a szalonokban van \u2013, az, amelyet nem lehet elker\u00fclni, hogy megeml\u00edts\u00fcnk, amikor a h\u00e9t k\u00f6z\u00fati tesztj\u00e9r\u0151l besz\u00e9l\u00fcnk. 2017 el\u0151tt a Hyundai m\u00e9g csak bele sem kezdett a gyors ferdeh\u00e1t\u00faak m\u0171v\u00e9szet\u00e9be, de a nyers gy\u00e9m\u00e1nt Hyundai i30 N megmutatta, hogy tudja, mi a fontos. A potenci\u00e1l egy\u00e9rtelm\u0171 volt. Most, a Hyundai i20 N- nel , meg akarja d\u00f6nteni az elm\u00falt \u00e9vtized vitathatatlanul leggyorsabb kisaut\u00f3j\u00e1t, \u00e9s maga akar lenni a kateg\u00f3ria domin\u00e1ns ereje.<br \/>\nEnnek \u00e9rdek\u00e9ben az i20 N-t nagyfok\u00fa c\u00e9ltudatoss\u00e1ggal \u00e9s a hajt\u00e1sl\u00e1nc sz\u00e9lesk\u00f6r\u0171 konfigur\u00e1lhat\u00f3s\u00e1g\u00e1val tervezt\u00e9k, de emellett rengeteg felszerelts\u00e9ggel rendelkezik \u00e9s praktikus is. A Hyundai egy\u00e9rtelm\u0171en az i20-as sorozat legmen\u0151bb modellj\u00e9t k\u00e9pzelte el a kateg\u00f3ri\u00e1j\u00e1nak legjobb aut\u00f3jak\u00e9nt, sz\u00f3val vajon siker\u00fclt-e neki?<\/p>\n<p>A Hyundai i20 k\u00edn\u00e1lata sz\u0171k\u00f6s, a k\u00e9t motorv\u00e1laszt\u00e9k vagy egy h\u00e1romhengeres, 1,0 literes turb\u00f3felt\u00f6lt\u0151s mild hibrid benzinmotor, amely manu\u00e1lis vagy duplakuplungos automata sebess\u00e9gv\u00e1lt\u00f3val kaphat\u00f3, vagy a cs\u00facsmodell N-ben tal\u00e1lhat\u00f3 n\u00e9gyhengeres, 1,6 literes turb\u00f3felt\u00f6lt\u0151s benzinmotor, amely kiz\u00e1r\u00f3lag manu\u00e1lis sebess\u00e9gv\u00e1lt\u00f3val p\u00e1ros\u00edthat\u00f3.<br \/>\nAz N Line modellekben a kisebb egys\u00e9g teljes\u00edtm\u00e9nye 99 l\u00f3er\u0151r\u0151l 118 l\u00f3er\u0151re cs\u00f6kkent, b\u00e1r a 201 l\u00f3er\u0151s 1,6 literes az egyetlen motor, amely er\u0151s teljes\u00edtm\u00e9nyt k\u00edn\u00e1l.<br \/>\nA felszerelts\u00e9gi szintek az SE Connectt\u0151l az Ultimate-ig terjednek, kiv\u00e9ve a teljes N-specifik\u00e1ci\u00f3j\u00fa aut\u00f3t, amely egy fix men\u00fcb\u0151l \u00e1ll.<\/p>\n","protected":false},"excerpt":{"rendered":"<p>A csillog\u00e1s megsz\u0171nt, \u00c9vi pedig egyre m\u00e9lyebbre s\u00fcllyedt. El\u0151bb p\u00e1nikrohamok, majd kezel\u00e9sek, v\u00e9g\u00fcl pszichi\u00e1triai k\u00f3rk\u00e9pek k\u00f6vett\u00e9k egym\u00e1st. A sajt\u00f3 m\u00e1r&#8230; <span class=\"gridview-grid-post-read-more\"><a href=\"https:\/\/matrend.hu\/nekedinfo\/igy-ert-veget-bb-evi-elete\/\">read more<span class=\"gridview-sr-only\"> \u00cdgy \u00e9rt v\u00e9get BB \u00c9vi \u00e9lete<\/span><\/a><\/span><\/p>\n","protected":false},"author":1,"featured_media":5344,"comment_status":"open","ping_status":"open","sticky":false,"template":"","format":"standard","meta":{"footnotes":""},"categories":[1],"tags":[],"class_list":["post-5343","post","type-post","status-publish","format-standard","has-post-thumbnail","hentry","category-egyeb","wpcat-1-id"],"_links":{"self":[{"href":"https:\/\/matrend.hu\/nekedinfo\/wp-json\/wp\/v2\/posts\/5343","targetHints":{"allow":["GET"]}}],"collection":[{"href":"https:\/\/matrend.hu\/nekedinfo\/wp-json\/wp\/v2\/posts"}],"about":[{"href":"https:\/\/matrend.hu\/nekedinfo\/wp-json\/wp\/v2\/types\/post"}],"author":[{"embeddable":true,"href":"https:\/\/matrend.hu\/nekedinfo\/wp-json\/wp\/v2\/users\/1"}],"replies":[{"embeddable":true,"href":"https:\/\/matrend.hu\/nekedinfo\/wp-json\/wp\/v2\/comments?post=5343"}],"version-history":[{"count":1,"href":"https:\/\/matrend.hu\/nekedinfo\/wp-json\/wp\/v2\/posts\/5343\/revisions"}],"predecessor-version":[{"id":5345,"href":"https:\/\/matrend.hu\/nekedinfo\/wp-json\/wp\/v2\/posts\/5343\/revisions\/5345"}],"wp:featuredmedia":[{"embeddable":true,"href":"https:\/\/matrend.hu\/nekedinfo\/wp-json\/wp\/v2\/media\/5344"}],"wp:attachment":[{"href":"https:\/\/matrend.hu\/nekedinfo\/wp-json\/wp\/v2\/media?parent=5343"}],"wp:term":[{"taxonomy":"category","embeddable":true,"href":"https:\/\/matrend.hu\/nekedinfo\/wp-json\/wp\/v2\/categories?post=5343"},{"taxonomy":"post_tag","embeddable":true,"href":"https:\/\/matrend.hu\/nekedinfo\/wp-json\/wp\/v2\/tags?post=5343"}],"curies":[{"name":"wp","href":"https:\/\/api.w.org\/{rel}","templated":true}]}}