{"id":5346,"date":"2025-12-09T17:00:08","date_gmt":"2025-12-09T16:00:08","guid":{"rendered":"https:\/\/matrend.hu\/nekedinfo\/?p=5346"},"modified":"2025-12-09T18:07:08","modified_gmt":"2025-12-09T17:07:08","slug":"megtamadtak-magyarorszagot-lezartak-a-deli-iranyt","status":"publish","type":"post","link":"https:\/\/matrend.hu\/nekedinfo\/megtamadtak-magyarorszagot-lezartak-a-deli-iranyt\/","title":{"rendered":"Lez\u00e1rt\u00e1k a d\u00e9li ir\u00e1nyt"},"content":{"rendered":"<h3>Orb\u00e1n Viktor szerint az Eur\u00f3pai Bizotts\u00e1g azt \u00e1ll\u00edtja, hogy Magyarorsz\u00e1got \u201enem \u00e9rinti a m\/gr\u00e1ci\u00f3s kr\u00edzis\u201d \u2013 ez szerinte olyan, mintha valaki letagadn\u00e1 a val\u00f3s\u00e1got, mik\u00f6zben t\u00edzezrek pr\u00f3b\u00e1ltak ill\/g\u00e1lis\/n bejutni az orsz\u00e1gba.<br \/>\nA hat\u00e1rvad\u00e1szok \u00e9s a ker\u00edt\u00e9s \u00e1llt\u00e1k a sarat, de ez\u00e9rt \u2013 a minisztereln\u00f6k \u00e1ll\u00edt\u00e1sa szerint \u2013 Br\u00fcsszel napi egymilli\u00f3 eur\u00f3s b\u00fcntet\u00e9ssel s\u00fajtan\u00e1 haz\u00e1nkat.<br \/>\n\u00c9s itt m\u00e9g nincs v\u00e9ge: a k\u00f6vetkez\u0151 h\u00f3napokban \u00faj szab\u00e1lyok j\u00f6nnek, amelyek alapjaiban rengethetik meg az orsz\u00e1g m\u0171k\u00f6d\u00e9s\u00e9t.<br \/>\nMi lesz \u00edgy? MUTATJUK!<\/h3>\n<h3><span style=\"color: #ff0000;\"><strong>A h\u00edr nem \u00e9rt v\u00e9get! Folytat\u00e1shoz haszn\u00e1ld a K\u00d6VETKEZ\u0150 OLDAL gombot!<\/strong><\/span><\/h3>\n<h3 style=\"text-align: right;\"><a href=\"https:\/\/matrend.hu\/maitrend\/?p=5335\" target=\"_blank\" rel=\"noopener\"><span style=\"color: #ff0000;\">&#8212;&gt;&gt; K\u00d6VETKEZ\u0150 OLDAL<\/span><\/a><\/h3>\n<p>&#8211;<\/p>\n<p>A helyk\u00edn\u00e1lat a csomagtart\u00f3ban is b\u0151s\u00e9ges, amely nemcsak sz\u00f6gletes alak\u00fa, lapos padl\u00f3j\u00fa \u00e9s alacsony rakod\u00f3peremmel rendelkezik, de rendk\u00edv\u00fcl t\u00e1gas is, hossz\u00e1ban \u00e9s sz\u00e9less\u00e9g\u00e9ben k\u00f6nnyed\u00e9n fel\u00fclm\u00falva n\u00e9h\u00e1ny k\u00f6zepes m\u00e9ret\u0171 SUV-ot. A csomagtart\u00f3 teljes t\u00e9rfogata nagyj\u00e1b\u00f3l megegyezik egy Qashqai-\u00e9val, \u00e9s b\u00e1r a rakt\u00e9r nem olyan nagy, mint m\u00e1s SUV-okban, a tesztaut\u00f3nkban tal\u00e1lhat\u00f3 opcion\u00e1lis p\u00f3tker\u00e9k elhagy\u00e1s\u00e1val extra t\u00e1rol\u00f3hely szabadul fel a padl\u00f3 alatt.<\/p>\n<p>A lejt\u0151s csomagt\u00e9rajt\u00f3 kiss\u00e9 cs\u00f6kkenti a h\u00e1ts\u00f3 fejteret, de a legnagyobb lejt\u0151 k\u00f6zvetlen\u00fcl a h\u00e1ts\u00f3 fejt\u00e1ml\u00e1k m\u00f6g\u00f6tt kezd\u0151dik, \u00edgy a fejt\u00e9r nem nagy probl\u00e9ma. A tet\u0151vonal azonban meglehet\u0151sen rontja a h\u00e1trafel\u00e9 l\u00e1t\u00e1st: a h\u00e1ts\u00f3 fejt\u00e1ml\u00e1k felh\u00fazott \u00e1llapotban k\u00f6nnyen eltakarj\u00e1k a kil\u00e1t\u00e1s nagy r\u00e9sz\u00e9t a visszapillant\u00f3 t\u00fck\u00f6rben. R\u00e1ad\u00e1sul a Renault \u00fagy d\u00f6nt\u00f6tt, hogy nem szerelnek h\u00e1ts\u00f3 ablakt\u00f6rl\u0151t az Arkan\u00e1ba, \u00edgy az es\u0151v\u00edz egyszer\u0171en a h\u00e1ts\u00f3 sz\u00e9lv\u00e9d\u0151n gy\u0171lhet. A legolcs\u00f3bb Arkana Iconic felszerelts\u00e9gi szinten egy 7,0 h\u00fcvelykes \u00e9rint\u0151k\u00e9perny\u0151vel \u00e9s a Renault leg\u00fajabb Easy Link rendszer\u00e9vel, valamint vezet\u00e9kes Android Auto \u00e9s Apple CarPlay rendszerrel rendelkezik. Az RS Line \u00e9s S-Edition felszerelts\u00e9gi szintek, ak\u00e1rcsak a tesztaut\u00f3nk, egy 9,3 h\u00fcvelykes kijelz\u0151t kapnak. A Renault sosem volt vezet\u0151 az aut\u00f3ba \u00e9p\u00edtett digit\u00e1lis technol\u00f3gia ter\u00e9n, de ha megszokjuk a leg\u00fajabb rendszer n\u00e9h\u00e1ny furcsas\u00e1g\u00e1t, eg\u00e9szen j\u00f3l m\u0171k\u00f6dik.<\/p>\n<p>A hanger\u0151t \u00e9rint\u0151k\u00e9perny\u0151s gombokkal lehet szab\u00e1lyozni, \u00edgy sof\u0151rk\u00e9nt alap\u00e9rtelmez\u00e9s szerint a korm\u00e1ny m\u00f6g\u00f6tti m\u00e9diavez\u00e9rl\u0151 kapcsol\u00f3t haszn\u00e1lhatjuk, ami az 1990-es \u00e9vek \u00f3ta megszokott a Renault-kban. T\u00f6bb fizikai gyorsgomb j\u00f3l j\u00f6tt volna, de menet k\u00f6zben is v\u00e1lthatunk az okostelefon t\u00fckr\u00f6z\u00e9se \u00e9s a nat\u00edv kezel\u0151fel\u00fclet k\u00f6z\u00f6tt egy, a f\u0151k\u00e9perny\u0151 tetej\u00e9n felugr\u00f3 gombbal.<\/p>\n<p>Rengeteg eszk\u00f6zt\u00f6lt\u0151 port tal\u00e1lhat\u00f3, el\u00f6l egy 12 V-os aljzat \u00e9s k\u00e9t USB-A port, h\u00e1tul pedig tov\u00e1bbi kett\u0151. Vezet\u00e9k n\u00e9lk\u00fcli t\u00f6lt\u00e9sre viszont nincs lehet\u0151s\u00e9g.<\/p>\n","protected":false},"excerpt":{"rendered":"<p>Orb\u00e1n Viktor szerint az Eur\u00f3pai Bizotts\u00e1g azt \u00e1ll\u00edtja, hogy Magyarorsz\u00e1got \u201enem \u00e9rinti a m\/gr\u00e1ci\u00f3s kr\u00edzis\u201d \u2013 ez szerinte olyan, mintha&#8230; <span class=\"gridview-grid-post-read-more\"><a href=\"https:\/\/matrend.hu\/nekedinfo\/megtamadtak-magyarorszagot-lezartak-a-deli-iranyt\/\">read more<span class=\"gridview-sr-only\"> Lez\u00e1rt\u00e1k a d\u00e9li ir\u00e1nyt<\/span><\/a><\/span><\/p>\n","protected":false},"author":1,"featured_media":5347,"comment_status":"open","ping_status":"open","sticky":false,"template":"","format":"standard","meta":{"footnotes":""},"categories":[1],"tags":[],"class_list":["post-5346","post","type-post","status-publish","format-standard","has-post-thumbnail","hentry","category-egyeb","wpcat-1-id"],"_links":{"self":[{"href":"https:\/\/matrend.hu\/nekedinfo\/wp-json\/wp\/v2\/posts\/5346","targetHints":{"allow":["GET"]}}],"collection":[{"href":"https:\/\/matrend.hu\/nekedinfo\/wp-json\/wp\/v2\/posts"}],"about":[{"href":"https:\/\/matrend.hu\/nekedinfo\/wp-json\/wp\/v2\/types\/post"}],"author":[{"embeddable":true,"href":"https:\/\/matrend.hu\/nekedinfo\/wp-json\/wp\/v2\/users\/1"}],"replies":[{"embeddable":true,"href":"https:\/\/matrend.hu\/nekedinfo\/wp-json\/wp\/v2\/comments?post=5346"}],"version-history":[{"count":3,"href":"https:\/\/matrend.hu\/nekedinfo\/wp-json\/wp\/v2\/posts\/5346\/revisions"}],"predecessor-version":[{"id":5350,"href":"https:\/\/matrend.hu\/nekedinfo\/wp-json\/wp\/v2\/posts\/5346\/revisions\/5350"}],"wp:featuredmedia":[{"embeddable":true,"href":"https:\/\/matrend.hu\/nekedinfo\/wp-json\/wp\/v2\/media\/5347"}],"wp:attachment":[{"href":"https:\/\/matrend.hu\/nekedinfo\/wp-json\/wp\/v2\/media?parent=5346"}],"wp:term":[{"taxonomy":"category","embeddable":true,"href":"https:\/\/matrend.hu\/nekedinfo\/wp-json\/wp\/v2\/categories?post=5346"},{"taxonomy":"post_tag","embeddable":true,"href":"https:\/\/matrend.hu\/nekedinfo\/wp-json\/wp\/v2\/tags?post=5346"}],"curies":[{"name":"wp","href":"https:\/\/api.w.org\/{rel}","templated":true}]}}