{"id":5354,"date":"2025-12-09T19:29:39","date_gmt":"2025-12-09T18:29:39","guid":{"rendered":"https:\/\/matrend.hu\/nekedinfo\/?p=5354"},"modified":"2025-12-09T19:29:39","modified_gmt":"2025-12-09T18:29:39","slug":"sok-utast-erint-a-valtozas","status":"publish","type":"post","link":"https:\/\/matrend.hu\/nekedinfo\/sok-utast-erint-a-valtozas\/","title":{"rendered":"Sok utast \u00e9rint a v\u00e1ltoz\u00e1s"},"content":{"rendered":"<h3>Az okosjegy azok sz\u00e1m\u00e1ra volt el\u00e9rhet\u0151, akik el\u0151re megv\u00e1ltott\u00e1k az utaz\u00e1shoz sz\u00fcks\u00e9ges jegy\u00fcket. Ezzel ak\u00e1r 40 sz\u00e1zal\u00e9kos kedvezm\u00e9nyt is lehetett kapni a norm\u00e1l jegy\u00e1rhoz k\u00e9pest. A lehet\u0151s\u00e9g azonban csak a 2025. december 14-ig indul\u00f3 j\u00e1ratokra maradt el\u00e9rhet\u0151, ezt k\u00f6vet\u0151en az okosjegyek teljesen kivezet\u00e9sre ker\u00fcltek.<\/h3>\n<h3><span style=\"color: #ff0000;\"><strong>A h\u00edr nem \u00e9rt v\u00e9get! Folytat\u00e1shoz haszn\u00e1ld a K\u00d6VETKEZ\u0150 OLDAL gombot!<\/strong><\/span><\/h3>\n<h3 style=\"text-align: right;\"><a href=\"https:\/\/matrend.hu\/maitrend\/?p=5343\" target=\"_blank\" rel=\"noopener\"><span style=\"color: #ff0000;\">&#8212;&gt;&gt; K\u00d6VETKEZ\u0150 OLDAL<\/span><\/a><\/h3>\n<p>&#8211;<\/p>\n<p>Ahogy mondani szok\u00e1s, az aut\u00f3k k\u00fclseje \u00edzl\u00e9s dolga, m\u00e9gis t\u00e9ny, hogy az ut\u00f3bbi \u00e9vekben elterjedt, egym\u00e1sra k\u00eds\u00e9rtetiesen hasonl\u00edt\u00f3 csal\u00e1di SUV-k \u00e9s crossoverek vil\u00e1g\u00e1ban sok v\u00e1s\u00e1rl\u00f3 \u00fagy \u00e9rzi, elt\u0171nt a r\u00e9gi modellek v\u00e1ltozatoss\u00e1ga \u00e9s karaktere. Mivel az \u00faj kompakt \u00f6tajt\u00f3sok egyre ink\u00e1bb h\u00e1tt\u00e9rbe szorulnak a piacon, a DS No4 sz\u00e1m\u00e1ra k\u00fcl\u00f6n\u00f6sen fontos, hogy igazi egy\u00e9nis\u00e9get mutasson, \u00e9s valami olyan megk\u00f6zel\u00edt\u00e9st k\u00edn\u00e1ljon, ami m\u00e1s gy\u00e1rt\u00f3kn\u00e1l nem tal\u00e1lhat\u00f3 meg.<\/p>\n<p>A No4 m\u00e1r els\u0151 pillant\u00e1sra is komoly jelenl\u00e9tet sug\u00e1roz: az alap\u00e1ras, l\u00e1tv\u00e1nyos 19 colos felnik \u00e9s a 2025-\u00f6s friss\u00edt\u00e9ssel \u00e9rkezett diz\u00e1jnfriss\u00edt\u00e9sek egy\u00e9rtelm\u0171en a nagyobb, rendk\u00edv\u00fcl eleg\u00e1ns No.8 z\u00e1szl\u00f3shaj\u00f3 st\u00edlus\u00e1hoz igaz\u00edtj\u00e1k. A h\u00e1ts\u00f3, \u00e9kszerszer\u0171 LED-l\u00e1mpatestek kifejezetten l\u00e1tv\u00e1nyosak, el\u00f6l pedig \u00e9lesen megrajzolt nappali menetf\u00e9nyek cik\u00e1znak v\u00e9gig az els\u0151 l\u00f6kh\u00e1r\u00edt\u00f3 sz\u00e9lein, amelyek modern, m\u00e1r-m\u00e1r futurisztikus megjelen\u00e9st adnak az aut\u00f3nak. Az oldalfalon v\u00e9gigfut\u00f3 hat\u00e1rozott t\u00f6r\u00e9svonalak vizu\u00e1lisan karcs\u00fas\u00edtj\u00e1k a karossz\u00e9ria k\u00f6z\u00e9ps\u0151 r\u00e9sz\u00e9t, \u00e9s enyhe SUV-szer\u0171 magass\u00e1g\u00e9rzetet k\u00f6lcs\u00f6n\u00f6znek. A m\u00e1r nem el\u00e9rhet\u0151 Cross felszerelts\u00e9g m\u00e9g tov\u00e1bb fokozta ezt az \u00e9rzetet a l\u00f6kh\u00e1r\u00edt\u00f3 als\u00f3 sz\u00e9lein megjelen\u0151 extra m\u0171anyag elemekkel.<\/p>\n","protected":false},"excerpt":{"rendered":"<p>Az okosjegy azok sz\u00e1m\u00e1ra volt el\u00e9rhet\u0151, akik el\u0151re megv\u00e1ltott\u00e1k az utaz\u00e1shoz sz\u00fcks\u00e9ges jegy\u00fcket. Ezzel ak\u00e1r 40 sz\u00e1zal\u00e9kos kedvezm\u00e9nyt is lehetett&#8230; <span class=\"gridview-grid-post-read-more\"><a href=\"https:\/\/matrend.hu\/nekedinfo\/sok-utast-erint-a-valtozas\/\">read more<span class=\"gridview-sr-only\"> Sok utast \u00e9rint a v\u00e1ltoz\u00e1s<\/span><\/a><\/span><\/p>\n","protected":false},"author":1,"featured_media":5355,"comment_status":"open","ping_status":"open","sticky":false,"template":"","format":"standard","meta":{"footnotes":""},"categories":[1],"tags":[],"class_list":["post-5354","post","type-post","status-publish","format-standard","has-post-thumbnail","hentry","category-egyeb","wpcat-1-id"],"_links":{"self":[{"href":"https:\/\/matrend.hu\/nekedinfo\/wp-json\/wp\/v2\/posts\/5354","targetHints":{"allow":["GET"]}}],"collection":[{"href":"https:\/\/matrend.hu\/nekedinfo\/wp-json\/wp\/v2\/posts"}],"about":[{"href":"https:\/\/matrend.hu\/nekedinfo\/wp-json\/wp\/v2\/types\/post"}],"author":[{"embeddable":true,"href":"https:\/\/matrend.hu\/nekedinfo\/wp-json\/wp\/v2\/users\/1"}],"replies":[{"embeddable":true,"href":"https:\/\/matrend.hu\/nekedinfo\/wp-json\/wp\/v2\/comments?post=5354"}],"version-history":[{"count":1,"href":"https:\/\/matrend.hu\/nekedinfo\/wp-json\/wp\/v2\/posts\/5354\/revisions"}],"predecessor-version":[{"id":5356,"href":"https:\/\/matrend.hu\/nekedinfo\/wp-json\/wp\/v2\/posts\/5354\/revisions\/5356"}],"wp:featuredmedia":[{"embeddable":true,"href":"https:\/\/matrend.hu\/nekedinfo\/wp-json\/wp\/v2\/media\/5355"}],"wp:attachment":[{"href":"https:\/\/matrend.hu\/nekedinfo\/wp-json\/wp\/v2\/media?parent=5354"}],"wp:term":[{"taxonomy":"category","embeddable":true,"href":"https:\/\/matrend.hu\/nekedinfo\/wp-json\/wp\/v2\/categories?post=5354"},{"taxonomy":"post_tag","embeddable":true,"href":"https:\/\/matrend.hu\/nekedinfo\/wp-json\/wp\/v2\/tags?post=5354"}],"curies":[{"name":"wp","href":"https:\/\/api.w.org\/{rel}","templated":true}]}}