{"id":5357,"date":"2025-12-10T16:30:25","date_gmt":"2025-12-10T15:30:25","guid":{"rendered":"https:\/\/matrend.hu\/nekedinfo\/?p=5357"},"modified":"2025-12-10T16:30:25","modified_gmt":"2025-12-10T15:30:25","slug":"ujabb-fejlemenyek-a-szolo-utcan","status":"publish","type":"post","link":"https:\/\/matrend.hu\/nekedinfo\/ujabb-fejlemenyek-a-szolo-utcan\/","title":{"rendered":"\u00dajabb fejlem\u00e9nyek a Sz\u0151l\u0151 utc\u00e1n!"},"content":{"rendered":"<h3>Kov\u00e1cs-Buna K\u00e1roly, a Sz\u0151l\u0151 utcai ja\/\u00edt\u00f3\/nt\u00e9zet megb\u00edzott vezet\u0151je azt k\u00f6vet\u0151en d\u00f6nt\u00f6tt a t\u00e1voz\u00e1s mellett, hogy olyan fe\/v\u00e9t\/lek ker\u00fcltek ny\/lv\u00e1n\/s\/\u00e1gra r\u00f3la, amelyeken az l\u00e1that\u00f3, hogy el\u0151bb be\/eve\/i az int\u00e9zet egyik fi\/tal lak\u00f3j\u00e1nak fe\/\u00e9t a pa\/ba, majd ki\/\u00e1ng\/tja onnan, a f\u00f6l\/\u00f6n fe\/v\u0151 fi\/ra r\u00e1\/\u00e9p, be\/er\/g, r\u00e1\/gat\/a, \u00e9s a fa\/hoz szor\u00edtja.<\/h3>\n<h3><span style=\"color: #ff0000;\"><strong>A h\u00edr nem \u00e9rt v\u00e9get! Folytat\u00e1shoz haszn\u00e1ld a K\u00d6VETKEZ\u0150 OLDAL gombot!<\/strong><\/span><\/h3>\n<h3 style=\"text-align: right;\"><a href=\"https:\/\/matrend.hu\/maitrend\/?p=5346\" target=\"_blank\" rel=\"noopener\"><span style=\"color: #ff0000;\">&#8212;&gt;&gt; K\u00d6VETKEZ\u0150 OLDAL<\/span><\/a><\/h3>\n<p>&#8211;<\/p>\n<p>A kor\u00e1bbi Toyota-hibridekn\u00e9l gyakran \u00e9rezhet\u0151 volt, hogy amikor a sof\u0151r teljes er\u0151t k\u00e9r, a CVT v\u00e1lt\u00f3 magas fordulatsz\u00e1mon tartja a motort, ami egy monoton, kiss\u00e9 term\u00e9szetellenes hangot eredm\u00e9nyez. A Prius \u00faj gener\u00e1ci\u00f3j\u00e1ban ezt a jelens\u00e9get siker\u00fclt szinte teljesen elt\u00fcntetni. Ebben seg\u00edt egyr\u00e9szt az, hogy az elektromos motor m\u00e1r \u00f6nmag\u00e1ban is el\u00e9g er\u0151s ahhoz, hogy ritk\u00e1n kelljen a benzinmotort igaz\u00e1n megdolgoztatni, m\u00e1sr\u00e9szt a jobb hangszigetel\u00e9s is hozz\u00e1j\u00e1rul, \u00edgy m\u00e9g ha fel is t\u0171nik a CVT-re jellemz\u0151 hang, az sokkal t\u00e1volibbnak \u00e9s kev\u00e9sb\u00e9 zavar\u00f3nak hat.<\/p>\n<p>A Prius hosszabb karossz\u00e9ri\u00e1ja miatt nem mindig olyan k\u00f6nny\u0171 vele apr\u00f3 parkol\u00f3helyekre be\u00e1llni, mint n\u00e9h\u00e1ny kompaktabb riv\u00e1lissal, de ezt a h\u00e1tr\u00e1nyt hat\u00e9konyan ellens\u00falyozza a nagyfelbont\u00e1s\u00fa kamer\u00e1k sora, amelyek jelent\u0151sen megk\u00f6nny\u00edtik a man\u0151verez\u00e9st sz\u0171k helyeken.<\/p>\n<p>A 19 colos felnik ellen\u00e9re az aut\u00f3 fut\u00f3m\u0171ve meglep\u0151en kifinomult. Alacsony sebess\u00e9gn\u00e9l is kellemesen sima, nincs benne az a zakatol\u00f3 nyersess\u00e9g, amit m\u00e1s modellekn\u00e9l gyakran \u00e9rz\u00fcnk hasonl\u00f3 ker\u00e9km\u00e9rettel. Ez a kifinomults\u00e1g nem meglep\u0151, hiszen a Prius a h\u00e1ts\u00f3 tengelyn\u00e9l fejlett, kett\u0151s keresztleng\u0151karos fut\u00f3m\u0171vet haszn\u00e1l, ami a kateg\u00f3ri\u00e1ban kifejezetten pr\u00e9mium megold\u00e1snak sz\u00e1m\u00edt.<\/p>\n","protected":false},"excerpt":{"rendered":"<p>Kov\u00e1cs-Buna K\u00e1roly, a Sz\u0151l\u0151 utcai ja\/\u00edt\u00f3\/nt\u00e9zet megb\u00edzott vezet\u0151je azt k\u00f6vet\u0151en d\u00f6nt\u00f6tt a t\u00e1voz\u00e1s mellett, hogy olyan fe\/v\u00e9t\/lek ker\u00fcltek ny\/lv\u00e1n\/s\/\u00e1gra r\u00f3la,&#8230; <span class=\"gridview-grid-post-read-more\"><a href=\"https:\/\/matrend.hu\/nekedinfo\/ujabb-fejlemenyek-a-szolo-utcan\/\">read more<span class=\"gridview-sr-only\"> \u00dajabb fejlem\u00e9nyek a Sz\u0151l\u0151 utc\u00e1n!<\/span><\/a><\/span><\/p>\n","protected":false},"author":1,"featured_media":5358,"comment_status":"open","ping_status":"open","sticky":false,"template":"","format":"standard","meta":{"footnotes":""},"categories":[1],"tags":[],"class_list":["post-5357","post","type-post","status-publish","format-standard","has-post-thumbnail","hentry","category-egyeb","wpcat-1-id"],"_links":{"self":[{"href":"https:\/\/matrend.hu\/nekedinfo\/wp-json\/wp\/v2\/posts\/5357","targetHints":{"allow":["GET"]}}],"collection":[{"href":"https:\/\/matrend.hu\/nekedinfo\/wp-json\/wp\/v2\/posts"}],"about":[{"href":"https:\/\/matrend.hu\/nekedinfo\/wp-json\/wp\/v2\/types\/post"}],"author":[{"embeddable":true,"href":"https:\/\/matrend.hu\/nekedinfo\/wp-json\/wp\/v2\/users\/1"}],"replies":[{"embeddable":true,"href":"https:\/\/matrend.hu\/nekedinfo\/wp-json\/wp\/v2\/comments?post=5357"}],"version-history":[{"count":1,"href":"https:\/\/matrend.hu\/nekedinfo\/wp-json\/wp\/v2\/posts\/5357\/revisions"}],"predecessor-version":[{"id":5359,"href":"https:\/\/matrend.hu\/nekedinfo\/wp-json\/wp\/v2\/posts\/5357\/revisions\/5359"}],"wp:featuredmedia":[{"embeddable":true,"href":"https:\/\/matrend.hu\/nekedinfo\/wp-json\/wp\/v2\/media\/5358"}],"wp:attachment":[{"href":"https:\/\/matrend.hu\/nekedinfo\/wp-json\/wp\/v2\/media?parent=5357"}],"wp:term":[{"taxonomy":"category","embeddable":true,"href":"https:\/\/matrend.hu\/nekedinfo\/wp-json\/wp\/v2\/categories?post=5357"},{"taxonomy":"post_tag","embeddable":true,"href":"https:\/\/matrend.hu\/nekedinfo\/wp-json\/wp\/v2\/tags?post=5357"}],"curies":[{"name":"wp","href":"https:\/\/api.w.org\/{rel}","templated":true}]}}