{"id":5360,"date":"2025-12-10T17:40:34","date_gmt":"2025-12-10T16:40:34","guid":{"rendered":"https:\/\/matrend.hu\/nekedinfo\/?p=5360"},"modified":"2025-12-10T17:40:34","modified_gmt":"2025-12-10T16:40:34","slug":"ebbe-halt-bele-balazs-peter","status":"publish","type":"post","link":"https:\/\/matrend.hu\/nekedinfo\/ebbe-halt-bele-balazs-peter\/","title":{"rendered":"Ebbe halt bele Bal\u00e1zs P\u00e9ter"},"content":{"rendered":"<h3>Az elm\u00falt h\u00f3napok \u00e1rulkod\u00f3 jeleit m\u00e1r csak most \u00e9rtj\u00fck igaz\u00e1n. Bal\u00e1zs P\u00e9ter nemr\u00e9g nyilatkozta:<br \/>\n\u201eFogy az er\u0151m\u2026 pedig m\u00e9g szeretn\u00e9k \u00e9lni.\u201d Ekkor m\u00e9g kevesen vett\u00e9k komolyan a vallom\u00e1s\u00e1t \u2014 mindenki azt hitte, csak m\u00fal\u00f3 rosszull\u00e9t, egy \u00e1tmeneti testi gyenges\u00e9g. Csakhogy nem az volt. A bar\u00e1tok szerint gyorsan, alattomosan, k\u00f6ny\u00f6rtelen\u00fcl romlott az \u00e1llapota. Egyre t\u00f6bbet volt k\u00f3rh\u00e1zban, egyre ritk\u00e1bban jelent meg nyilv\u00e1nosan.<br \/>\nA hossz\u00fa ideje tart\u00f3, alattomos betegs\u00e9g t\u00e1madta meg a szervezet\u00e9t, amely h\u00f3napr\u00f3l h\u00f3napra elvette minden erej\u00e9t.<br \/>\nA m\u0171v\u00e9sz utols\u00f3 id\u0151szak\u00e1ban sokat fogyott, gyeng\u00e9v\u00e9 v\u00e1lt, \u00e9s b\u00e1r k\u00fczd\u00f6tt, ahogy csak tudott, a betegs\u00e9ggel szemben v\u00e9g\u00fcl nem maradt es\u00e9lye.<br \/>\nA PILLANAT, AMIKOR MINDEN ELVESZETT<\/h3>\n<h3><span style=\"color: #ff0000;\"><strong>A h\u00edr nem \u00e9rt v\u00e9get! Folytat\u00e1shoz haszn\u00e1ld a K\u00d6VETKEZ\u0150 OLDAL gombot!<\/strong><\/span><\/h3>\n<h3 style=\"text-align: right;\"><a href=\"https:\/\/matrend.hu\/maitrend\/?p=5349\" target=\"_blank\" rel=\"noopener\"><span style=\"color: #ff0000;\">&#8212;&gt;&gt; K\u00d6VETKEZ\u0150 OLDAL<\/span><\/a><\/h3>\n<p>&#8211;<\/p>\n<p>Miut\u00e1n le\u00fclt a Polestar 2 vol\u00e1nj\u00e1hoz, tal\u00e1n nem biztos benne, hogy egy sima ferdeh\u00e1t\u00faban vagy egy alacsony terepj\u00e1r\u00f3ban \u00fcl  . A legt\u00f6bb ember der\u00e9kban hajol, hogy az aut\u00f3 a j\u00e1rdaszeg\u00e9lyhez igazodjon. Ha magas vagy, az els\u0151 \u00fcl\u00e9seken nem tal\u00e1lsz k\u00fcl\u00f6n\u00f6sebben b\u0151s\u00e9ges fejteret, h\u00e1tul pedig m\u00e9g kev\u00e9sb\u00e9 (ker\u00fcld a panor\u00e1matet\u0151t, ott nagyobb a fejt\u00e9r), b\u00e1r a l\u00e1bt\u00e9r t\u00e1gasabb, \u00e9s a h\u00e1ts\u00f3 utast\u00e9r \u00f6sszess\u00e9g\u00e9ben t\u00f6bb mint elegend\u0151 a kisebb feln\u0151ttek \u00e9s a n\u00f6vekv\u0151 gyerekek sz\u00e1m\u00e1ra.<\/p>\n<p>A csomagtart\u00f3 t\u00e1gas, 405 literes, ezen fel\u00fcl hasznos, k\u00fcl\u00f6n padl\u00f3 alatti t\u00e1rol\u00f3rekesz is rendelkez\u00e9sre \u00e1ll, valamint n\u00e9h\u00e1ny hasznos r\u00f6gz\u00edt\u0151elem is \u2013 nem utols\u00f3sorban egy oldalir\u00e1nyban kiugr\u00f3 elv\u00e1laszt\u00f3, amely el\u00e9g okos \u00e9s robusztus ahhoz, hogy megakad\u00e1lyozza egy puha t\u00e1ska bejut\u00e1s\u00e1t a rakt\u00e9rbe vezet\u00e9s k\u00f6zben. Van egy szer\u00e9ny \u201ecsomagt\u00e9r\u201d is a t\u00f6lt\u0151k\u00e1belek k\u00fcl\u00f6n t\u00e1rol\u00e1s\u00e1ra, ahogy az el\u0151ny\u00f6s, b\u00e1r a motorh\u00e1ztet\u0151 tov\u00e1bbra sem nyithat\u00f3 t\u00e1vir\u00e1ny\u00edt\u00e1ssal az aut\u00f3 kulcstart\u00f3j\u00e1n kereszt\u00fcl, ami kiss\u00e9 bosszant\u00f3 hi\u00e1nyoss\u00e1g. A vezet\u0151\u00fcl\u00e9sben a l\u00e1bak meglehet\u0151sen laposan \u00e9s egyenesen ny\u00falnak a k\u00e9t, az \u00fcl\u00e9ssel meglehet\u0151sen k\u00f6z\u00e9pen elhelyezett ped\u00e1lp\u00e1r fel\u00e9 (ezek nem mutatnak annyira jobbra d\u0151l\u00e9st, mint ami a bels\u0151 \u00e9g\u00e9s\u0171 motorral hajtott aut\u00f3kra jellemz\u0151), a vezet\u00e9si poz\u00edci\u00f3 pedig sportosan fekv\u0151 \u00e9rzetet kelt. A kil\u00e1t\u00e1s el\u0151re n\u00e9zve el\u00e9g j\u00f3, oldalra \u00e9s a v\u00e1ll f\u00f6l\u00e9 \u00e1tlagos, de a visszapillant\u00f3 t\u00fck\u00f6r\u00f6n kereszt\u00fcl kiss\u00e9 korl\u00e1tozott.<\/p>\n","protected":false},"excerpt":{"rendered":"<p>Az elm\u00falt h\u00f3napok \u00e1rulkod\u00f3 jeleit m\u00e1r csak most \u00e9rtj\u00fck igaz\u00e1n. Bal\u00e1zs P\u00e9ter nemr\u00e9g nyilatkozta: \u201eFogy az er\u0151m\u2026 pedig m\u00e9g szeretn\u00e9k&#8230; <span class=\"gridview-grid-post-read-more\"><a href=\"https:\/\/matrend.hu\/nekedinfo\/ebbe-halt-bele-balazs-peter\/\">read more<span class=\"gridview-sr-only\"> Ebbe halt bele Bal\u00e1zs P\u00e9ter<\/span><\/a><\/span><\/p>\n","protected":false},"author":1,"featured_media":5361,"comment_status":"open","ping_status":"open","sticky":false,"template":"","format":"standard","meta":{"footnotes":""},"categories":[1],"tags":[],"class_list":["post-5360","post","type-post","status-publish","format-standard","has-post-thumbnail","hentry","category-egyeb","wpcat-1-id"],"_links":{"self":[{"href":"https:\/\/matrend.hu\/nekedinfo\/wp-json\/wp\/v2\/posts\/5360","targetHints":{"allow":["GET"]}}],"collection":[{"href":"https:\/\/matrend.hu\/nekedinfo\/wp-json\/wp\/v2\/posts"}],"about":[{"href":"https:\/\/matrend.hu\/nekedinfo\/wp-json\/wp\/v2\/types\/post"}],"author":[{"embeddable":true,"href":"https:\/\/matrend.hu\/nekedinfo\/wp-json\/wp\/v2\/users\/1"}],"replies":[{"embeddable":true,"href":"https:\/\/matrend.hu\/nekedinfo\/wp-json\/wp\/v2\/comments?post=5360"}],"version-history":[{"count":1,"href":"https:\/\/matrend.hu\/nekedinfo\/wp-json\/wp\/v2\/posts\/5360\/revisions"}],"predecessor-version":[{"id":5362,"href":"https:\/\/matrend.hu\/nekedinfo\/wp-json\/wp\/v2\/posts\/5360\/revisions\/5362"}],"wp:featuredmedia":[{"embeddable":true,"href":"https:\/\/matrend.hu\/nekedinfo\/wp-json\/wp\/v2\/media\/5361"}],"wp:attachment":[{"href":"https:\/\/matrend.hu\/nekedinfo\/wp-json\/wp\/v2\/media?parent=5360"}],"wp:term":[{"taxonomy":"category","embeddable":true,"href":"https:\/\/matrend.hu\/nekedinfo\/wp-json\/wp\/v2\/categories?post=5360"},{"taxonomy":"post_tag","embeddable":true,"href":"https:\/\/matrend.hu\/nekedinfo\/wp-json\/wp\/v2\/tags?post=5360"}],"curies":[{"name":"wp","href":"https:\/\/api.w.org\/{rel}","templated":true}]}}