{"id":5370,"date":"2025-12-10T21:00:35","date_gmt":"2025-12-10T20:00:35","guid":{"rendered":"https:\/\/matrend.hu\/nekedinfo\/?p=5370"},"modified":"2025-12-10T21:00:35","modified_gmt":"2025-12-10T20:00:35","slug":"demjen-ferenc-baleseterol-jott-az-info","status":"publish","type":"post","link":"https:\/\/matrend.hu\/nekedinfo\/demjen-ferenc-baleseterol-jott-az-info\/","title":{"rendered":"Demj\u00e9n Ferenc baleset\u00e9r\u0151l j\u00f6tt az inf\u00f3!"},"content":{"rendered":"<h3>S\u00falyos balesetet szenvedett az otthon\u00e1ban. A legend\u00e1s \u00e9nekes combcsontja elt\u00f6rt, a s\u00e9r\u00fcl\u00e9s miatt pedig meg kellett m\u0171teni, \u00e1m kider\u00fclt, hogy gyorsan \u00e9s sikeresen fel\u00e9p\u00fclt. Most m\u00e1r bot n\u00e9lk\u00fcl j\u00e1r, \u00e9s b\u00e1r fut\u00f3versenyre m\u00e9g nem k\u00e9sz\u00fcl, humorral mes\u00e9lt a t\u00f6rt\u00e9ntekr\u0151l. Az \u00e9nekesnek akkor emiatt t\u00f6bb koncertet is el kell halasztania. A menedzsment EZT NYILATKOZTA: MUTATJUK A R\u00c9SZLETEKET!<\/h3>\n<h3><span style=\"color: #ff0000;\"><strong>A h\u00edr nem \u00e9rt v\u00e9get! Folytat\u00e1shoz haszn\u00e1ld a K\u00d6VETKEZ\u0150 OLDAL gombot!<\/strong><\/span><\/h3>\n<h3 style=\"text-align: right;\"><a href=\"https:\/\/matrend.hu\/maitrend\/?p=5358\" target=\"_blank\" rel=\"noopener\"><span style=\"color: #ff0000;\">&#8212;&gt;&gt; K\u00d6VETKEZ\u0150 OLDAL<\/span><\/a><\/h3>\n<p>&#8211;<\/p>\n<p>Santa Fe hibrid \u00e9s plug-in hibrid v\u00e1ltozata v\u00e1rosban \u00e9s r\u00f6videbb utakon kiv\u00e1l\u00f3an teljes\u00edt, csendes \u00e9s kultur\u00e1lt m\u0171k\u00f6d\u00e9st k\u00edn\u00e1l, hosszabb utak sor\u00e1n viszont az elektromos r\u00e1seg\u00edt\u00e9s korl\u00e1tai \u00e9rezhet\u0151k. Aki f\u0151k\u00e9nt aut\u00f3p\u00e1ly\u00e1n j\u00e1r, vagy rendszeresen vontat, k\u00f6nnyen \u00fagy \u00e9rezheti, hogy egy takar\u00e9kos d\u00edzel j\u00f3val logikusabb v\u00e1laszt\u00e1s lenne. Ennek ellen\u00e9re a Santa Fe hibrid megold\u00e1sai j\u00f3l m\u0171k\u00f6dnek, finomak, \u00e9s a rendszer val\u00f3ban igyekszik minden helyzetben a legjobb hat\u00e9konys\u00e1got biztos\u00edtani.<\/p>\n<p>A plug-in hibrid hajt\u00e1sl\u00e1nc ak\u00e1r 33,6 m\u00e9rf\u00f6ldnyi tiszt\u00e1n elektromos k\u00f6zleked\u00e9st k\u00edn\u00e1l a v\u00e1s\u00e1rl\u00f3knak, amit egy 13,8 kWh kapacit\u00e1s\u00fa akkumul\u00e1tor tesz lehet\u0151v\u00e9. Ahogyan minden PHEV eset\u00e9ben, a rendszer hat\u00e9konys\u00e1ga \u00e9s p\u00e9nz\u00fcgyi el\u0151nyei csak akkor \u00e9rv\u00e9nyes\u00fclnek igaz\u00e1n, ha az aut\u00f3t rendszeresen tudjuk t\u00f6lteni munkahelyen vagy otthon, kedvez\u0151 \u00e1ramtarif\u00e1n. Ha valaki nem ebbe a kateg\u00f3ri\u00e1ba tartozik, akkor a j\u00f3val olcs\u00f3bb, \u00e9s gyakorlatilag alig lassabb hagyom\u00e1nyos hibrid Santa Fe sokkal \u00e9sszer\u0171bb v\u00e1laszt\u00e1s marad.<\/p>\n","protected":false},"excerpt":{"rendered":"<p>S\u00falyos balesetet szenvedett az otthon\u00e1ban. A legend\u00e1s \u00e9nekes combcsontja elt\u00f6rt, a s\u00e9r\u00fcl\u00e9s miatt pedig meg kellett m\u0171teni, \u00e1m kider\u00fclt, hogy&#8230; <span class=\"gridview-grid-post-read-more\"><a href=\"https:\/\/matrend.hu\/nekedinfo\/demjen-ferenc-baleseterol-jott-az-info\/\">read more<span class=\"gridview-sr-only\"> Demj\u00e9n Ferenc baleset\u00e9r\u0151l j\u00f6tt az inf\u00f3!<\/span><\/a><\/span><\/p>\n","protected":false},"author":1,"featured_media":5368,"comment_status":"open","ping_status":"open","sticky":false,"template":"","format":"standard","meta":{"footnotes":""},"categories":[1],"tags":[],"class_list":["post-5370","post","type-post","status-publish","format-standard","has-post-thumbnail","hentry","category-egyeb","wpcat-1-id"],"_links":{"self":[{"href":"https:\/\/matrend.hu\/nekedinfo\/wp-json\/wp\/v2\/posts\/5370","targetHints":{"allow":["GET"]}}],"collection":[{"href":"https:\/\/matrend.hu\/nekedinfo\/wp-json\/wp\/v2\/posts"}],"about":[{"href":"https:\/\/matrend.hu\/nekedinfo\/wp-json\/wp\/v2\/types\/post"}],"author":[{"embeddable":true,"href":"https:\/\/matrend.hu\/nekedinfo\/wp-json\/wp\/v2\/users\/1"}],"replies":[{"embeddable":true,"href":"https:\/\/matrend.hu\/nekedinfo\/wp-json\/wp\/v2\/comments?post=5370"}],"version-history":[{"count":1,"href":"https:\/\/matrend.hu\/nekedinfo\/wp-json\/wp\/v2\/posts\/5370\/revisions"}],"predecessor-version":[{"id":5371,"href":"https:\/\/matrend.hu\/nekedinfo\/wp-json\/wp\/v2\/posts\/5370\/revisions\/5371"}],"wp:featuredmedia":[{"embeddable":true,"href":"https:\/\/matrend.hu\/nekedinfo\/wp-json\/wp\/v2\/media\/5368"}],"wp:attachment":[{"href":"https:\/\/matrend.hu\/nekedinfo\/wp-json\/wp\/v2\/media?parent=5370"}],"wp:term":[{"taxonomy":"category","embeddable":true,"href":"https:\/\/matrend.hu\/nekedinfo\/wp-json\/wp\/v2\/categories?post=5370"},{"taxonomy":"post_tag","embeddable":true,"href":"https:\/\/matrend.hu\/nekedinfo\/wp-json\/wp\/v2\/tags?post=5370"}],"curies":[{"name":"wp","href":"https:\/\/api.w.org\/{rel}","templated":true}]}}