{"id":5372,"date":"2025-12-10T21:17:36","date_gmt":"2025-12-10T20:17:36","guid":{"rendered":"https:\/\/matrend.hu\/nekedinfo\/?p=5372"},"modified":"2025-12-10T21:17:36","modified_gmt":"2025-12-10T20:17:36","slug":"kirugtak-nagy-ervint","status":"publish","type":"post","link":"https:\/\/matrend.hu\/nekedinfo\/kirugtak-nagy-ervint\/","title":{"rendered":"Kir\u00fagt\u00e1k Nagy Ervint!"},"content":{"rendered":"<h3>Egy friss interj\u00faban Nagy Ervin kimondta azt, amit sokan csak sejtettek: t\u00f6bb lett a szabadideje, mint a munk\u00e1ja \u2013 nem az\u00e9rt, mert \u00edgy akarta, hanem mert \u201celv\u00e1gt\u00e1k a lehet\u0151s\u00e9geit\u201d. A sz\u00edn\u00e9sz \u00fagy \u00e9rzi, hogy ami\u00f3ta t\u00e1rsadalmi, k\u00e9nyes t\u00e9m\u00e1kr\u00f3l mert hangosan besz\u00e9lni, bizonyos helyeken hirtelen \u201enemk\u00edv\u00e1natoss\u00e1\u201d v\u00e1lt.<br \/>\n\u00c9s ott az RTL\u2026 A Kir\u00e1ly c\u00edm\u0171 sorozat hatalmas siker volt, d\u00edjakkal, n\u00e9zetts\u00e9ggel, szakmai elismer\u00e9sekkel \u2013 a csatorna m\u00e9g csak egy sz\u00f3t sem sz\u00f3lt. Se gratul\u00e1ci\u00f3, se t\u00e1mogat\u00e1s, se elismer\u00e9s. Mintha nem is l\u00e9tezett volna.<br \/>\nNagy Ervin azt mondja: \u201e\u0150k elfelejtettek engem.\u201d De vajon MI\u00c9RT?<br \/>\nEZ \u00c1LL A H\u00c1TT\u00c9RBEN:<\/h3>\n<h3><span style=\"color: #ff0000;\"><strong>A h\u00edr nem \u00e9rt v\u00e9get! Folytat\u00e1shoz haszn\u00e1ld a K\u00d6VETKEZ\u0150 OLDAL gombot!<\/strong><\/span><\/h3>\n<h3 style=\"text-align: right;\"><a href=\"https:\/\/matrend.hu\/maitrend\/?p=5362\" target=\"_blank\" rel=\"noopener\"><span style=\"color: #ff0000;\">&#8212;&gt;&gt; K\u00d6VETKEZ\u0150 OLDAL<\/span><\/a><\/h3>\n<p>&#8211;<\/p>\n<p>Az \u00faj Corolla utastere s\u00f6t\u00e9t m\u0171anyagokb\u00f3l \u00e1ll, melyeket szat\u00e9n kr\u00f3m \u00e9s f\u00e9nyes fekete d\u00edszl\u00e9cek tesznek k\u00fcl\u00f6nlegess\u00e9. Sok modern ferdeh\u00e1t\u00fahoz hasonl\u00f3an ez az utast\u00e9r is eleg\u00e1ns, eleg\u00e1ns hangulatot \u00e1raszt, amely a technol\u00f3gi\u00e1t\u00f3l hemzseg\u0151 digit\u00e1lis korunkat id\u00e9zi, ugyanakkor meglehet\u0151sen monoton \u00e9s klinikai jelleg\u0171, \u00e9s el\u0151ny\u00e9re v\u00e1lna egy kicsit v\u00e1ltozatosabb sz\u00edn- \u00e9s text\u00farav\u00e1laszt\u00e9k.<\/p>\n<p>Azonban nincs hi\u00e1ny a csendesen dr\u00e1ga \u00e9s massz\u00edv \u00e9rzetb\u0151l az aut\u00f3 d\u00edszl\u00e9cei, erezett fel\u00fcletei \u00e9s kapcsol\u00f3i tekintet\u00e9ben; \u00e9s k\u00e9ts\u00e9gtelen, hogy egy visszafogott, de \u00e1that\u00f3 min\u0151s\u00e9g\u0171 konstrukci\u00f3val rendelkez\u0151 pil\u00f3taf\u00fclk\u00e9ben \u00fcl\u00fcnk. A m\u0171szerfal anal\u00f3g \u00e9s digit\u00e1lis m\u0171szereket \u00f6tv\u00f6z, j\u00f3l leolvashat\u00f3 sk\u00e1l\u00e1n jelen\u00edtve meg a motor fordulatsz\u00e1m\u00e1t \u00e9s az \u00fczemanyagszintet \u2013 m\u00e9g akkor is, ha a Toyota hibrid vezet\u00e9si \u00e9lm\u00e9nye jellemz\u0151en n\u00e9mileg \u00e9rtelmetlenn\u00e9 teszi az el\u0151bbiekkel val\u00f3 foglalkoz\u00e1st.<\/p>\n<p>A Toyota Corolla infotainment k\u00edn\u00e1lata meglehet\u0151sen egyszer\u0171. Minden v\u00e1ltozat egy 8,0 h\u00fcvelykes Touch 2 k\u00f6zponti kijelz\u0151t kap, \u00e9s amennyiben a h\u00e1rom magasabb felszerelts\u00e9gi szint egyik\u00e9ben v\u00e1s\u00e1roljuk meg az aut\u00f3t, a rendszer Touch 2 with Go-ra friss\u00edthet\u0151, amely gy\u00e1ri navig\u00e1ci\u00f3val \u00e9s hangvez\u00e9rl\u00e9ssel is rendelkezik.<\/p>\n<p>Messze nem ez a legnagyobb vagy vizu\u00e1lisan legvonz\u00f3bb rendszer a piacon, n\u00e9h\u00e1ny meglehet\u0151sen \u00e1tlagos kin\u00e9zet\u0171 men\u00fck\u00e9perny\u0151vel, r\u00e9szletgazdag navig\u00e1ci\u00f3s t\u00e9rk\u00e9ppel, amely k\u00f6nnyebben programozhat\u00f3 lehetne, \u00e9s n\u00e9mi k\u00e9sleltet\u00e9ssel az ujjbegy-bevitel \u00e9s a v\u00e1lasz k\u00f6z\u00f6tt. A kijelz\u0151 mindk\u00e9t oldal\u00e1n tal\u00e1lhat\u00f3 n\u00e9h\u00e1ny sor fizikai men\u00fcparancs-billenty\u0171 legal\u00e1bb seg\u00edt abban, hogy egyenesen a k\u00edv\u00e1nt k\u00e9perny\u0151re ugorj, \u00e9s a megfelel\u0151 hanger\u0151- \u00e9s hangol\u00f3gombok is seg\u00edtik a haszn\u00e1lhat\u00f3s\u00e1got.<\/p>\n","protected":false},"excerpt":{"rendered":"<p>Egy friss interj\u00faban Nagy Ervin kimondta azt, amit sokan csak sejtettek: t\u00f6bb lett a szabadideje, mint a munk\u00e1ja \u2013 nem&#8230; <span class=\"gridview-grid-post-read-more\"><a href=\"https:\/\/matrend.hu\/nekedinfo\/kirugtak-nagy-ervint\/\">read more<span class=\"gridview-sr-only\"> Kir\u00fagt\u00e1k Nagy Ervint!<\/span><\/a><\/span><\/p>\n","protected":false},"author":1,"featured_media":5373,"comment_status":"open","ping_status":"open","sticky":false,"template":"","format":"standard","meta":{"footnotes":""},"categories":[1],"tags":[],"class_list":["post-5372","post","type-post","status-publish","format-standard","has-post-thumbnail","hentry","category-egyeb","wpcat-1-id"],"_links":{"self":[{"href":"https:\/\/matrend.hu\/nekedinfo\/wp-json\/wp\/v2\/posts\/5372","targetHints":{"allow":["GET"]}}],"collection":[{"href":"https:\/\/matrend.hu\/nekedinfo\/wp-json\/wp\/v2\/posts"}],"about":[{"href":"https:\/\/matrend.hu\/nekedinfo\/wp-json\/wp\/v2\/types\/post"}],"author":[{"embeddable":true,"href":"https:\/\/matrend.hu\/nekedinfo\/wp-json\/wp\/v2\/users\/1"}],"replies":[{"embeddable":true,"href":"https:\/\/matrend.hu\/nekedinfo\/wp-json\/wp\/v2\/comments?post=5372"}],"version-history":[{"count":1,"href":"https:\/\/matrend.hu\/nekedinfo\/wp-json\/wp\/v2\/posts\/5372\/revisions"}],"predecessor-version":[{"id":5374,"href":"https:\/\/matrend.hu\/nekedinfo\/wp-json\/wp\/v2\/posts\/5372\/revisions\/5374"}],"wp:featuredmedia":[{"embeddable":true,"href":"https:\/\/matrend.hu\/nekedinfo\/wp-json\/wp\/v2\/media\/5373"}],"wp:attachment":[{"href":"https:\/\/matrend.hu\/nekedinfo\/wp-json\/wp\/v2\/media?parent=5372"}],"wp:term":[{"taxonomy":"category","embeddable":true,"href":"https:\/\/matrend.hu\/nekedinfo\/wp-json\/wp\/v2\/categories?post=5372"},{"taxonomy":"post_tag","embeddable":true,"href":"https:\/\/matrend.hu\/nekedinfo\/wp-json\/wp\/v2\/tags?post=5372"}],"curies":[{"name":"wp","href":"https:\/\/api.w.org\/{rel}","templated":true}]}}