{"id":5381,"date":"2025-12-11T18:16:37","date_gmt":"2025-12-11T17:16:37","guid":{"rendered":"https:\/\/matrend.hu\/nekedinfo\/?p=5381"},"modified":"2025-12-11T18:16:37","modified_gmt":"2025-12-11T17:16:37","slug":"magyar-peti-varatlan-fordulata","status":"publish","type":"post","link":"https:\/\/matrend.hu\/nekedinfo\/magyar-peti-varatlan-fordulata\/","title":{"rendered":"Magyar Peti v\u00e1ratlan fordulata"},"content":{"rendered":"<h3>M\u00e1r t\u00f6bb mint 48 \u00f3r\u00e1ja terjed a h\u00edr TTOK-on hogy Magyar P\u00e9ter-t le\/art\/zta\/t\u00e1k! Sokak szerint Magyar P\u00e9ter \u00e1rtatlan, \u00e9s \u201epolitikailag motiv\u00e1lt akci\u00f3r\u00f3l\u201d besz\u00e9lt. \u201eNincs ellen\u00fcnk semmilyen val\u00f3di bizony\u00edt\u00e9k. Magyar P\u00e9tert ko\/olt v\u00e1dak alapj\u00e1n vitt\u00e9k el\u201d. A k\u00f6\/\u00f6s\/\u00e9gi m\u00e9di\u00e1ban percek alatt robbant a h\u00edr, \u00e9s r\u00f6gt\u00f6n k\u00e9t t\u00e1bor alakult ki: akik szerint Magyar P\u00e9ter val\u00f3ban s\u00falyos hib\u00e1t k\u00f6vethetett el, illetve akik biztosak abban, hogy csak elhallgattatni pr\u00f3b\u00e1lj\u00e1k. MUTATJUK A R\u00c9SZLETEKET!<\/h3>\n<h3><span style=\"color: #ff0000;\"><strong>A h\u00edr nem \u00e9rt v\u00e9get! Folytat\u00e1shoz haszn\u00e1ld a K\u00d6VETKEZ\u0150 OLDAL gombot!<\/strong><\/span><\/h3>\n<h3 style=\"text-align: right;\"><a href=\"https:\/\/matrend.hu\/maitrend\/?p=5371\" target=\"_blank\" rel=\"noopener\"><span style=\"color: #ff0000;\">&#8212;&gt;&gt; K\u00d6VETKEZ\u0150 OLDAL<\/span><\/a><\/h3>\n<p>&#8211;<\/p>\n<p>Annak ellen\u00e9re, hogy a Nissan Ariya egy viszonylag magas \u00e9p\u00edt\u00e9s\u0171 \u00e9s neh\u00e9z, teljesen elektromos SUV, a mindennapi haszn\u00e1latban kifejezetten kellemes, kiegyens\u00falyozott vezet\u00e9si \u00e9lm\u00e9nyt ny\u00fajt. Pontosan azt a fajta rug\u00f3z\u00e1si komfortot hozza, amit egy csal\u00e1di haszn\u00e1latra tervezett, pr\u00e9mium \u00e9rzet\u0171 elektromos SUV-t\u00f3l elv\u00e1rn\u00e1nk. Az Ariy\u00e1ban a rug\u00f3z\u00e1s l\u00e1gy, de kontroll\u00e1lt, \u00edgy rossz min\u0151s\u00e9g\u0171 utakon is meg\u0151rzi nyugalm\u00e1t, ami hosszabb utaz\u00e1sok sor\u00e1n k\u00fcl\u00f6n\u00f6sen \u00e9rt\u00e9kes tulajdons\u00e1g.<\/p>\n<p>A nagy saj\u00e1t t\u00f6meg ugyanakkor mindig \u00e9rezhet\u0151. A kisebb, 63 kWh-s akkumul\u00e1torral szerelt els\u0151ker\u00e9k-hajt\u00e1s\u00fa Ariya is k\u00f6zel 1.950 kilogrammot nyom, m\u00edg a nagyobb, 87 kWh-s akkuval \u00e9s \u00f6sszker\u00e9khajt\u00e1ssal felszerelt v\u00e1ltozat m\u00e1r 2.220 kilogramm k\u00f6r\u00fcl van. Ha valaki sportosabb vezet\u00e9si \u00e9lm\u00e9nyre v\u00e1gyik, \u00e9s elkezdi gyorsabban terelgetni az aut\u00f3t, a t\u00f6meg hat\u00e1sa gyorsan el\u0151t\u00e9rbe ker\u00fcl. Az Ariya nem olyan j\u00e1t\u00e9kos, mint a dinamizmus\u00e1r\u00f3l ismert Kia EV6, \u00e9s nem is pr\u00f3b\u00e1l annak t\u0171nni. Ink\u00e1bb a stabil, kisz\u00e1m\u00edthat\u00f3 \u00e9s stresszmentes vezet\u00e9sben er\u0151s.<\/p>\n","protected":false},"excerpt":{"rendered":"<p>M\u00e1r t\u00f6bb mint 48 \u00f3r\u00e1ja terjed a h\u00edr TTOK-on hogy Magyar P\u00e9ter-t le\/art\/zta\/t\u00e1k! Sokak szerint Magyar P\u00e9ter \u00e1rtatlan, \u00e9s \u201epolitikailag&#8230; <span class=\"gridview-grid-post-read-more\"><a href=\"https:\/\/matrend.hu\/nekedinfo\/magyar-peti-varatlan-fordulata\/\">read more<span class=\"gridview-sr-only\"> Magyar Peti v\u00e1ratlan fordulata<\/span><\/a><\/span><\/p>\n","protected":false},"author":1,"featured_media":5382,"comment_status":"open","ping_status":"open","sticky":false,"template":"","format":"standard","meta":{"footnotes":""},"categories":[1],"tags":[],"class_list":["post-5381","post","type-post","status-publish","format-standard","has-post-thumbnail","hentry","category-egyeb","wpcat-1-id"],"_links":{"self":[{"href":"https:\/\/matrend.hu\/nekedinfo\/wp-json\/wp\/v2\/posts\/5381","targetHints":{"allow":["GET"]}}],"collection":[{"href":"https:\/\/matrend.hu\/nekedinfo\/wp-json\/wp\/v2\/posts"}],"about":[{"href":"https:\/\/matrend.hu\/nekedinfo\/wp-json\/wp\/v2\/types\/post"}],"author":[{"embeddable":true,"href":"https:\/\/matrend.hu\/nekedinfo\/wp-json\/wp\/v2\/users\/1"}],"replies":[{"embeddable":true,"href":"https:\/\/matrend.hu\/nekedinfo\/wp-json\/wp\/v2\/comments?post=5381"}],"version-history":[{"count":1,"href":"https:\/\/matrend.hu\/nekedinfo\/wp-json\/wp\/v2\/posts\/5381\/revisions"}],"predecessor-version":[{"id":5383,"href":"https:\/\/matrend.hu\/nekedinfo\/wp-json\/wp\/v2\/posts\/5381\/revisions\/5383"}],"wp:featuredmedia":[{"embeddable":true,"href":"https:\/\/matrend.hu\/nekedinfo\/wp-json\/wp\/v2\/media\/5382"}],"wp:attachment":[{"href":"https:\/\/matrend.hu\/nekedinfo\/wp-json\/wp\/v2\/media?parent=5381"}],"wp:term":[{"taxonomy":"category","embeddable":true,"href":"https:\/\/matrend.hu\/nekedinfo\/wp-json\/wp\/v2\/categories?post=5381"},{"taxonomy":"post_tag","embeddable":true,"href":"https:\/\/matrend.hu\/nekedinfo\/wp-json\/wp\/v2\/tags?post=5381"}],"curies":[{"name":"wp","href":"https:\/\/api.w.org\/{rel}","templated":true}]}}