{"id":5384,"date":"2025-12-11T19:22:55","date_gmt":"2025-12-11T18:22:55","guid":{"rendered":"https:\/\/matrend.hu\/nekedinfo\/?p=5384"},"modified":"2025-12-11T19:22:55","modified_gmt":"2025-12-11T18:22:55","slug":"kitalalt-adam-attila-edesapja-curtisrol","status":"publish","type":"post","link":"https:\/\/matrend.hu\/nekedinfo\/kitalalt-adam-attila-edesapja-curtisrol\/","title":{"rendered":"Kit\u00e1lalt \u00c1d\u00e1m Attila \u00e9desapja Curtisr\u0151l"},"content":{"rendered":"<h3>A fesz\u00fclts\u00e9g akkor robbant be a k\u00f6ztudatba, amikor a v\u00e1logat\u00f3kon Curtis kem\u00e9nyen besz\u00f3lt a fi\u00fanak, s\u0151t haza is k\u00fcldte volna \u2013 \u00e1m Herceg Erika megmentette, \u00e9s tov\u00e1bbvitte a saj\u00e1t csapat\u00e1ba.<br \/>\nInnen m\u00e1r nem volt vissza\u00fat: a rajong\u00f3k felh\u00e1borodtak, a csal\u00e1d m\u00e9lyen \u00e9rintett lett, a h\u00e1tt\u00e9rben pedig olyan indulatok szabadultak el, hogy<br \/>\n\u2013 Curtis egy ad\u00e1sba be sem akart \u00fclni,<br \/>\n\u2013 Attila s\u00edrva fontolgatta, hogy feladja a versenyt.<br \/>\nHetekig csak tal\u00e1lgatni lehetett, mi zajlik a kulissz\u00e1k m\u00f6g\u00f6tt, \u00e9s mi\u00e9rt forr ennyire a leveg\u0151. A n\u00e9z\u0151k azt hitt\u00e9k, enn\u00e9l m\u00e9lyebbre m\u00e1r nem s\u00fcllyedhet a konfliktus\u2026 de most kider\u00fclt, hogy a val\u00f3s\u00e1g m\u00e9g enn\u00e9l is dr\u00e1maibb volt:<\/h3>\n<h3><span style=\"color: #ff0000;\"><strong>A h\u00edr nem \u00e9rt v\u00e9get! Folytat\u00e1shoz haszn\u00e1ld a K\u00d6VETKEZ\u0150 OLDAL gombot!<\/strong><\/span><\/h3>\n<h3 style=\"text-align: right;\"><a href=\"https:\/\/matrend.hu\/maitrend\/?p=5374\" target=\"_blank\" rel=\"noopener\"><span style=\"color: #ff0000;\">&#8212;&gt;&gt; K\u00d6VETKEZ\u0150 OLDAL<\/span><\/a><\/h3>\n<p>&#8211;<\/p>\n<p>M\u00e9gis, a fentiek egyike sem az oka annak a bar\u00e1ts\u00e1gos \u201eStelvio-hull\u00e1mnak\u201d. Ink\u00e1bb a meghat\u00e1rozhatatlannak, mint a sz\u00e1mszer\u0171s\u00edthet\u0151nek k\u00f6sz\u00f6nhet\u0151: ahogy ez az aut\u00f3 minden vezet\u00e9st k\u00fcl\u00f6nlegess\u00e9 tesz, eleg\u00e1nsan varrott b\u0151r\u00e9nek minden p\u00f3rus\u00e1b\u00f3l, minden gondosan kidolgozott r\u00e9szlet\u00e9b\u0151l, a n\u00e9gy kipufog\u00f3cs\u0151 minden egyes hangj\u00e1b\u00f3l \u00e9s a hatalmas Pirelli P Zer\u00f3inak minden egyes csiripel\u00e9s\u00e9b\u0151l \u00e1rad\u00f3 karizm\u00e1val. Ezt az \u00e9rz\u00e9st pedig csak feler\u0151s\u00edti a Quadrifoglio, amely a Stelvio b\u00e1j\u00e1t 11-szeres\u00e9re n\u00f6veli azzal, hogy a gyeng\u00e9bb modellek 2,0 literes turb\u00f3s benzinmotorj\u00e1t \u00e9s 2,2 literes n\u00e9gyhengeres turb\u00f3d\u00edzelj\u00e9t a Giulia Quadrifoglio \u00e9s a GTAm modellekben is megosztott, elk\u00e9peszt\u0151 2,9 literes dupla turb\u00f3s V6-os benzinmotorra cser\u00e9lte.<\/p>\n<p>Egy csap\u00e1sra majdnem megdupl\u00e1zza m\u00e9g a leger\u0151sebb opci\u00f3k teljes\u00edtm\u00e9ny\u00e9t is, ami l\u00e9legzetel\u00e1ll\u00edt\u00f3 teljes\u00edtm\u00e9nyt eredm\u00e9nyez, ami teljesen f\u00f6ld\u00f6nt\u00falinak \u00e9rz\u0151dik egy ilyen nagy, neh\u00e9z aut\u00f3ban. Hasonl\u00f3k\u00e9ppen az agilis \u00e9s sz\u00f3rakoztat\u00f3 kezelhet\u0151s\u00e9g, ami j\u00e1t\u00e9kos m\u00f3don nehezen hihet\u0151 egy magas SUV-n\u00e1l, term\u00e9szetes m\u00f3don hajlamos a t\u00falkorm\u00e1nyz\u00e1sra \u00e9s olyan kommunik\u00e1ci\u00f3s \u00e9lm\u00e9nyt ny\u00fajt egy terepj\u00e1r\u00f3s \u00faton, amire egyetlen versenyt\u00e1rsa sem k\u00e9pes.<\/p>\n<p>A cs\u00e1b\u00edt\u00e1s az, hogy a menetvez\u00e9rl\u0151t dinamikus (vagy verseny, ha teljes zajra v\u00e1gyunk) fokozatba kapcsoljuk, \u00e9s a kellemes tapint\u00e1s\u00fa kapcsol\u00f3kkal lejjebb kapcsoljunk n\u00e9h\u00e1ny \u00e1tt\u00e9telt, hogy \u00fajabb t\u00f6lt\u00e9sben legyen r\u00e9sz\u00fcnk. Ekkor tal\u00e1lkoztunk az Alf\u00e1val az egyetlen hib\u00e1nkkal: ha nem h\u00fazzuk meg el\u00e9g gyorsan a v\u00e1lt\u00f3f\u00fcleket, akkor az el\u00e9rheti a limitert, \u00f6sszezavarva a rendszert, \u00e9s a motor figyelmeztet\u0151 l\u00e1mp\u00e1j\u00e1nak villog\u00e1s\u00e1t okozva, amikor az aut\u00f3 vissza\u00e1ll norm\u00e1l \u00fczemm\u00f3dba, am\u00edg visszanyeri a nyugalm\u00e1t.<\/p>\n","protected":false},"excerpt":{"rendered":"<p>A fesz\u00fclts\u00e9g akkor robbant be a k\u00f6ztudatba, amikor a v\u00e1logat\u00f3kon Curtis kem\u00e9nyen besz\u00f3lt a fi\u00fanak, s\u0151t haza is k\u00fcldte volna&#8230; <span class=\"gridview-grid-post-read-more\"><a href=\"https:\/\/matrend.hu\/nekedinfo\/kitalalt-adam-attila-edesapja-curtisrol\/\">read more<span class=\"gridview-sr-only\"> Kit\u00e1lalt \u00c1d\u00e1m Attila \u00e9desapja Curtisr\u0151l<\/span><\/a><\/span><\/p>\n","protected":false},"author":1,"featured_media":5385,"comment_status":"open","ping_status":"open","sticky":false,"template":"","format":"standard","meta":{"footnotes":""},"categories":[1],"tags":[],"class_list":["post-5384","post","type-post","status-publish","format-standard","has-post-thumbnail","hentry","category-egyeb","wpcat-1-id"],"_links":{"self":[{"href":"https:\/\/matrend.hu\/nekedinfo\/wp-json\/wp\/v2\/posts\/5384","targetHints":{"allow":["GET"]}}],"collection":[{"href":"https:\/\/matrend.hu\/nekedinfo\/wp-json\/wp\/v2\/posts"}],"about":[{"href":"https:\/\/matrend.hu\/nekedinfo\/wp-json\/wp\/v2\/types\/post"}],"author":[{"embeddable":true,"href":"https:\/\/matrend.hu\/nekedinfo\/wp-json\/wp\/v2\/users\/1"}],"replies":[{"embeddable":true,"href":"https:\/\/matrend.hu\/nekedinfo\/wp-json\/wp\/v2\/comments?post=5384"}],"version-history":[{"count":1,"href":"https:\/\/matrend.hu\/nekedinfo\/wp-json\/wp\/v2\/posts\/5384\/revisions"}],"predecessor-version":[{"id":5386,"href":"https:\/\/matrend.hu\/nekedinfo\/wp-json\/wp\/v2\/posts\/5384\/revisions\/5386"}],"wp:featuredmedia":[{"embeddable":true,"href":"https:\/\/matrend.hu\/nekedinfo\/wp-json\/wp\/v2\/media\/5385"}],"wp:attachment":[{"href":"https:\/\/matrend.hu\/nekedinfo\/wp-json\/wp\/v2\/media?parent=5384"}],"wp:term":[{"taxonomy":"category","embeddable":true,"href":"https:\/\/matrend.hu\/nekedinfo\/wp-json\/wp\/v2\/categories?post=5384"},{"taxonomy":"post_tag","embeddable":true,"href":"https:\/\/matrend.hu\/nekedinfo\/wp-json\/wp\/v2\/tags?post=5384"}],"curies":[{"name":"wp","href":"https:\/\/api.w.org\/{rel}","templated":true}]}}