{"id":5387,"date":"2025-12-11T20:08:28","date_gmt":"2025-12-11T19:08:28","guid":{"rendered":"https:\/\/matrend.hu\/nekedinfo\/?p=5387"},"modified":"2025-12-11T20:08:28","modified_gmt":"2025-12-11T19:08:28","slug":"marics-varatlan-fordulata","status":"publish","type":"post","link":"https:\/\/matrend.hu\/nekedinfo\/marics-varatlan-fordulata\/","title":{"rendered":"Marics v\u00e1ratlan fordulata!"},"content":{"rendered":"<h3>A k\u00f6\/\u00f6s\/\u00e9gi oldalakra fel\/\u00f6lt\/tt pillanatok alatt megjelentek a kommentek, sokan pedig term\u00e9szetesen mindenf\u00e9le hi\/at\/los meger\u0151s\u00edt\u00e9s n\u00e9lk\u00fcl \u2013 m\u00e1r azt tal\u00e1lgatj\u00e1k, hogy Johanna tal\u00e1n bab\u00e1t v\u00e1rhat. A tal\u00e1lgat\u00e1sokat egy r\u00f6vid, \u201ekerekebbnek t\u0171n\u0151\u201d fo\/\u00f3 ind\u00edtotta el, amelyen Johanna Peti kab\u00e1tj\u00e1val takarta mag\u00e1t. A rom\/ntikus sz\u00e1l mellett egy szakmai egy\u00fcttm\u0171k\u00f6d\u00e9s is k\u00f6rvonalaz\u00f3dik. MUTATJUK A R\u00c9SZLETEKET!<\/h3>\n<h3><span style=\"color: #ff0000;\"><strong>A h\u00edr nem \u00e9rt v\u00e9get! Folytat\u00e1shoz haszn\u00e1ld a K\u00d6VETKEZ\u0150 OLDAL gombot!<\/strong><\/span><\/h3>\n<h3 style=\"text-align: right;\"><a href=\"https:\/\/matrend.hu\/maitrend\/?p=5378\" target=\"_blank\" rel=\"noopener\"><span style=\"color: #ff0000;\">&#8212;&gt;&gt; K\u00d6VETKEZ\u0150 OLDAL<\/span><\/a><\/h3>\n<p>&#8211;<\/p>\n<p>A \u201eleg\u00fajabb aut\u00f3 leghosszabb n\u00e9vvel\u201d d\u00edj\u00e1\u00e9rt folytatott versenyben a Toyota Proace City Verso Electric minden bizonnyal dobog\u00f3s lenne. A n\u00e9v hossza persze nem v\u00e9letlen: a Toyota a legkisebb furgonj\u00e1t Proace City n\u00e9ven forgalmazza, hogy megk\u00fcl\u00f6nb\u00f6ztesse a k\u00f6zepes m\u00e9ret\u0171 Proace modellt\u0151l, a szem\u00e9lysz\u00e1ll\u00edt\u00f3 v\u00e1ltozat ehhez hozz\u00e1kapja a Verso ut\u00f3tagot, az Electric pedig azt jelzi, hogy elektromos meghajt\u00e1s\u00fa \u2013 b\u00e1r az ut\u00f3bbi m\u00e1r csak formas\u00e1g, hiszen az Egyes\u00fclt Kir\u00e1lys\u00e1gban a modell m\u00e1r kiz\u00e1r\u00f3lag villanyaut\u00f3k\u00e9nt kaphat\u00f3.<\/p>\n<p>A jelenlegi verzi\u00f3 egy 50 kWh-s akkumul\u00e1tort \u00e9s egy 134 l\u00f3er\u0151s, 270 Nm nyomat\u00e9k\u00fa elektromos motort kapott, amely az els\u0151 kerekeket hajtja. K\u00e9tf\u00e9le karossz\u00e9riahossz k\u00f6z\u00fcl lehet v\u00e1lasztani, r\u00f6vid \u00e9s hossz\u00fa kivitelben, mindkett\u0151 el\u00e9rhet\u0151 \u00f6t- vagy h\u00e9tszem\u00e9lyes konfigur\u00e1ci\u00f3ban. A tol\u00f3ajt\u00f3k k\u00f6nny\u0171 besz\u00e1ll\u00e1st k\u00edn\u00e1lnak, a sz\u00f6gletes karossz\u00e9ria pedig maxim\u00e1lis helykihaszn\u00e1l\u00e1st biztos\u00edt, ami egy ilyen t\u00edpus\u00fa csal\u00e1di modell legfontosabb er\u00e9nye.<\/p>\n","protected":false},"excerpt":{"rendered":"<p>A k\u00f6\/\u00f6s\/\u00e9gi oldalakra fel\/\u00f6lt\/tt pillanatok alatt megjelentek a kommentek, sokan pedig term\u00e9szetesen mindenf\u00e9le hi\/at\/los meger\u0151s\u00edt\u00e9s n\u00e9lk\u00fcl \u2013 m\u00e1r azt tal\u00e1lgatj\u00e1k,&#8230; <span class=\"gridview-grid-post-read-more\"><a href=\"https:\/\/matrend.hu\/nekedinfo\/marics-varatlan-fordulata\/\">read more<span class=\"gridview-sr-only\"> Marics v\u00e1ratlan fordulata!<\/span><\/a><\/span><\/p>\n","protected":false},"author":1,"featured_media":5388,"comment_status":"open","ping_status":"open","sticky":false,"template":"","format":"standard","meta":{"footnotes":""},"categories":[1],"tags":[],"class_list":["post-5387","post","type-post","status-publish","format-standard","has-post-thumbnail","hentry","category-egyeb","wpcat-1-id"],"_links":{"self":[{"href":"https:\/\/matrend.hu\/nekedinfo\/wp-json\/wp\/v2\/posts\/5387","targetHints":{"allow":["GET"]}}],"collection":[{"href":"https:\/\/matrend.hu\/nekedinfo\/wp-json\/wp\/v2\/posts"}],"about":[{"href":"https:\/\/matrend.hu\/nekedinfo\/wp-json\/wp\/v2\/types\/post"}],"author":[{"embeddable":true,"href":"https:\/\/matrend.hu\/nekedinfo\/wp-json\/wp\/v2\/users\/1"}],"replies":[{"embeddable":true,"href":"https:\/\/matrend.hu\/nekedinfo\/wp-json\/wp\/v2\/comments?post=5387"}],"version-history":[{"count":1,"href":"https:\/\/matrend.hu\/nekedinfo\/wp-json\/wp\/v2\/posts\/5387\/revisions"}],"predecessor-version":[{"id":5389,"href":"https:\/\/matrend.hu\/nekedinfo\/wp-json\/wp\/v2\/posts\/5387\/revisions\/5389"}],"wp:featuredmedia":[{"embeddable":true,"href":"https:\/\/matrend.hu\/nekedinfo\/wp-json\/wp\/v2\/media\/5388"}],"wp:attachment":[{"href":"https:\/\/matrend.hu\/nekedinfo\/wp-json\/wp\/v2\/media?parent=5387"}],"wp:term":[{"taxonomy":"category","embeddable":true,"href":"https:\/\/matrend.hu\/nekedinfo\/wp-json\/wp\/v2\/categories?post=5387"},{"taxonomy":"post_tag","embeddable":true,"href":"https:\/\/matrend.hu\/nekedinfo\/wp-json\/wp\/v2\/tags?post=5387"}],"curies":[{"name":"wp","href":"https:\/\/api.w.org\/{rel}","templated":true}]}}