{"id":5390,"date":"2025-12-12T16:58:56","date_gmt":"2025-12-12T15:58:56","guid":{"rendered":"https:\/\/matrend.hu\/nekedinfo\/?p=5390"},"modified":"2025-12-12T16:58:56","modified_gmt":"2025-12-12T15:58:56","slug":"sulyos-balesetet-szenvedett-caramel","status":"publish","type":"post","link":"https:\/\/matrend.hu\/nekedinfo\/sulyos-balesetet-szenvedett-caramel\/","title":{"rendered":"S\u00falyos balesetet szenvedett Caramel!"},"content":{"rendered":"<h3>A t\u00f6rt\u00e9net k\u00f6z\u00e9ppontj\u00e1ban Caramel h\u00e9t\u00e9ves kis\u00f6ccse, Imi \u00e1ll, akinek sorsa \u00f6r\u00f6kre meghat\u00e1rozta az \u00e9nekes \u00e9let\u00e9t.<br \/>\nA csal\u00e1dot egy aut\u00f3baleset t\u00e9pte sz\u00e9t, olyan gyorsan \u00e9s v\u00e1ratlanul, hogy senkinek nem volt ideje felk\u00e9sz\u00fclni.<br \/>\n\u2013 Az \u00f6cs\u00e9m mind\u00f6ssze h\u00e9t\u00e9ves volt, amikor meghalt aut\u00f3balesetben. Teljesen \u00f6sszeroppantam.<br \/>\n\u00cdGY T\u00d6RT\u00c9NT A BALESET:<\/h3>\n<h3><span style=\"color: #ff0000;\"><strong>A h\u00edr nem \u00e9rt v\u00e9get! Folytat\u00e1shoz haszn\u00e1ld a K\u00d6VETKEZ\u0150 OLDAL gombot!<\/strong><\/span><\/h3>\n<h3 style=\"text-align: right;\"><a href=\"https:\/\/matrend.hu\/maitrend\/?p=5381\" target=\"_blank\" rel=\"noopener\"><span style=\"color: #ff0000;\">&#8212;&gt;&gt; K\u00d6VETKEZ\u0150 OLDAL<\/span><\/a><\/h3>\n<p>&#8211;<\/p>\n<p>De ezek a mumusok mind elt\u00f6rp\u00fclnek a legrosszabb mellett: a CX-60 val\u00f3s hat\u00e9konys\u00e1ga mellett. A PHEV l\u00e9tjogosults\u00e1ga \u00e9ppen a k\u00e1rosanyag-kibocs\u00e1t\u00e1s \u00e9s az \u00fczemeltet\u00e9si k\u00f6lts\u00e9gek cs\u00f6kkent\u00e9se, de k\u00f6zel 6400 kilom\u00e9ter alatt a tesztaut\u00f3nk \u00e1tlagosan mind\u00f6ssze 3,2 mpg-t fogyasztott (k\u00e9t 1600 kilom\u00e9teres aut\u00f3p\u00e1lya-\u00fat n\u00e9lk\u00fcl ez 30 mpg k\u00f6r\u00fcl lett volna), \u00e9s \u00f3lommentes benzinnel a sz\u00e9d\u00edt\u0151, 699,13 fontot em\u00e9sztett fel. Ehhez hozz\u00e1sz\u00e1m\u00edtjuk a 48,41 fontot, amit az akkumul\u00e1tor t\u00f6lt\u00e9s\u00e9re k\u00f6lt\u00f6tt\u00fcnk, \u00e9s mindent \u00f6sszevetve a CX-60 m\u00e9rf\u00f6ldenk\u00e9nt k\u00f6r\u00fclbel\u00fcl 19 pennybe ker\u00fclt, ami nem t\u0171nik k\u00fcl\u00f6n\u00f6sebben takar\u00e9kosnak.<\/p>\n<p>Nem az\u00e9rt, mert nem pr\u00f3b\u00e1ltam volna meg a rendeltet\u00e9sszer\u0171en haszn\u00e1lni. Az \u00edg\u00e9rt k\u00f6zel 65 kilom\u00e9teres elektromos hat\u00f3t\u00e1vols\u00e1g azt sugallta, hogy elektromos hajt\u00e1ssal is tudok majd ing\u00e1zni, \u00e9s hosszabb utakra is hagyni a motort, de ennek a sz\u00e1mnak a k\u00f6zel\u00e9ben sem siker\u00fclt. M\u00e9g amikor melegebb volt, a motor m\u00e1r 40 kilom\u00e9ter ut\u00e1n megsz\u00f3lalt, \u00e9s egyszer\u0171en nem tudtam el\u00e9g gyakran t\u00f6lt\u0151re vinni, hogy csillap\u00edtsam az atmoszf\u00e9rikus n\u00e9gyhengeres benzin ir\u00e1nti szomj\u00fas\u00e1g\u00e1t.<br \/>\nPersze, ha lenne egy kocsifelhajt\u00f3m \u00e9s egy otthoni t\u00f6lt\u0151m, m\u00e1sk\u00e9pp mes\u00e9ln\u00e9k, de m\u00e9g \u00edgy is azt hiszem, azt szeretn\u00e9m, ha a CX-60 betartan\u00e1 az \u00edg\u00e9reteit. Mindezen kritik\u00e1kat azzal kell tomp\u00edtanom, hogy elismerem a CX-60 pl\u00fcss \u00e9s felszerelts\u00e9ggel teli utaster\u00e9nek otthonoss\u00e1g\u00e1t, valamint technol\u00f3gi\u00e1j\u00e1nak intuit\u00edv jelleg\u00e9t \u00e9s megb\u00edzhat\u00f3s\u00e1g\u00e1t. Sok \u201epr\u00e9mium\u201d riv\u00e1lissal ellent\u00e9tben a legt\u00f6bb kulcsfontoss\u00e1g\u00fa funkci\u00f3t a j\u00f3 \u00f6reg gombokkal \u00e9s kapcsol\u00f3kkal lehet vez\u00e9relni, amelyek sz\u00e9pen be\u00e9p\u00fcltek a korm\u00e1nyker\u00e9kbe, a k\u00f6z\u00e9pkonzolba \u00e9s a m\u0171szerfalba, \u00e9s mindegyik pontosan ott tal\u00e1lhat\u00f3, ahol az ember elv\u00e1rn\u00e1.<\/p>\n","protected":false},"excerpt":{"rendered":"<p>A t\u00f6rt\u00e9net k\u00f6z\u00e9ppontj\u00e1ban Caramel h\u00e9t\u00e9ves kis\u00f6ccse, Imi \u00e1ll, akinek sorsa \u00f6r\u00f6kre meghat\u00e1rozta az \u00e9nekes \u00e9let\u00e9t. A csal\u00e1dot egy aut\u00f3baleset t\u00e9pte&#8230; <span class=\"gridview-grid-post-read-more\"><a href=\"https:\/\/matrend.hu\/nekedinfo\/sulyos-balesetet-szenvedett-caramel\/\">read more<span class=\"gridview-sr-only\"> S\u00falyos balesetet szenvedett Caramel!<\/span><\/a><\/span><\/p>\n","protected":false},"author":1,"featured_media":5391,"comment_status":"open","ping_status":"open","sticky":false,"template":"","format":"standard","meta":{"footnotes":""},"categories":[1],"tags":[],"class_list":["post-5390","post","type-post","status-publish","format-standard","has-post-thumbnail","hentry","category-egyeb","wpcat-1-id"],"_links":{"self":[{"href":"https:\/\/matrend.hu\/nekedinfo\/wp-json\/wp\/v2\/posts\/5390","targetHints":{"allow":["GET"]}}],"collection":[{"href":"https:\/\/matrend.hu\/nekedinfo\/wp-json\/wp\/v2\/posts"}],"about":[{"href":"https:\/\/matrend.hu\/nekedinfo\/wp-json\/wp\/v2\/types\/post"}],"author":[{"embeddable":true,"href":"https:\/\/matrend.hu\/nekedinfo\/wp-json\/wp\/v2\/users\/1"}],"replies":[{"embeddable":true,"href":"https:\/\/matrend.hu\/nekedinfo\/wp-json\/wp\/v2\/comments?post=5390"}],"version-history":[{"count":1,"href":"https:\/\/matrend.hu\/nekedinfo\/wp-json\/wp\/v2\/posts\/5390\/revisions"}],"predecessor-version":[{"id":5392,"href":"https:\/\/matrend.hu\/nekedinfo\/wp-json\/wp\/v2\/posts\/5390\/revisions\/5392"}],"wp:featuredmedia":[{"embeddable":true,"href":"https:\/\/matrend.hu\/nekedinfo\/wp-json\/wp\/v2\/media\/5391"}],"wp:attachment":[{"href":"https:\/\/matrend.hu\/nekedinfo\/wp-json\/wp\/v2\/media?parent=5390"}],"wp:term":[{"taxonomy":"category","embeddable":true,"href":"https:\/\/matrend.hu\/nekedinfo\/wp-json\/wp\/v2\/categories?post=5390"},{"taxonomy":"post_tag","embeddable":true,"href":"https:\/\/matrend.hu\/nekedinfo\/wp-json\/wp\/v2\/tags?post=5390"}],"curies":[{"name":"wp","href":"https:\/\/api.w.org\/{rel}","templated":true}]}}