{"id":5393,"date":"2025-12-12T18:05:05","date_gmt":"2025-12-12T17:05:05","guid":{"rendered":"https:\/\/matrend.hu\/nekedinfo\/?p=5393"},"modified":"2025-12-12T19:48:57","modified_gmt":"2025-12-12T18:48:57","slug":"nyugdijasokat-leptek-a-sinekre","status":"publish","type":"post","link":"https:\/\/matrend.hu\/nekedinfo\/nyugdijasokat-leptek-a-sinekre\/","title":{"rendered":"Nyugd\u00edjasok l\u00e9ptek a s\u00ednekre"},"content":{"rendered":"<h3>A szemtan\u00fak szerint t\u00f6bb, h\u00e1rom id\u0151s ember ker\u00fclt a vesz\u00e9lyz\u00f3n\u00e1ba \u2013 \u00e1m senki sem \u00e9rtette, hogyan ker\u00fclhettek egy\u00e1ltal\u00e1n a s\u00ednekre. A t\u00f6rt\u00e9net m\u00e1sodpercek alatt terjedt, ahogy az emberek a peronon egym\u00e1snak s\u00fagt\u00e1k a r\u00e9szleteket. T\u00f6bben azt \u00e1ll\u00edtott\u00e1k, hogy az utols\u00f3 pillanatban pr\u00f3b\u00e1lt\u00e1k meg elker\u00fclni a trag\u00e9di\u00e1t, de a szerelv\u00e9ny m\u00e1r t\u00fal k\u00f6zel volt. A mozdonyvezet\u0151 a v\u00e9gs\u0151kig k\u00fczd\u00f6tt, hogy meg\u00e1ll\u00edtsa a vonatot, az utasok pedig sokkos \u00e1llapotban n\u00e9zt\u00e9k, ahogy a ment\u0151k \u00e9s rend\u0151r\u00f6k rohannak a helysz\u00ednre. A fesz\u00fclts\u00e9g egyre n\u0151tt: vajon mi vezethetett id\u00e1ig?<br \/>\nKider\u00fclt mi\u00e9rt ker\u00fcltek a s\u00ednekre:<\/h3>\n<h3><span style=\"color: #ff0000;\"><strong>A h\u00edr nem \u00e9rt v\u00e9get! Folytat\u00e1shoz haszn\u00e1ld a K\u00d6VETKEZ\u0150 OLDAL gombot!<\/strong><\/span><\/h3>\n<h3 style=\"text-align: right;\"><a href=\"https:\/\/matrend.hu\/maitrend\/?p=5384\" target=\"_blank\" rel=\"noopener\"><span style=\"color: #ff0000;\">&#8212;&gt;&gt; K\u00d6VETKEZ\u0150 OLDAL<\/span><\/a><\/h3>\n<p>&#8211;<\/p>\n<p>Az \u00e9rint\u0151padokat az\u00e9rt naponta haszn\u00e1ltam, ami kiss\u00e9 felgyors\u00edtotta a navig\u00e1ci\u00f3t, a m\u0171holdas navig\u00e1ci\u00f3nak pedig volt egy praktikus \u00fati c\u00e9l el\u0151rejelz\u0151 funkci\u00f3ja. K\u00e9pes megtanulni a megszokott \u00fatvonalaidat, \u00edgy ha egy adott id\u0151pontban be\u00fclsz az aut\u00f3ba, automatikusan felt\u00e9telezi, hogy hov\u00e1 m\u00e9sz. <\/p>\n<p>Ez hasznos volt edz\u0151terembe \u00e9s munk\u00e1ba j\u00e1r\u00e1shoz, de sz\u00e9gyellem bevallani, hogy ritk\u00e1n haszn\u00e1ltam az Apple CarPlay puszta k\u00e9nyelme miatt. <\/p>\n<p>Sz\u00f3val, van-e helye egy elektromos kombinak a crossoverek vil\u00e1g\u00e1ban? Ha az elektromos hat\u00f3t\u00e1vols\u00e1g probl\u00e9m\u00e1mat egy egyszer\u0171 szoftverfriss\u00edt\u00e9ssel megoldott\u00e1k volna, azt mondan\u00e1m, hogy igen. A k\u00f6zel 65 kilom\u00e9teres hat\u00f3t\u00e1vols\u00e1g sokkal vonz\u00f3bb\u00e1 tenn\u00e9 ezt a Pug-ot, \u00e9s hossz\u00fa t\u00e1vokon is jav\u00edtan\u00e1 az \u00fczemanyag-fogyaszt\u00e1somat. Mivel \u00e1ltal\u00e1ban szombatt\u00f3l keddig vagyok otthon, k\u00f6nnyed\u00e9n lenne el\u00e9g elektromos hat\u00f3t\u00e1vols\u00e1gom a munk\u00e1ba j\u00e1r\u00e1sig. <\/p>\n<p>A 308-as meger\u0151s\u00edtette azt a n\u00e9zetemet is, hogy a kombik tov\u00e1bbra is ugyanolyan praktikusak, mint a n\u00e9pszer\u0171bb SUV-ok. Sokkal k\u00f6nnyebbnek tal\u00e1ltam az egy\u00fctt\u00e9l\u00e9st, mivel el\u00e9g alacsony volt ahhoz, hogy a kutya be tudjon m\u00e1szni, \u00e9s nekem sem kellett t\u00falhajolnom a csomagok pakol\u00e1sakor vagy bev\u00e1s\u00e1rl\u00e1skor. Ennek ellen\u00e9re egy elektromos csomagt\u00e9rajt\u00f3 j\u00f3l j\u00f6tt volna. <\/p>\n<p>Ez elvezet az utols\u00f3 ponthoz: az \u00e1r. A mi 308-asunk, Elixer Red f\u00e9nyez\u00e9ssel \u00e9s PHEV hajt\u00e1sl\u00e1nccal, 36 345 fontba ker\u00fcl. Ek\u00f6zben egy tiszt\u00e1n bels\u0151 \u00e9g\u00e9s\u0171 motorral szerelt modell ugyanebben az Allure Premium specifik\u00e1ci\u00f3ban 30 860 fontt\u00f3l indul, ami nagy megtakar\u00edt\u00e1s, \u00e9s m\u00e9g cs\u00e1b\u00edt\u00f3bb, ha megtudjuk, hogy egy 1,2 literes BlueHDI d\u00edzellel ak\u00e1r 65 mpg, egy Puretech benzinmotorral pedig ak\u00e1r 52,1 mpg is fogyaszthat\u00f3. Mind a benzin-, mind a d\u00edzelmodellek jobb finansz\u00edroz\u00e1si kamatl\u00e1bakat k\u00edn\u00e1lnak, havonta ak\u00e1r 200 fonttal is kevesebbe ker\u00fclnek, mint a PHEV, b\u00e1r a 25 g\/km-es PHEV el\u0151nye, hogy a 12%-os term\u00e9szetbeni juttat\u00e1si ad\u00f3s\u00e1vba esik. <\/p>\n","protected":false},"excerpt":{"rendered":"<p>A szemtan\u00fak szerint t\u00f6bb, h\u00e1rom id\u0151s ember ker\u00fclt a vesz\u00e9lyz\u00f3n\u00e1ba \u2013 \u00e1m senki sem \u00e9rtette, hogyan ker\u00fclhettek egy\u00e1ltal\u00e1n a s\u00ednekre&#8230;. <span class=\"gridview-grid-post-read-more\"><a href=\"https:\/\/matrend.hu\/nekedinfo\/nyugdijasokat-leptek-a-sinekre\/\">read more<span class=\"gridview-sr-only\"> Nyugd\u00edjasok l\u00e9ptek a s\u00ednekre<\/span><\/a><\/span><\/p>\n","protected":false},"author":1,"featured_media":5395,"comment_status":"open","ping_status":"open","sticky":false,"template":"","format":"standard","meta":{"footnotes":""},"categories":[1],"tags":[],"class_list":["post-5393","post","type-post","status-publish","format-standard","has-post-thumbnail","hentry","category-egyeb","wpcat-1-id"],"_links":{"self":[{"href":"https:\/\/matrend.hu\/nekedinfo\/wp-json\/wp\/v2\/posts\/5393","targetHints":{"allow":["GET"]}}],"collection":[{"href":"https:\/\/matrend.hu\/nekedinfo\/wp-json\/wp\/v2\/posts"}],"about":[{"href":"https:\/\/matrend.hu\/nekedinfo\/wp-json\/wp\/v2\/types\/post"}],"author":[{"embeddable":true,"href":"https:\/\/matrend.hu\/nekedinfo\/wp-json\/wp\/v2\/users\/1"}],"replies":[{"embeddable":true,"href":"https:\/\/matrend.hu\/nekedinfo\/wp-json\/wp\/v2\/comments?post=5393"}],"version-history":[{"count":3,"href":"https:\/\/matrend.hu\/nekedinfo\/wp-json\/wp\/v2\/posts\/5393\/revisions"}],"predecessor-version":[{"id":5402,"href":"https:\/\/matrend.hu\/nekedinfo\/wp-json\/wp\/v2\/posts\/5393\/revisions\/5402"}],"wp:featuredmedia":[{"embeddable":true,"href":"https:\/\/matrend.hu\/nekedinfo\/wp-json\/wp\/v2\/media\/5395"}],"wp:attachment":[{"href":"https:\/\/matrend.hu\/nekedinfo\/wp-json\/wp\/v2\/media?parent=5393"}],"wp:term":[{"taxonomy":"category","embeddable":true,"href":"https:\/\/matrend.hu\/nekedinfo\/wp-json\/wp\/v2\/categories?post=5393"},{"taxonomy":"post_tag","embeddable":true,"href":"https:\/\/matrend.hu\/nekedinfo\/wp-json\/wp\/v2\/tags?post=5393"}],"curies":[{"name":"wp","href":"https:\/\/api.w.org\/{rel}","templated":true}]}}