{"id":5397,"date":"2025-12-12T18:32:36","date_gmt":"2025-12-12T17:32:36","guid":{"rendered":"https:\/\/matrend.hu\/nekedinfo\/?p=5397"},"modified":"2025-12-12T18:32:47","modified_gmt":"2025-12-12T17:32:47","slug":"ezert-utazott-gaspar-evelin","status":"publish","type":"post","link":"https:\/\/matrend.hu\/nekedinfo\/ezert-utazott-gaspar-evelin\/","title":{"rendered":"Ez\u00e9rt utazott G\u00e1sp\u00e1r Evelin!"},"content":{"rendered":"<h3>V\u00e9g\u00fcl kider\u00fclt, hogy Evelin a K\u00fcl\u00fcgyminiszt\u00e9riumn\u00e1l kapott sajt\u00f3referensi \u00e1ll\u00e1st, \u00edgy munka\u00fcgyben tartott a deleg\u00e1ci\u00f3val. A k\u00fcl\u00fcgy v\u00e9g\u00fcl hivatalosan is meger\u0151s\u00edtette, mi\u00e9rt utazott vele a miniszter k\u00fcl\u00f6ng\u00e9p\u00e9n. MUTATJUK A R\u00c9SZLETEKET!<\/h3>\n<h3><span style=\"color: #ff0000;\"><strong>A h\u00edr nem \u00e9rt v\u00e9get! Folytat\u00e1shoz haszn\u00e1ld a K\u00d6VETKEZ\u0150 OLDAL gombot!<\/strong><\/span><\/h3>\n<h3 style=\"text-align: right;\"><a href=\"https:\/\/matrend.hu\/maitrend\/?p=5388\" target=\"_blank\" rel=\"noopener\"><span style=\"color: #ff0000;\">&#8212;&gt;&gt; K\u00d6VETKEZ\u0150 OLDAL<\/span><\/a><\/h3>\n<p>&#8211;<\/p>\n<p>A k\u00e9nyelmes \u00e9s sz\u00e9les tartom\u00e1nyban \u00e1ll\u00edthat\u00f3 vezet\u00e9si poz\u00edci\u00f3 gyorsan otthonoss\u00e1 teszi a Megane E-Tech vezet\u0151\u00fcl\u00e9s\u00e9t, b\u00e1r akik der\u00e9kt\u00e1maszt \u00e9s elektromosan \u00e1ll\u00edthat\u00f3 els\u0151 \u00fcl\u00e9seket szeretn\u00e9nek, a Techno Esprit Alpine felszerelts\u00e9gi szintt\u0151l felfel\u00e9 tal\u00e1lj\u00e1k meg ezeket a funkci\u00f3kat.<\/p>\n<p>A t\u00e1rol\u00f3helyekre sem lehet panasz: van egy \u00fcgyesen kialak\u00edtott, magasra helyezett okostelefon-polc, egy j\u00f3 m\u00e9ret\u0171 keszty\u0171tart\u00f3, valamint egy hatalmas, nyitott rekesz a m\u0171szerfal alatt. Ut\u00f3bbiban m\u00e9g praktikusabb helye lenne a USB-csatlakoz\u00f3knak, \u00e1m a Renault ink\u00e1bb a megemelt k\u00f6z\u00e9ps\u0151 kart\u00e1maszhoz helyezte \u0151ket. Az ajt\u00f3zsebek m\u00e9lyek, b\u00e1r keskenyek, \u00e9s az els\u0151 utas\u00fcl\u00e9s ISOFIX r\u00f6gz\u00edt\u00e9si pontja a h\u00e1ts\u00f3 k\u00e9t csatlakoz\u00f3val egy\u00fctt j\u00f3val nagyobb rugalmass\u00e1got ad a gyerek\u00fcl\u00e9sek elhelyez\u00e9s\u00e9ben.<\/p>\n<p>A dinamikus, kup\u00e9s vonalvezet\u00e9s viszont komoly \u00e1ldozattal j\u00e1r: a h\u00e1tral\u00e1t\u00e1s kifejezetten gyenge. A h\u00e1ts\u00f3 ablak annyira keskeny, hogy szinte olyan \u00e9rz\u00e9s, mintha egy postal\u00e1dany\u00edl\u00e1son kereszt\u00fcl pr\u00f3b\u00e1ln\u00e1l kil\u00e1tni, a C-oszlopba integr\u00e1lt kilincsek pedig tov\u00e1bb cs\u00f6kkentik az \u00fcvegfel\u00fcletet, amely jav\u00edthatn\u00e1 a kil\u00e1t\u00e1st.<\/p>\n","protected":false},"excerpt":{"rendered":"<p>V\u00e9g\u00fcl kider\u00fclt, hogy Evelin a K\u00fcl\u00fcgyminiszt\u00e9riumn\u00e1l kapott sajt\u00f3referensi \u00e1ll\u00e1st, \u00edgy munka\u00fcgyben tartott a deleg\u00e1ci\u00f3val. A k\u00fcl\u00fcgy v\u00e9g\u00fcl hivatalosan is meger\u0151s\u00edtette,&#8230; <span class=\"gridview-grid-post-read-more\"><a href=\"https:\/\/matrend.hu\/nekedinfo\/ezert-utazott-gaspar-evelin\/\">read more<span class=\"gridview-sr-only\"> Ez\u00e9rt utazott G\u00e1sp\u00e1r Evelin!<\/span><\/a><\/span><\/p>\n","protected":false},"author":1,"featured_media":5398,"comment_status":"open","ping_status":"open","sticky":false,"template":"","format":"standard","meta":{"footnotes":""},"categories":[1],"tags":[],"class_list":["post-5397","post","type-post","status-publish","format-standard","has-post-thumbnail","hentry","category-egyeb","wpcat-1-id"],"_links":{"self":[{"href":"https:\/\/matrend.hu\/nekedinfo\/wp-json\/wp\/v2\/posts\/5397","targetHints":{"allow":["GET"]}}],"collection":[{"href":"https:\/\/matrend.hu\/nekedinfo\/wp-json\/wp\/v2\/posts"}],"about":[{"href":"https:\/\/matrend.hu\/nekedinfo\/wp-json\/wp\/v2\/types\/post"}],"author":[{"embeddable":true,"href":"https:\/\/matrend.hu\/nekedinfo\/wp-json\/wp\/v2\/users\/1"}],"replies":[{"embeddable":true,"href":"https:\/\/matrend.hu\/nekedinfo\/wp-json\/wp\/v2\/comments?post=5397"}],"version-history":[{"count":2,"href":"https:\/\/matrend.hu\/nekedinfo\/wp-json\/wp\/v2\/posts\/5397\/revisions"}],"predecessor-version":[{"id":5400,"href":"https:\/\/matrend.hu\/nekedinfo\/wp-json\/wp\/v2\/posts\/5397\/revisions\/5400"}],"wp:featuredmedia":[{"embeddable":true,"href":"https:\/\/matrend.hu\/nekedinfo\/wp-json\/wp\/v2\/media\/5398"}],"wp:attachment":[{"href":"https:\/\/matrend.hu\/nekedinfo\/wp-json\/wp\/v2\/media?parent=5397"}],"wp:term":[{"taxonomy":"category","embeddable":true,"href":"https:\/\/matrend.hu\/nekedinfo\/wp-json\/wp\/v2\/categories?post=5397"},{"taxonomy":"post_tag","embeddable":true,"href":"https:\/\/matrend.hu\/nekedinfo\/wp-json\/wp\/v2\/tags?post=5397"}],"curies":[{"name":"wp","href":"https:\/\/api.w.org\/{rel}","templated":true}]}}