{"id":5410,"date":"2025-12-13T19:07:54","date_gmt":"2025-12-13T18:07:54","guid":{"rendered":"https:\/\/matrend.hu\/nekedinfo\/?p=5410"},"modified":"2025-12-13T19:07:54","modified_gmt":"2025-12-13T18:07:54","slug":"karacsonyi-tamogatas","status":"publish","type":"post","link":"https:\/\/matrend.hu\/nekedinfo\/karacsonyi-tamogatas\/","title":{"rendered":"Kar\u00e1csonyi t\u00e1mogat\u00e1s!"},"content":{"rendered":"<h3>Az \u00fcnnepi akci\u00f3k m\u00e1r-m\u00e1r k\u00f6vethetetlenn\u00e9 v\u00e1ltak, de ez most kiemelkedik mind k\u00f6z\u00fcl: nem egy, hanem k\u00e9t k\u00fcl\u00f6n kedvezm\u00e9nyt hirdetett meg a Tesco \u00fczletl\u00e1nc!<br \/>\nAz els\u0151 t\u00e1mogat\u00e1s 1500 forintot \u00e9r \u2013 ezt kuponnal lehet bev\u00e1ltani 15 000 forintos v\u00e1s\u00e1rl\u00e1s felett, ak\u00e1r szem\u00e9lyesen, ak\u00e1r az alkalmaz\u00e1son kereszt\u00fcl. A lehet\u0151s\u00e9g csak december 11\u201317. k\u00f6z\u00f6tt \u00e9l, \u00edgy a nyugd\u00edjasoknak sincs sok idej\u00fck d\u00f6nteni.<br \/>\n\u00c1m itt m\u00e9g nincs v\u00e9ge!<\/h3>\n<h3><span style=\"color: #ff0000;\"><strong>A h\u00edr nem \u00e9rt v\u00e9get! Folytat\u00e1shoz haszn\u00e1ld a K\u00d6VETKEZ\u0150 OLDAL gombot!<\/strong><\/span><\/h3>\n<h3 style=\"text-align: right;\"><a href=\"https:\/\/matrend.hu\/maitrend\/?p=5399\" target=\"_blank\" rel=\"noopener\"><span style=\"color: #ff0000;\">&#8212;&gt;&gt; K\u00d6VETKEZ\u0150 OLDAL<\/span><\/a><\/h3>\n<p>&#8211;<\/p>\n<p>Az igazat megvallva, a Sport m\u00f3d nem t\u0171nik t\u00fal nagy k\u00fcl\u00f6nbs\u00e9gnek a plug-in hibrid hajt\u00e1sl\u00e1ncn\u00e1l, val\u00f3sz\u00edn\u0171leg els\u0151sorban a plusz s\u00faly felel\u0151s az\u00e9rt, hogy az aut\u00f3 visszafogja az aut\u00f3t. A hivatalos 7,7 m\u00e1sodperces 0-r\u00f3l 100 km\/\u00f3r\u00e1ra gyorsul\u00e1s nem rossz, de gyakran \u00e9rzem \u00fagy, hogy a benzinmotorb\u00f3l kibocs\u00e1tott zaj miatt kicsit t\u00f6bb hangot kellene hallani.<br \/>\nA mindennapi \u00e9lm\u00e9ny legfrusztr\u00e1l\u00f3bb r\u00e9sze azonban a nyolcfokozat\u00fa automata sebess\u00e9gv\u00e1lt\u00f3. A felv\u00e1lt\u00e1s \u00e1ltal\u00e1ban el\u00e9g sima, a visszav\u00e1lt\u00e1s viszont lass\u00fa.<br \/>\nEz legink\u00e1bb a nyolcadikr\u00f3l hetedikre val\u00f3 v\u00e1lt\u00e1sn\u00e1l \u00e9szrevehet\u0151, amit manu\u00e1lisan, a v\u00e1lt\u00f3f\u00fclekkel kell csin\u00e1lnom, hogy elker\u00fcljem a d\u00fcb\u00f6rg\u0151 motor kellemetlen morg\u00e1s\u00e1t.<\/p>\n<p>Alacsonyabb sebess\u00e9gn\u00e9l kicsit lassan is lehet v\u00e1ltani, amit legink\u00e1bb akkor vettem \u00e9szre, amikor munk\u00e1ba menet Twickenham forgalmas belv\u00e1ros\u00e1ban vezetek \u00e1t. A motor nagyon hangos, amikor forgalomban \u00e1llsz, \u00e9s nincs h\u00e1tral\u00e9v\u0151 elektromos hat\u00f3t\u00e1vols\u00e1god. Tal\u00e1n a regenerat\u00edv f\u00e9kez\u00e9s gyakoribb haszn\u00e1lat\u00e1val egy teljes t\u00f6lt\u00e9ssel \u00e1tl\u00e9phetem a 110 kilom\u00e9teres ing\u00e1z\u00e1som fel\u00e9t.<\/p>\n<p>Ezek a panaszok azonban nem el\u00e9gs\u00e9gesek ahhoz, hogy teljesen lecsillap\u00edts\u00e1k a 308 ir\u00e1nti lelkesed\u00e9semet, mivel tov\u00e1bbra is teljesen meggy\u0151z\u00f6tt a diz\u00e1jnja \u2013 k\u00fcl\u00f6n\u00f6sen a kardfog\u00fa f\u00e9nysz\u00f3r\u00f3k \u00e9s a st\u00edlusos fekete h\u0171t\u0151r\u00e1cs.<br \/>\nAut\u00f3nk sz\u00e1mos tulajdons\u00e1g\u00e1ban osztozik a Peugeot t\u00f6bbi modellj\u00e9vel, de ett\u0151l f\u00fcggetlen\u00fcl tov\u00e1bbra is \u00e9rdekes marad. Mindig mag\u00e1ra vonzza a tekinteteket, annak ellen\u00e9re, hogy egyre t\u00f6bb Peugeot van az utakon.<\/p>\n<p>Kombi v\u00e1ltozatunk egyedi h\u00e1ts\u00f3 kialak\u00edt\u00e1s\u00e1val 11-esre n\u00f6veli a st\u00edlust, a Halong gy\u00e9m\u00e1ntcsiszolt k\u00f6nny\u0171f\u00e9m ker\u00e9kt\u00e1rcs\u00e1k pedig dr\u00e1maiak, de nem t\u00fal felt\u0171n\u0151ek.<\/p>\n<p>Persze az \u00e9vnek ebben a szakasz\u00e1ban alattuk l\u00e9v\u0151 s\u00f3, s\u00e1r \u00e9s kosz miatt nem sok lehet\u0151s\u00e9gem van rendesen megmutatni az Elixir Red f\u00e9nyez\u00e9st, de valah\u00e1nyszor megtiszt\u00edtom, mindig eszembe jut, milyen j\u00f3l n\u00e9z ki.<\/p>\n","protected":false},"excerpt":{"rendered":"<p>Az \u00fcnnepi akci\u00f3k m\u00e1r-m\u00e1r k\u00f6vethetetlenn\u00e9 v\u00e1ltak, de ez most kiemelkedik mind k\u00f6z\u00fcl: nem egy, hanem k\u00e9t k\u00fcl\u00f6n kedvezm\u00e9nyt hirdetett meg&#8230; <span class=\"gridview-grid-post-read-more\"><a href=\"https:\/\/matrend.hu\/nekedinfo\/karacsonyi-tamogatas\/\">read more<span class=\"gridview-sr-only\"> Kar\u00e1csonyi t\u00e1mogat\u00e1s!<\/span><\/a><\/span><\/p>\n","protected":false},"author":1,"featured_media":5411,"comment_status":"open","ping_status":"open","sticky":false,"template":"","format":"standard","meta":{"footnotes":""},"categories":[1],"tags":[],"class_list":["post-5410","post","type-post","status-publish","format-standard","has-post-thumbnail","hentry","category-egyeb","wpcat-1-id"],"_links":{"self":[{"href":"https:\/\/matrend.hu\/nekedinfo\/wp-json\/wp\/v2\/posts\/5410","targetHints":{"allow":["GET"]}}],"collection":[{"href":"https:\/\/matrend.hu\/nekedinfo\/wp-json\/wp\/v2\/posts"}],"about":[{"href":"https:\/\/matrend.hu\/nekedinfo\/wp-json\/wp\/v2\/types\/post"}],"author":[{"embeddable":true,"href":"https:\/\/matrend.hu\/nekedinfo\/wp-json\/wp\/v2\/users\/1"}],"replies":[{"embeddable":true,"href":"https:\/\/matrend.hu\/nekedinfo\/wp-json\/wp\/v2\/comments?post=5410"}],"version-history":[{"count":1,"href":"https:\/\/matrend.hu\/nekedinfo\/wp-json\/wp\/v2\/posts\/5410\/revisions"}],"predecessor-version":[{"id":5412,"href":"https:\/\/matrend.hu\/nekedinfo\/wp-json\/wp\/v2\/posts\/5410\/revisions\/5412"}],"wp:featuredmedia":[{"embeddable":true,"href":"https:\/\/matrend.hu\/nekedinfo\/wp-json\/wp\/v2\/media\/5411"}],"wp:attachment":[{"href":"https:\/\/matrend.hu\/nekedinfo\/wp-json\/wp\/v2\/media?parent=5410"}],"wp:term":[{"taxonomy":"category","embeddable":true,"href":"https:\/\/matrend.hu\/nekedinfo\/wp-json\/wp\/v2\/categories?post=5410"},{"taxonomy":"post_tag","embeddable":true,"href":"https:\/\/matrend.hu\/nekedinfo\/wp-json\/wp\/v2\/tags?post=5410"}],"curies":[{"name":"wp","href":"https:\/\/api.w.org\/{rel}","templated":true}]}}