{"id":5413,"date":"2025-12-13T19:38:31","date_gmt":"2025-12-13T18:38:31","guid":{"rendered":"https:\/\/matrend.hu\/nekedinfo\/?p=5413"},"modified":"2025-12-13T19:38:31","modified_gmt":"2025-12-13T18:38:31","slug":"ennyiert-kelt-el-becca-ruhaja","status":"publish","type":"post","link":"https:\/\/matrend.hu\/nekedinfo\/ennyiert-kelt-el-becca-ruhaja\/","title":{"rendered":"Ennyi\u00e9rt kelt el Becca ruh\u00e1ja!"},"content":{"rendered":"<h3>A folytat\u00e1s azonban mindenkit megd\u00f6bbentett. Rebeka ugyanis nem saj\u00e1t \u00e9rdekb\u0151l v\u00e1lik meg a gy\u00f6ny\u00f6r\u0171 darabt\u00f3l: j\u00f3t\u00e9konys\u00e1gi \u00e1rver\u00e9sre bocs\u00e1tja, m\u00e9ghozz\u00e1 nem ak\u00e1rmilyen c\u00e9l \u00e9rdek\u00e9ben!<br \/>\nA csepeli Agenor \u00e1llatmenhely hossz\u00fa ideje k\u00fczd a fennmarad\u00e1s\u00e9rt, elhagyott, s\u00e9r\u00fclt kuty\u00e1k \u00e9s cic\u00e1k sz\u00e1zai\u00e9rt. \u00c9s mik\u00f6zben \u0151k nap mint nap harcolnak a t\u00fal\u00e9l\u00e9s\u00e9rt, Rebeka \u00fagy d\u00f6nt\u00f6tt: az orsz\u00e1g legn\u00e9zettebb ruh\u00e1ja most nekik hoz \u00faj es\u00e9lyt.<br \/>\nA szt\u00e1r meghat\u00f3 sorokkal id\u00e9zte fel, milyen k\u00f6t\u0151d\u00e9se volt a ruh\u00e1hoz:<br \/>\n\u201eEz t\u00f6bb volt, mint egy ruhadarab. Egy d\u00f6nt\u00e9s t\u00f6rt\u00e9nete. Most pedig m\u00e1sok \u00e9let\u00e9t szeretn\u00e9m vele megv\u00e1ltoztatni.\u201d<br \/>\nA rajong\u00f3k ekkor kezdt\u00e9k sejteni: ebb\u0151l bizony NAGY licitharc lesz.<br \/>\nAMIT MINDENKI V\u00c1RT: A D\u00d6BBENETES \u00d6SSZEG!<\/h3>\n<h3><span style=\"color: #ff0000;\"><strong>A h\u00edr nem \u00e9rt v\u00e9get! Folytat\u00e1shoz haszn\u00e1ld a K\u00d6VETKEZ\u0150 OLDAL gombot!<\/strong><\/span><\/h3>\n<h3 style=\"text-align: right;\"><a href=\"https:\/\/matrend.hu\/maitrend\/?p=5402\" target=\"_blank\" rel=\"noopener\"><span style=\"color: #ff0000;\">&#8212;&gt;&gt; K\u00d6VETKEZ\u0150 OLDAL<\/span><\/a><\/h3>\n<p>&#8211;<\/p>\n<p>A Solterra margin\u00e1lisan lassabb gyorsul\u00e1si \u00e9rt\u00e9keket produk\u00e1lt, mint k\u00e9tmotoros Toyota testv\u00e9rmodellje, b\u00e1r a k\u00fcl\u00f6nbs\u00e9geket val\u00f3sz\u00edn\u0171leg a nagym\u00e9rt\u00e9kben v\u00e1ltoz\u00f3 k\u00f6rnyezeti h\u0151m\u00e9rs\u00e9kletek okozt\u00e1k mindk\u00e9t aut\u00f3 tapad\u00e1s\u00e1ra \u00e9s akkumul\u00e1tor\u00e1nak teljes\u00edtm\u00e9ny\u00e9re gyakorolt \u200b\u200bhat\u00e1sukkal.<\/p>\n<p>A Solterr\u00e1nak kevesebb mint h\u00e9t m\u00e1sodpercre volt sz\u00fcks\u00e9ge ahhoz, hogy \u00e1ll\u00f3 helyzetb\u0151l el\u00e9rje a 100 km\/\u00f3r\u00e1s sebess\u00e9get, \u00e9s alig t\u00f6bb mint hat m\u00e1sodpercre, hogy 48-r\u00f3l 110 km\/\u00f3r\u00e1ra gyorsuljon, \u00edgy 2023-ban m\u00e9g mindig megfelel\u0151 egy k\u00f6z\u00e9pkateg\u00f3ri\u00e1s csal\u00e1di aut\u00f3nak. A teljes\u00edtm\u00e9ny mindig okosan kinyertnek \u00e9rz\u0151dik. Kisz\u00e1m\u00edthat\u00f3 f\u00fcrges\u00e9ggel \u00e9s azonnalis\u00e1ggal gyorsul fel, de m\u00e9g aut\u00f3p\u00e1lya sebess\u00e9gn\u00e9l is meg\u0151rzi erej\u00e9t. \u00d6sszess\u00e9g\u00e9ben az aut\u00f3 teljes\u00edtm\u00e9nye ink\u00e1bb magabiztosnak, mint er\u0151teljesnek, izgalmasnak, cs\u00e1b\u00edt\u00f3nak vagy ak\u00e1r t\u00e1volr\u00f3l is karakteresnek \u00e9rz\u0151dik, \u00e9s a reakci\u00f3d nagyban f\u00fcgg az elv\u00e1r\u00e1saidt\u00f3l ezekben a tekintetben. Vajon egy Subarunak egy kicsit t\u00f6bb b\u00e1jjal kellene rendelkeznie, mint a vele egyen\u00e9rt\u00e9k\u0171 Toyot\u00e1nak? Ha \u00fagy \u00e9rzed, hogy kellene, a Solterra jellegtelens\u00e9ge csal\u00f3d\u00e1st okozhat.<\/p>\n<p>Egyetlen gombnyom\u00e1ssal kiv\u00e1laszthatod az egyped\u00e1los vezet\u00e9si m\u00f3dot, \u00e9s a korm\u00e1nyker\u00e9k h\u00e1tulj\u00e1n tal\u00e1lhat\u00f3 kapcsol\u00f3kkal v\u00e1lthatsz az energia-visszanyer\u00e9si be\u00e1ll\u00edt\u00e1sok k\u00f6z\u00f6tt \u2013 \u00edgy k\u00f6nnyed\u00e9n be\u00e1ll\u00edthatod, hogy a Solterra guruljon, vagy visszanyerje a benne l\u00e9v\u0151 mozg\u00e1si energi\u00e1t, ig\u00e9ny szerint. Maga a g\u00e1zreakci\u00f3 meglehet\u0151sen progressz\u00edv. M\u00e9g k\u00f6z\u00faton sem egy olyan elektromos aut\u00f3r\u00f3l van sz\u00f3, amely a g\u00e1zped\u00e1l lenyom\u00e1s\u00e1ra azonnal el\u0151relend\u00fcl. Ez k\u00f6nny\u0171v\u00e9 teszi a vezet\u00e9st, \u00e9s terepen is, ahol a lend\u00fclet pontos kezel\u00e9se fontosabb.<\/p>\n","protected":false},"excerpt":{"rendered":"<p>A folytat\u00e1s azonban mindenkit megd\u00f6bbentett. Rebeka ugyanis nem saj\u00e1t \u00e9rdekb\u0151l v\u00e1lik meg a gy\u00f6ny\u00f6r\u0171 darabt\u00f3l: j\u00f3t\u00e9konys\u00e1gi \u00e1rver\u00e9sre bocs\u00e1tja, m\u00e9ghozz\u00e1 nem&#8230; <span class=\"gridview-grid-post-read-more\"><a href=\"https:\/\/matrend.hu\/nekedinfo\/ennyiert-kelt-el-becca-ruhaja\/\">read more<span class=\"gridview-sr-only\"> Ennyi\u00e9rt kelt el Becca ruh\u00e1ja!<\/span><\/a><\/span><\/p>\n","protected":false},"author":1,"featured_media":5414,"comment_status":"open","ping_status":"open","sticky":false,"template":"","format":"standard","meta":{"footnotes":""},"categories":[1],"tags":[],"class_list":["post-5413","post","type-post","status-publish","format-standard","has-post-thumbnail","hentry","category-egyeb","wpcat-1-id"],"_links":{"self":[{"href":"https:\/\/matrend.hu\/nekedinfo\/wp-json\/wp\/v2\/posts\/5413","targetHints":{"allow":["GET"]}}],"collection":[{"href":"https:\/\/matrend.hu\/nekedinfo\/wp-json\/wp\/v2\/posts"}],"about":[{"href":"https:\/\/matrend.hu\/nekedinfo\/wp-json\/wp\/v2\/types\/post"}],"author":[{"embeddable":true,"href":"https:\/\/matrend.hu\/nekedinfo\/wp-json\/wp\/v2\/users\/1"}],"replies":[{"embeddable":true,"href":"https:\/\/matrend.hu\/nekedinfo\/wp-json\/wp\/v2\/comments?post=5413"}],"version-history":[{"count":1,"href":"https:\/\/matrend.hu\/nekedinfo\/wp-json\/wp\/v2\/posts\/5413\/revisions"}],"predecessor-version":[{"id":5415,"href":"https:\/\/matrend.hu\/nekedinfo\/wp-json\/wp\/v2\/posts\/5413\/revisions\/5415"}],"wp:featuredmedia":[{"embeddable":true,"href":"https:\/\/matrend.hu\/nekedinfo\/wp-json\/wp\/v2\/media\/5414"}],"wp:attachment":[{"href":"https:\/\/matrend.hu\/nekedinfo\/wp-json\/wp\/v2\/media?parent=5413"}],"wp:term":[{"taxonomy":"category","embeddable":true,"href":"https:\/\/matrend.hu\/nekedinfo\/wp-json\/wp\/v2\/categories?post=5413"},{"taxonomy":"post_tag","embeddable":true,"href":"https:\/\/matrend.hu\/nekedinfo\/wp-json\/wp\/v2\/tags?post=5413"}],"curies":[{"name":"wp","href":"https:\/\/api.w.org\/{rel}","templated":true}]}}