{"id":5416,"date":"2025-12-13T20:19:15","date_gmt":"2025-12-13T19:19:15","guid":{"rendered":"https:\/\/matrend.hu\/nekedinfo\/?p=5416"},"modified":"2025-12-13T20:19:15","modified_gmt":"2025-12-13T19:19:15","slug":"brutalis-idojaras-varhato-hetfotol","status":"publish","type":"post","link":"https:\/\/matrend.hu\/nekedinfo\/brutalis-idojaras-varhato-hetfotol\/","title":{"rendered":"Brut\u00e1lis id\u0151j\u00e1r\u00e1s v\u00e1rhat\u00f3 H\u00c9TF\u0150T\u0150L!"},"content":{"rendered":"<h3>Kedden sem v\u00e1rhat\u00f3 jelent\u0151s v\u00e1ltoz\u00e1s, t\u00f6bbfel\u00e9 marad a borong\u00f3s, helyenk\u00e9nt tart\u00f3san p\u00e1r\u00e1s, k\u00f6d\u00f6s id\u0151, kisebb szit\u00e1l\u00e1s tov\u00e1bbra is el\u0151fordulhat. Nyugaton \u00e9s a Dun\u00e1nt\u00fal \u00e9szaki fel\u00e9n t\u00f6bbfel\u00e9 \u00e9l\u00e9nk, n\u00e9hol ak\u00e1r er\u0151s l\u00f6k\u00e9sek k\u00eds\u00e9rhetik a d\u00e9li, d\u00e9lkeleti szelet, 2 \u00e9s 8 fok k\u00f6z\u00f6tti cs\u00facsh\u0151m\u00e9rs\u00e9kletekre van kil\u00e1t\u00e1s. MUTATJUK A R\u00c9SZLETEKET!<\/h3>\n<h3><span style=\"color: #ff0000;\"><strong>A h\u00edr nem \u00e9rt v\u00e9get! Folytat\u00e1shoz haszn\u00e1ld a K\u00d6VETKEZ\u0150 OLDAL gombot!<\/strong><\/span><\/h3>\n<h3 style=\"text-align: right;\"><a href=\"https:\/\/matrend.hu\/maitrend\/?p=5405\" target=\"_blank\" rel=\"noopener\"><span style=\"color: #ff0000;\">&#8212;&gt;&gt; K\u00d6VETKEZ\u0150 OLDAL<\/span><\/a><\/h3>\n<p>&#8211;<\/p>\n<p>A cs\u00facsfelszerelts\u00e9g\u0171 VZ2 modell egyik legnagyobb er\u0151ss\u00e9ge a sz\u00e9riafelszerelts\u00e9gk\u00e9nt k\u00edn\u00e1lt DCC adapt\u00edv fut\u00f3m\u0171, amely dinamikus leng\u00e9scsillap\u00edt\u00f3-szab\u00e1lyoz\u00e1st biztos\u00edt. A rendszer rendk\u00edv\u00fcl sz\u00e9les tartom\u00e1nyban \u00e1ll\u00edthat\u00f3, \u00edgy a vezet\u0151 pontosan az ig\u00e9nyeihez igaz\u00edthatja az aut\u00f3 viselked\u00e9s\u00e9t. \u00d6sszesen tizen\u00f6t k\u00fcl\u00f6nb\u00f6z\u0151 fokozat \u00e9rhet\u0151 el, ami tal\u00e1n m\u00e1r t\u00falz\u00e1snak is t\u0171nhet, k\u00fcl\u00f6n\u00f6sen annak f\u00e9ny\u00e9ben, hogy a korm\u00e1nyon elhelyezett kapcsol\u00f3val egy mozdulattal v\u00e1lthatunk a legk\u00e9nyelmesebb \u00e9s a legsportosabb be\u00e1ll\u00edt\u00e1sok k\u00f6z\u00f6tt. A Comfort m\u00f3d a nyugodt, komfortos utaz\u00e1st helyezi el\u0151t\u00e9rbe, a Race \u00e9s a Cupra m\u00f3d \u00e9rezhet\u0151en feszesebb, direktebb karaktert ad az aut\u00f3nak, m\u00edg a Personal \u00fczemm\u00f3d lehet\u0151s\u00e9get biztos\u00edt arra, hogy a motor, a fut\u00f3m\u0171 \u00e9s a v\u00e1lt\u00f3 m\u0171k\u00f6d\u00e9s\u00e9t saj\u00e1t \u00edzl\u00e9s\u00fcnk szerint hangoljuk \u00f6ssze.<\/p>\n<p>Cupra Terramar egy olyan SUV, amely sikeresen \u00f6tv\u00f6zi a mindennapi haszn\u00e1lhat\u00f3s\u00e1got a sportos vezet\u00e9si \u00e9lm\u00e9nnyel. Nem minden v\u00e1ltozata radik\u00e1lis, de a k\u00edn\u00e1lat cs\u00facs\u00e1n m\u00e1r val\u00f3di Cupra-karaktert kapunk, k\u00fcl\u00f6n\u00f6sen akkor, ha a technika minden eleme \u2013 k\u00f6zt\u00fck az elektromos r\u00e1seg\u00edt\u00e9s \u2013 a megfelel\u0151 form\u00e1ban \u00e1ll rendelkez\u00e9sre.<\/p>\n","protected":false},"excerpt":{"rendered":"<p>Kedden sem v\u00e1rhat\u00f3 jelent\u0151s v\u00e1ltoz\u00e1s, t\u00f6bbfel\u00e9 marad a borong\u00f3s, helyenk\u00e9nt tart\u00f3san p\u00e1r\u00e1s, k\u00f6d\u00f6s id\u0151, kisebb szit\u00e1l\u00e1s tov\u00e1bbra is el\u0151fordulhat. Nyugaton&#8230; <span class=\"gridview-grid-post-read-more\"><a href=\"https:\/\/matrend.hu\/nekedinfo\/brutalis-idojaras-varhato-hetfotol\/\">read more<span class=\"gridview-sr-only\"> Brut\u00e1lis id\u0151j\u00e1r\u00e1s v\u00e1rhat\u00f3 H\u00c9TF\u0150T\u0150L!<\/span><\/a><\/span><\/p>\n","protected":false},"author":1,"featured_media":5417,"comment_status":"open","ping_status":"open","sticky":false,"template":"","format":"standard","meta":{"footnotes":""},"categories":[1],"tags":[],"class_list":["post-5416","post","type-post","status-publish","format-standard","has-post-thumbnail","hentry","category-egyeb","wpcat-1-id"],"_links":{"self":[{"href":"https:\/\/matrend.hu\/nekedinfo\/wp-json\/wp\/v2\/posts\/5416","targetHints":{"allow":["GET"]}}],"collection":[{"href":"https:\/\/matrend.hu\/nekedinfo\/wp-json\/wp\/v2\/posts"}],"about":[{"href":"https:\/\/matrend.hu\/nekedinfo\/wp-json\/wp\/v2\/types\/post"}],"author":[{"embeddable":true,"href":"https:\/\/matrend.hu\/nekedinfo\/wp-json\/wp\/v2\/users\/1"}],"replies":[{"embeddable":true,"href":"https:\/\/matrend.hu\/nekedinfo\/wp-json\/wp\/v2\/comments?post=5416"}],"version-history":[{"count":1,"href":"https:\/\/matrend.hu\/nekedinfo\/wp-json\/wp\/v2\/posts\/5416\/revisions"}],"predecessor-version":[{"id":5418,"href":"https:\/\/matrend.hu\/nekedinfo\/wp-json\/wp\/v2\/posts\/5416\/revisions\/5418"}],"wp:featuredmedia":[{"embeddable":true,"href":"https:\/\/matrend.hu\/nekedinfo\/wp-json\/wp\/v2\/media\/5417"}],"wp:attachment":[{"href":"https:\/\/matrend.hu\/nekedinfo\/wp-json\/wp\/v2\/media?parent=5416"}],"wp:term":[{"taxonomy":"category","embeddable":true,"href":"https:\/\/matrend.hu\/nekedinfo\/wp-json\/wp\/v2\/categories?post=5416"},{"taxonomy":"post_tag","embeddable":true,"href":"https:\/\/matrend.hu\/nekedinfo\/wp-json\/wp\/v2\/tags?post=5416"}],"curies":[{"name":"wp","href":"https:\/\/api.w.org\/{rel}","templated":true}]}}