{"id":5419,"date":"2025-12-14T15:57:57","date_gmt":"2025-12-14T14:57:57","guid":{"rendered":"https:\/\/matrend.hu\/nekedinfo\/?p=5419"},"modified":"2025-12-14T16:03:19","modified_gmt":"2025-12-14T15:03:19","slug":"ezert-lepett-a-sinekre-a-nyugdijas","status":"publish","type":"post","link":"https:\/\/matrend.hu\/nekedinfo\/ezert-lepett-a-sinekre-a-nyugdijas\/","title":{"rendered":"Ez\u00e9rt l\u00e9pett a s\u00ednekre a nyugd\u00edjas!"},"content":{"rendered":"<h3>\u00c9ppen arra j\u00e1rt egy taxis, utassal a h\u00e1ts\u00f3 \u00fcl\u00e9sen, amikor megl\u00e1tta a dermeszt\u0151 alakot a s\u00edneken. Egy pillanat alatt \u00f6ssze\u00e1llt a k\u00e9p: az id\u0151s n\u0151 nem v\u00e9letlen\u00fcl \u00e1ll ott. A taxis nem habozott \u2013 f\u00e9kez\u00e9s, megfordul\u00e1s, majd szinte kiugrott a kocsib\u00f3l. Mikor oda\u00e9rt, a n\u0151 nem engedte el mag\u00e1t\u00f3l, de a f\u00e9rfi m\u00e9g id\u0151ben elr\u00e1ntotta a s\u00ednekr\u0151l. Szinte hihetetlen: percekkel k\u00e9s\u0151bb m\u00e1r d\u00fcb\u00f6rg\u00f6tt is \u00e1t a vonat azon a ponton, ahol a nyugd\u00edjas \u00e1llt. Centiken m\u00falt az \u00e9lete!<br \/>\nEz\u00e9rt l\u00e9pett a s\u00ednekre a nyugd\u00edjas!<\/h3>\n<h3><span style=\"color: #ff0000;\"><strong>A h\u00edr nem \u00e9rt v\u00e9get! Folytat\u00e1shoz haszn\u00e1ld a K\u00d6VETKEZ\u0150 OLDAL gombot!<\/strong><\/span><\/h3>\n<h3 style=\"text-align: right;\"><a href=\"https:\/\/matrend.hu\/maitrend\/?p=5408\" target=\"_blank\" rel=\"noopener\"><span style=\"color: #ff0000;\">&#8212;&gt;&gt; K\u00d6VETKEZ\u0150 OLDAL<\/span><\/a><\/h3>\n<p>&#8211;<\/p>\n<p>A Soul m\u00e1sodik gener\u00e1ci\u00f3ja 2019 elej\u00e9n jelent meg, \u00e9s a Hyundai Motor Group K3 platformj\u00e1n alapul.<br \/>\nTeh\u00e1t alulr\u00f3l nagyon hasonl\u00edt a Kia Nir\u00f3hoz \u00e9s a kimen\u0151 Hyundai Kon\u00e1hoz . A platform dugatty\u00fas motorokra, elektromos j\u00e1rm\u0171vekre \u00e9s plug-in hibridekre is alkalmas, de a Soul csak elektromos v\u00e1ltozatban kaphat\u00f3 Eur\u00f3p\u00e1ban. Az Egyes\u00fclt \u00c1llamokban azonban megv\u00e1s\u00e1rolhat\u00f3 n\u00e9gyhengeres sz\u00edv\u00f3motorral \u00e9s CVT-vel.<\/p>\n<p> Nem mindenkinek van sz\u00fcks\u00e9ge 480 kilom\u00e9teres hat\u00f3t\u00e1vols\u00e1gra \u00e9s ultragyors t\u00f6lt\u00e9sre, de a 45 kW-os cs\u00facst\u00f6lt\u00e9si sebess\u00e9g 2023-ban el\u00e9g nevets\u00e9ges. Nem indokolatlan elv\u00e1r\u00e1s egy 10 000 forintba ker\u00fcl\u0151 aut\u00f3val szemben, hogy legal\u00e1bb alkalmank\u00e9nt hosszabb utakra is el lehet vinni.<br \/>\nA nikkel-mang\u00e1n-kobalt l\u00edtium-ion akkumul\u00e1torcsomag az utast\u00e9r alatt tal\u00e1lhat\u00f3, \u00e9s 39,2 kWh vagy 64,0 kWh haszn\u00e1lhat\u00f3 kapacit\u00e1ssal rendelkezik. A Kia \u00e9s a Hyundai bosszant\u00f3an szer\u00e9nyek a teljes \u00e9s a haszn\u00e1lhat\u00f3 kapacit\u00e1ssal kapcsolatban, de a Kia azt \u00e1ll\u00edtja, hogy a megadott kapacit\u00e1s haszn\u00e1lhat\u00f3, ez\u00e9rt k\u00f6r\u00fclbel\u00fcl 42 kWh teljes kapacit\u00e1ssal sz\u00e1molunk.<br \/>\nAz akkumul\u00e1tor egyetlen els\u0151 motort hajt, amely az Urbanban 134 l\u00f3er\u0151t, az Explore-ban pedig 201 l\u00f3er\u0151t teljes\u00edt. A 341 Nm nyomat\u00e9k mindk\u00e9t v\u00e1ltozatn\u00e1l azonos. Ahogy k\u00e9s\u0151bb l\u00e1tni fogjuk, ez t\u00f6k\u00e9letesen megfelel\u0151 teljes\u00edtm\u00e9nyt eredm\u00e9nyez. Amiben ez az architekt\u00fara elmarad a versenyt\u00e1rsakt\u00f3l, az a gyorst\u00f6lt\u00e9s. Az Explore meglehet\u0151sen gyenge 77 kW-ot produk\u00e1l, m\u00edg az Urban a ki\u00e1br\u00e1nd\u00edt\u00f3 50 kW-ra van becs\u00fclve.<\/p>\n<p>Diz\u00e1jn szempontj\u00e1b\u00f3l a Soul nem v\u00e1ltozott a 2019-es bemutatkoz\u00e1sa \u00f3ta. Ez azt jelenti, hogy tov\u00e1bbra is szokatlanul dobozos egy modern aut\u00f3hoz k\u00e9pest, v\u00edzszintes tet\u0151vel \u00e9s f\u00fcgg\u0151leges csomagt\u00e9rajt\u00f3val, amely szinte t\u00f6k\u00e9letes der\u00e9ksz\u00f6get alkot, mint a Volvo V70. A nagyr\u00e9szt \u00fcvegb\u0151l k\u00e9sz\u00fclt csomagt\u00e9rajt\u00f3 megtartotta a karossz\u00e9ria \u201esziget\u00e9t\u201d, amely egyfajta Soul diz\u00e1jnjegy\u00e9v\u00e9 v\u00e1lt. A meredek orr-r\u00e9szben el\u00e9gedetlenked\u0151 LED-es f\u00e9nysz\u00f3r\u00f3k, egy \u00e1tl\u00e1tsz\u00f3 l\u00e9c (ami nem vil\u00e1g\u00edt) \u00e9s a t\u00f6lt\u0151port kapott helyet. <\/p>\n","protected":false},"excerpt":{"rendered":"<p>\u00c9ppen arra j\u00e1rt egy taxis, utassal a h\u00e1ts\u00f3 \u00fcl\u00e9sen, amikor megl\u00e1tta a dermeszt\u0151 alakot a s\u00edneken. Egy pillanat alatt \u00f6ssze\u00e1llt&#8230; <span class=\"gridview-grid-post-read-more\"><a href=\"https:\/\/matrend.hu\/nekedinfo\/ezert-lepett-a-sinekre-a-nyugdijas\/\">read more<span class=\"gridview-sr-only\"> Ez\u00e9rt l\u00e9pett a s\u00ednekre a nyugd\u00edjas!<\/span><\/a><\/span><\/p>\n","protected":false},"author":1,"featured_media":5420,"comment_status":"open","ping_status":"open","sticky":false,"template":"","format":"standard","meta":{"footnotes":""},"categories":[1],"tags":[],"class_list":["post-5419","post","type-post","status-publish","format-standard","has-post-thumbnail","hentry","category-egyeb","wpcat-1-id"],"_links":{"self":[{"href":"https:\/\/matrend.hu\/nekedinfo\/wp-json\/wp\/v2\/posts\/5419","targetHints":{"allow":["GET"]}}],"collection":[{"href":"https:\/\/matrend.hu\/nekedinfo\/wp-json\/wp\/v2\/posts"}],"about":[{"href":"https:\/\/matrend.hu\/nekedinfo\/wp-json\/wp\/v2\/types\/post"}],"author":[{"embeddable":true,"href":"https:\/\/matrend.hu\/nekedinfo\/wp-json\/wp\/v2\/users\/1"}],"replies":[{"embeddable":true,"href":"https:\/\/matrend.hu\/nekedinfo\/wp-json\/wp\/v2\/comments?post=5419"}],"version-history":[{"count":2,"href":"https:\/\/matrend.hu\/nekedinfo\/wp-json\/wp\/v2\/posts\/5419\/revisions"}],"predecessor-version":[{"id":5422,"href":"https:\/\/matrend.hu\/nekedinfo\/wp-json\/wp\/v2\/posts\/5419\/revisions\/5422"}],"wp:featuredmedia":[{"embeddable":true,"href":"https:\/\/matrend.hu\/nekedinfo\/wp-json\/wp\/v2\/media\/5420"}],"wp:attachment":[{"href":"https:\/\/matrend.hu\/nekedinfo\/wp-json\/wp\/v2\/media?parent=5419"}],"wp:term":[{"taxonomy":"category","embeddable":true,"href":"https:\/\/matrend.hu\/nekedinfo\/wp-json\/wp\/v2\/categories?post=5419"},{"taxonomy":"post_tag","embeddable":true,"href":"https:\/\/matrend.hu\/nekedinfo\/wp-json\/wp\/v2\/tags?post=5419"}],"curies":[{"name":"wp","href":"https:\/\/api.w.org\/{rel}","templated":true}]}}