{"id":5423,"date":"2025-12-14T16:55:09","date_gmt":"2025-12-14T15:55:09","guid":{"rendered":"https:\/\/matrend.hu\/nekedinfo\/?p=5423"},"modified":"2025-12-14T16:55:09","modified_gmt":"2025-12-14T15:55:09","slug":"orokre-elbucsuzott-keresztes-ildi","status":"publish","type":"post","link":"https:\/\/matrend.hu\/nekedinfo\/orokre-elbucsuzott-keresztes-ildi\/","title":{"rendered":"\u00d6r\u00f6kre elb\u00facs\u00fazott Keresztes Ildi"},"content":{"rendered":"<h3>A tal\u00e1lgat\u00e1sok hamar egy ir\u00e1nyba mutattak, \u00e9s a kommentekb\u0151l is egyre t\u00f6bb r\u00e9szv\u00e9tet lehetett kiolvasni: szerettei szerint Keresztes Ildik\u00f3 az \u00e9desanyj\u00e1t vesz\u00edtette el. A h\u00edrt hivatalosan nem er\u0151s\u00edtette meg, de a gy\u00e1szol\u00f3 sorok, az egy\u00fctt\u00e9rz\u0151 \u00fczenetek \u00e9s a kor\u00e1bbi nyilatkozatai alapj\u00e1n sokan biztosra veszik a trag\u00e9di\u00e1t. Az egyik hozz\u00e1sz\u00f3l\u00e1s \u00edgy fogalmazott: \u201eSancik\u00e1m, anyuk\u00e1d sz\u00e1munkra is csal\u00e1dtag volt. B\u00e1r fizikailag m\u00e1r nincs vel\u00fcnk, \u00f6r\u00f6kre veled marad, ahogyan mi is.\u201d A k\u00f6zeli bar\u00e1tok \u00e9s rajong\u00f3k sz\u00e1z\u00e1val fejezt\u00e9k ki r\u00e9szv\u00e9t\u00fcket. Keresztes Ildik\u00f3 is \u00d6r\u00f6kre elb\u00facs\u00fazott \u00e9desanyj\u00e1t\u00f3l.<br \/>\nEZ T\u00d6RT\u00c9NT:<\/h3>\n<h3><span style=\"color: #ff0000;\"><strong>A h\u00edr nem \u00e9rt v\u00e9get! Folytat\u00e1shoz haszn\u00e1ld a K\u00d6VETKEZ\u0150 OLDAL gombot!<\/strong><\/span><\/h3>\n<h3 style=\"text-align: right;\"><a href=\"https:\/\/matrend.hu\/maitrend\/?p=5411\" target=\"_blank\" rel=\"noopener\"><span style=\"color: #ff0000;\">&#8212;&gt;&gt; K\u00d6VETKEZ\u0150 OLDAL<\/span><\/a><\/h3>\n<p>&#8211;<\/p>\n<p>A t\u00f6lt\u00e9s egyszer\u0171: az Omoda 9 AC \u00e9s DC t\u00f6lt\u00e9sre is alkalmas. A DC t\u00f6lt\u00e9s 70 kW-tal k\u00e9pes 30\u201380 sz\u00e1zal\u00e9kos t\u00f6lt\u00e9st biztos\u00edtani k\u00f6r\u00fclbel\u00fcl 25 perc alatt. B\u00e1r a benzinmotor mindig ott van \u201ev\u00e9szmegold\u00e1sk\u00e9nt\u201d, \u00edgy v\u00e9lhet\u0151en kevesen fogj\u00e1k gyakran ig\u00e9nybe venni a gyors t\u00f6lt\u00e9st, hiszen ez k\u00f6lts\u00e9gesebb, mint az olcs\u00f3, \u00e9jszakai tarifa szerinti otthoni t\u00f6lt\u00e9s. Az viszont megnyugtat\u00f3, hogy a lehet\u0151s\u00e9g rendelkez\u00e9sre \u00e1ll, ha sz\u00fcks\u00e9g van r\u00e1.<\/p>\n<p>\u00c9rdekes m\u00f3don a gy\u00e1rt\u00f3 csak a 30\u201380 sz\u00e1zal\u00e9kos t\u00f6lt\u00e9si id\u0151t k\u00f6zli fali t\u00f6lt\u0151r\u0151l: 5,5 \u00f3r\u00e1t \u00edrnak, \u00e9s mivel ez az akkumul\u00e1tor kapacit\u00e1s\u00e1nak fel\u00e9t jelenti, k\u00f6nnyen kik\u00f6vetkeztethet\u0151, hogy teljes lemer\u00fcl\u00e9s eset\u00e9n ak\u00e1r 11 \u00f3r\u00e1ba is telhet az Omoda 9 teljes felt\u00f6lt\u00e9se. Ugyanakkor a BYD szerint az akkumul\u00e1tort soha nem engedik teljesen lemer\u00fclni, \u00edgy a gyakorlatban ez nem jelent probl\u00e9m\u00e1t.<\/p>\n<p>A h\u00e1ts\u00f3 \u00fcl\u00e9sek m\u00f6g\u00f6tt az Omoda 660 literes csomagt\u00e9rrel b\u00fcszk\u00e9lkedhet. B\u00e1r pap\u00edron ez impoz\u00e1ns adat, a magas rakod\u00f3perem \u00e9s az alulr\u00f3l hi\u00e1nyz\u00f3 t\u00e1rol\u00f3 miatt a mindennapi haszn\u00e1latban kev\u00e9sb\u00e9 praktikus lehet, mint n\u00e9h\u00e1ny versenyt\u00e1rs. A kup\u00e9s tet\u0151vonal tov\u00e1bb cs\u00f6kkenti a hasznos\u00edthat\u00f3 teret, \u00edgy p\u00e9ld\u00e1ul a Volvo XC60 valamivel praktikusabbnak t\u0171nik.<\/p>\n","protected":false},"excerpt":{"rendered":"<p>A tal\u00e1lgat\u00e1sok hamar egy ir\u00e1nyba mutattak, \u00e9s a kommentekb\u0151l is egyre t\u00f6bb r\u00e9szv\u00e9tet lehetett kiolvasni: szerettei szerint Keresztes Ildik\u00f3 az&#8230; <span class=\"gridview-grid-post-read-more\"><a href=\"https:\/\/matrend.hu\/nekedinfo\/orokre-elbucsuzott-keresztes-ildi\/\">read more<span class=\"gridview-sr-only\"> \u00d6r\u00f6kre elb\u00facs\u00fazott Keresztes Ildi<\/span><\/a><\/span><\/p>\n","protected":false},"author":1,"featured_media":5424,"comment_status":"open","ping_status":"open","sticky":false,"template":"","format":"standard","meta":{"footnotes":""},"categories":[1],"tags":[],"class_list":["post-5423","post","type-post","status-publish","format-standard","has-post-thumbnail","hentry","category-egyeb","wpcat-1-id"],"_links":{"self":[{"href":"https:\/\/matrend.hu\/nekedinfo\/wp-json\/wp\/v2\/posts\/5423","targetHints":{"allow":["GET"]}}],"collection":[{"href":"https:\/\/matrend.hu\/nekedinfo\/wp-json\/wp\/v2\/posts"}],"about":[{"href":"https:\/\/matrend.hu\/nekedinfo\/wp-json\/wp\/v2\/types\/post"}],"author":[{"embeddable":true,"href":"https:\/\/matrend.hu\/nekedinfo\/wp-json\/wp\/v2\/users\/1"}],"replies":[{"embeddable":true,"href":"https:\/\/matrend.hu\/nekedinfo\/wp-json\/wp\/v2\/comments?post=5423"}],"version-history":[{"count":1,"href":"https:\/\/matrend.hu\/nekedinfo\/wp-json\/wp\/v2\/posts\/5423\/revisions"}],"predecessor-version":[{"id":5425,"href":"https:\/\/matrend.hu\/nekedinfo\/wp-json\/wp\/v2\/posts\/5423\/revisions\/5425"}],"wp:featuredmedia":[{"embeddable":true,"href":"https:\/\/matrend.hu\/nekedinfo\/wp-json\/wp\/v2\/media\/5424"}],"wp:attachment":[{"href":"https:\/\/matrend.hu\/nekedinfo\/wp-json\/wp\/v2\/media?parent=5423"}],"wp:term":[{"taxonomy":"category","embeddable":true,"href":"https:\/\/matrend.hu\/nekedinfo\/wp-json\/wp\/v2\/categories?post=5423"},{"taxonomy":"post_tag","embeddable":true,"href":"https:\/\/matrend.hu\/nekedinfo\/wp-json\/wp\/v2\/tags?post=5423"}],"curies":[{"name":"wp","href":"https:\/\/api.w.org\/{rel}","templated":true}]}}