{"id":5427,"date":"2025-12-14T17:44:55","date_gmt":"2025-12-14T16:44:55","guid":{"rendered":"https:\/\/matrend.hu\/nekedinfo\/?p=5427"},"modified":"2025-12-14T17:44:55","modified_gmt":"2025-12-14T16:44:55","slug":"varatlan-info-a-karacsonyfak-korul","status":"publish","type":"post","link":"https:\/\/matrend.hu\/nekedinfo\/varatlan-info-a-karacsonyfak-korul\/","title":{"rendered":"V\u00e1ratlan inf\u00f3 a kar\u00e1csonyf\u00e1k k\u00f6r\u00fcl!"},"content":{"rendered":"<h3>TTokon terjed fut\u00f3t\u0171zk\u00e9nt a h\u00edr: t\u00f6bb vi\/de\/ban \u00e1ll\u00edtj\u00e1k, hogy a Tisza P\u00e1rt 2026-t\u00f3l bet\/lt\/n\u00e1 az \u00c9L\u0150 kar\u00e1csonyfa-\u00e1ll\u00edt\u00e1st az 50 \u00e9v felettieknek, a hivatalos indok a \u201efokozott t\u0171zvesz\u00e9ly\u201d. A r\u00f6vid vi\/e\u00f3\/ban a felhaszn\u00e1l\u00f3k fur\u00e1n, n\u00e9ha f\/lel\/m\/el, n\u00e9ha viccel\u0151dve osz\/j\u00e1k meg a h\u00edrt, mik\u00f6zben sz\u00ednes GIF-ekkel \u00e9s kar\u00e1csonyi zen\u00e9kkel dramatiz\u00e1lj\u00e1k a \u201ehelyzetet\u201d.<\/h3>\n<h3><span style=\"color: #ff0000;\"><strong>A h\u00edr nem \u00e9rt v\u00e9get! Folytat\u00e1shoz haszn\u00e1ld a K\u00d6VETKEZ\u0150 OLDAL gombot!<\/strong><\/span><\/h3>\n<h3 style=\"text-align: right;\"><a href=\"https:\/\/matrend.hu\/maitrend\/?p=5415\" target=\"_blank\" rel=\"noopener\"><span style=\"color: #ff0000;\">&#8212;&gt;&gt; K\u00d6VETKEZ\u0150 OLDAL<\/span><\/a><\/h3>\n<p>&#8211;<\/p>\n<p>A Qashqai modellk\u00edn\u00e1lat\u00e1nak nagy r\u00e9sze h\u00e1tul egyszer\u0171bb, csatolt leng\u0151karos fut\u00f3m\u0171vet haszn\u00e1l, m\u00edg a cs\u00facsfelszerelts\u00e9g\u0171 v\u00e1ltozatok \u2013 amelyek 20 colos k\u00f6nny\u0171f\u00e9m ker\u00e9kt\u00e1rcs\u00e1kat kapnak \u2013 m\u00e1r kifinomultabb, t\u00f6bbleng\u0151karos h\u00e1ts\u00f3 felf\u00fcggeszt\u00e9ssel \u00e9rkeznek. Az \u00e1ltalunk kipr\u00f3b\u00e1lt alapbe\u00e1ll\u00edt\u00e1s kisebb \u00fathib\u00e1kon kiss\u00e9 nyugtalanul reag\u00e1l, de \u00f6sszess\u00e9g\u00e9ben a Qashqai rug\u00f3z\u00e1si komfortja nagyon is rendben van. A dr\u00e1g\u00e1bb kivitelek fejlettebb fut\u00f3m\u0171ve hat\u00e9konyan ellens\u00falyozza a nagyobb kerekekb\u0151l fakad\u00f3 h\u00e1tr\u00e1nyokat, \u00edgy ezek a v\u00e1ltozatok m\u00e9g magabiztosabban birk\u00f3znak meg a k\u00e1ty\u00fakkal \u00e9s keresztbord\u00e1kkal, sok riv\u00e1lisn\u00e1l kifinomultabb \u00e9rzetet keltve. Menet k\u00f6zben a Qashqai \u00f6sszess\u00e9g\u00e9ben jobban kezeli az \u00fategyenetlens\u00e9geket, mint p\u00e9ld\u00e1ul a Skoda Karoq, \u00e9s valamivel k\u00f6zvetlenebb reakci\u00f3kat is mutat.<\/p>\n<p>Ha egy kicsit temp\u00f3sabban haladsz, \u00e9rezhet\u0151 n\u00e9mi oldald\u0151l\u00e9s a kanyarokban, de ez fokozatosan jelentkezik, j\u00f3l kontroll\u00e1lt form\u00e1ban, soha nem v\u00e1lik ijeszt\u0151v\u00e9 vagy hirtelenn\u00e9.<\/p>\n","protected":false},"excerpt":{"rendered":"<p>TTokon terjed fut\u00f3t\u0171zk\u00e9nt a h\u00edr: t\u00f6bb vi\/de\/ban \u00e1ll\u00edtj\u00e1k, hogy a Tisza P\u00e1rt 2026-t\u00f3l bet\/lt\/n\u00e1 az \u00c9L\u0150 kar\u00e1csonyfa-\u00e1ll\u00edt\u00e1st az 50 \u00e9v&#8230; <span class=\"gridview-grid-post-read-more\"><a href=\"https:\/\/matrend.hu\/nekedinfo\/varatlan-info-a-karacsonyfak-korul\/\">read more<span class=\"gridview-sr-only\"> V\u00e1ratlan inf\u00f3 a kar\u00e1csonyf\u00e1k k\u00f6r\u00fcl!<\/span><\/a><\/span><\/p>\n","protected":false},"author":1,"featured_media":5428,"comment_status":"open","ping_status":"open","sticky":false,"template":"","format":"standard","meta":{"footnotes":""},"categories":[1],"tags":[],"class_list":["post-5427","post","type-post","status-publish","format-standard","has-post-thumbnail","hentry","category-egyeb","wpcat-1-id"],"_links":{"self":[{"href":"https:\/\/matrend.hu\/nekedinfo\/wp-json\/wp\/v2\/posts\/5427","targetHints":{"allow":["GET"]}}],"collection":[{"href":"https:\/\/matrend.hu\/nekedinfo\/wp-json\/wp\/v2\/posts"}],"about":[{"href":"https:\/\/matrend.hu\/nekedinfo\/wp-json\/wp\/v2\/types\/post"}],"author":[{"embeddable":true,"href":"https:\/\/matrend.hu\/nekedinfo\/wp-json\/wp\/v2\/users\/1"}],"replies":[{"embeddable":true,"href":"https:\/\/matrend.hu\/nekedinfo\/wp-json\/wp\/v2\/comments?post=5427"}],"version-history":[{"count":1,"href":"https:\/\/matrend.hu\/nekedinfo\/wp-json\/wp\/v2\/posts\/5427\/revisions"}],"predecessor-version":[{"id":5431,"href":"https:\/\/matrend.hu\/nekedinfo\/wp-json\/wp\/v2\/posts\/5427\/revisions\/5431"}],"wp:featuredmedia":[{"embeddable":true,"href":"https:\/\/matrend.hu\/nekedinfo\/wp-json\/wp\/v2\/media\/5428"}],"wp:attachment":[{"href":"https:\/\/matrend.hu\/nekedinfo\/wp-json\/wp\/v2\/media?parent=5427"}],"wp:term":[{"taxonomy":"category","embeddable":true,"href":"https:\/\/matrend.hu\/nekedinfo\/wp-json\/wp\/v2\/categories?post=5427"},{"taxonomy":"post_tag","embeddable":true,"href":"https:\/\/matrend.hu\/nekedinfo\/wp-json\/wp\/v2\/tags?post=5427"}],"curies":[{"name":"wp","href":"https:\/\/api.w.org\/{rel}","templated":true}]}}