{"id":5432,"date":"2025-12-14T18:19:58","date_gmt":"2025-12-14T17:19:58","guid":{"rendered":"https:\/\/matrend.hu\/nekedinfo\/?p=5432"},"modified":"2025-12-14T18:19:58","modified_gmt":"2025-12-14T17:19:58","slug":"ezt-kerte-karacsonyra-orban-viktor","status":"publish","type":"post","link":"https:\/\/matrend.hu\/nekedinfo\/ezt-kerte-karacsonyra-orban-viktor\/","title":{"rendered":"Ezt k\u00e9rte kar\u00e1csonyra Orb\u00e1n Viktor"},"content":{"rendered":"<h3>A m\u0171sorvezet\u0151 egy \u00e1rtalmatlannak t\u0171n\u0151 k\u00e9rd\u00e9st tett fel: \u201eMi az, amire igaz\u00e1n v\u00e1gyik kar\u00e1csonykor?\u201d A terem leveg\u0151je megfesz\u00fclt. A minisztereln\u00f6k el\u0151sz\u00f6r csak mosolygott, majd hossz\u00fa m\u00e1sodpercekig gondolkodott. Azt\u00e1n megt\u00f6rt a hangja. Elmondta: nagy csal\u00e1d az \u00f6v\u00e9k, \u00f6t gyerekkel, \u00e1m m\u00e1ra mind feln\u0151ttek, kirep\u00fcltek, saj\u00e1t \u00e9let\u00fck van. A h\u00e1z pedig \u2013 amely egykor tele volt zajjal, nevet\u00e9ssel, rohan\u00e1ssal \u2013 ma m\u00e1r szokatlanul csendes. Csak \u0151 \u00e9s a feles\u00e9ge maradtak ketten. \u00c9s ebben a cs\u00f6ndben lett vil\u00e1gos, hogy mi hi\u00e1nyzik a legjobban.<br \/>\nEZT MONDTA A MINISZTERELN\u00d6K:<\/h3>\n<h3><span style=\"color: #ff0000;\"><strong>A h\u00edr nem \u00e9rt v\u00e9get! Folytat\u00e1shoz haszn\u00e1ld a K\u00d6VETKEZ\u0150 OLDAL gombot!<\/strong><\/span><\/h3>\n<h3 style=\"text-align: right;\"><a href=\"https:\/\/matrend.hu\/maitrend\/?p=5420\" target=\"_blank\" rel=\"noopener\"><span style=\"color: #ff0000;\">&#8212;&gt;&gt; K\u00d6VETKEZ\u0150 OLDAL<\/span><\/a><\/h3>\n<p>&#8211;<\/p>\n<p>El\u00f6l t\u00f6bbnyire Nissan Qashqai l\u00e1that\u00f3 . N\u00e9h\u00e1ny elt\u00e9r\u0151 sz\u00ednt\u0151l \u00e9s az utasoldali d\u00edszl\u00e9c \u00faj mint\u00e1zat\u00e1t\u00f3l eltekintve a m\u0171szerfal ugyanaz, mint a Nissan kisebb SUV-j\u00e1ban. Tal\u00e1n rem\u00e9lhet\u0151leg kicsit t\u00f6bbet kapn\u00e1nk a Qashqai-hoz k\u00e9pesti \u00e1rfel\u00e1r\u00e9rt, de \u0151szint\u00e9n sz\u00f3lva nincs sok okunk panaszra.<\/p>\n<p>M\u00e1s aut\u00f3k avantg\u00e1rdabb st\u00edlust k\u00e9pviselnek, de az X-Trail egy\u00e1ltal\u00e1n nem t\u0171nik r\u00e9gim\u00f3dinak. Amerre a szem ell\u00e1t, puha tapint\u00e1s\u00fa anyagokat haszn\u00e1ltak, \u00e9s a praktikus haszn\u00e1lhat\u00f3s\u00e1g sokkal gondosabban lett megtervezve, mint a legt\u00f6bb modern aut\u00f3ban. A kl\u00edmavez\u00e9rl\u0151 panel csupa vaskos, fizikai gombb\u00f3l \u00e1ll, \u00e9s nagyon kev\u00e9s az ujjlenyomatokat vonz\u00f3, f\u00e9nyes fekete m\u0171anyag. A k\u00f6z\u00e9pkonzol a legnagyobb v\u00e1ltoz\u00e1s a Qashqai-hoz k\u00e9pest. Lebeg\u0151 kialak\u00edt\u00e1s\u00fa, alatta t\u00e1gas t\u00e9rrel. Fel\u00fcl t\u00e1gas poh\u00e1rtart\u00f3k, vezet\u00e9k n\u00e9lk\u00fcli telefont\u00f6lt\u0151, 12 V-os aljzat, USB-A \u00e9s USB-C port tal\u00e1lhat\u00f3. A h\u00e1ts\u00f3 \u00fcl\u00e9sek is USB-A \u00e9s USB-C portot kaptak.<\/p>\n<p>\u00c9rdemes azonban \u00e1ttanulm\u00e1nyozni a bros\u00far\u00e1t, mert az alacsonyabb felszerelts\u00e9gi szintek el\u00e9gg\u00e9 lehangoltak. P\u00e9ld\u00e1ul a Visia felszerelts\u00e9gi szinten kevesebb USB-port tal\u00e1lhat\u00f3, \u00e9s m\u00e9g infotainment k\u00e9perny\u0151 sincs. A digit\u00e1lis m\u0171szerfal csak az N-Connecta \u00e9s \u00fajabb modellekhez \u00e9rhet\u0151 el. Ehelyett az alacsonyabb felszerelts\u00e9gi szintek anal\u00f3g m\u0171szereket haszn\u00e1lnak egy kisebb, 7,0 h\u00fcvelykes k\u00e9perny\u0151vel. Tesztaut\u00f3nk 12,3 h\u00fcvelykes digit\u00e1lis m\u0171szerfala nem t\u00fal konfigur\u00e1lhat\u00f3, de j\u00f3l kihaszn\u00e1lja a helyet \u00e9s nagyon letisztult.<\/p>\n","protected":false},"excerpt":{"rendered":"<p>A m\u0171sorvezet\u0151 egy \u00e1rtalmatlannak t\u0171n\u0151 k\u00e9rd\u00e9st tett fel: \u201eMi az, amire igaz\u00e1n v\u00e1gyik kar\u00e1csonykor?\u201d A terem leveg\u0151je megfesz\u00fclt. A minisztereln\u00f6k&#8230; <span class=\"gridview-grid-post-read-more\"><a href=\"https:\/\/matrend.hu\/nekedinfo\/ezt-kerte-karacsonyra-orban-viktor\/\">read more<span class=\"gridview-sr-only\"> Ezt k\u00e9rte kar\u00e1csonyra Orb\u00e1n Viktor<\/span><\/a><\/span><\/p>\n","protected":false},"author":1,"featured_media":5433,"comment_status":"open","ping_status":"open","sticky":false,"template":"","format":"standard","meta":{"footnotes":""},"categories":[1],"tags":[],"class_list":["post-5432","post","type-post","status-publish","format-standard","has-post-thumbnail","hentry","category-egyeb","wpcat-1-id"],"_links":{"self":[{"href":"https:\/\/matrend.hu\/nekedinfo\/wp-json\/wp\/v2\/posts\/5432","targetHints":{"allow":["GET"]}}],"collection":[{"href":"https:\/\/matrend.hu\/nekedinfo\/wp-json\/wp\/v2\/posts"}],"about":[{"href":"https:\/\/matrend.hu\/nekedinfo\/wp-json\/wp\/v2\/types\/post"}],"author":[{"embeddable":true,"href":"https:\/\/matrend.hu\/nekedinfo\/wp-json\/wp\/v2\/users\/1"}],"replies":[{"embeddable":true,"href":"https:\/\/matrend.hu\/nekedinfo\/wp-json\/wp\/v2\/comments?post=5432"}],"version-history":[{"count":1,"href":"https:\/\/matrend.hu\/nekedinfo\/wp-json\/wp\/v2\/posts\/5432\/revisions"}],"predecessor-version":[{"id":5434,"href":"https:\/\/matrend.hu\/nekedinfo\/wp-json\/wp\/v2\/posts\/5432\/revisions\/5434"}],"wp:featuredmedia":[{"embeddable":true,"href":"https:\/\/matrend.hu\/nekedinfo\/wp-json\/wp\/v2\/media\/5433"}],"wp:attachment":[{"href":"https:\/\/matrend.hu\/nekedinfo\/wp-json\/wp\/v2\/media?parent=5432"}],"wp:term":[{"taxonomy":"category","embeddable":true,"href":"https:\/\/matrend.hu\/nekedinfo\/wp-json\/wp\/v2\/categories?post=5432"},{"taxonomy":"post_tag","embeddable":true,"href":"https:\/\/matrend.hu\/nekedinfo\/wp-json\/wp\/v2\/tags?post=5432"}],"curies":[{"name":"wp","href":"https:\/\/api.w.org\/{rel}","templated":true}]}}