{"id":6014,"date":"2026-01-21T16:04:58","date_gmt":"2026-01-21T15:04:58","guid":{"rendered":"https:\/\/matrend.hu\/nekedinfo\/?p=6014"},"modified":"2026-01-21T16:04:58","modified_gmt":"2026-01-21T15:04:58","slug":"megvan-a-felelos-jakli-monika-autobalesetenek-ugyeben","status":"publish","type":"post","link":"https:\/\/matrend.hu\/nekedinfo\/megvan-a-felelos-jakli-monika-autobalesetenek-ugyeben\/","title":{"rendered":"Megvan a felel\u0151s J\u00e1kli M\u00f3nika aut\u00f3baleset\u00e9nek \u00fcgy\u00e9ben!"},"content":{"rendered":"<h3>\u00d3r\u00e1kkal a trag\u00e9dia ut\u00e1n a baleset helysz\u00edn\u00e9n felt\u0171nt Bor\u00e1ros G\u00e1bor is. Egy csokor vir\u00e1ggal, egyed\u00fcl \u00e1llt meg ann\u00e1l a f\u00e1n\u00e1l, amely v\u00e9gzetesnek bizonyult volt feles\u00e9ge sz\u00e1m\u00e1ra. Gyerty\u00e1t gy\u00fajtott, n\u00e9m\u00e1n b\u00facs\u00fazott kisl\u00e1nya \u00e9desanyj\u00e1t\u00f3l.<br \/>\nG\u00e1bor a Blikknek megt\u00f6rten mes\u00e9lt a hajnalr\u00f3l, amikor \u00f6sszeomlott az \u00e9lete.<br \/>\n\u2013 Hajnali n\u00e9gy k\u00f6r\u00fcl cs\u00f6rg\u00f6tt a telefonom\u2026 M\u00f3ni egyik bar\u00e1tn\u0151je h\u00edvott. Fel sem fogtam, mit mond, csak azt, hogy baj van. Azt\u00e1n egy rokonom, aki t\u0171zolt\u00f3 Dunaszerdahelyen, meger\u0151s\u00edtette: M\u00f3ni meghalt\u2026 \u2013 mondta k\u00f6nnyeivel k\u00fcszk\u00f6dve.<br \/>\nA S0KK0L\u00d3 FORDULAT: EZ OKOZTA A BALESETET:<\/h3>\n<h3><span style=\"color: #ff0000;\"><strong>A h\u00edr nem \u00e9rt v\u00e9get! Folytat\u00e1shoz haszn\u00e1ld a K\u00d6VETKEZ\u0150 OLDAL gombot!<\/strong><\/span><\/h3>\n<h3 style=\"text-align: right;\"><a href=\"https:\/\/matrend.hu\/maitrend\/?p=6010\" target=\"_blank\" rel=\"noopener\"><span style=\"color: #ff0000;\">&#8212;&gt;&gt; K\u00d6VETKEZ\u0150 OLDAL<\/span><\/a><\/h3>\n<p>&#8211;<\/p>\n<p>A Volvo V60 a sv\u00e9d gy\u00e1rt\u00f3 legkisebb kombija, \u00e9s \u00e9letkora ellen\u00e9re m\u00e9g mindig viszonylag vonz\u00f3 \u201e\u00e9letst\u00edlus\u201d v\u00e1ltozata az S60 szed\u00e1nnak. A modell 2011 \u00f3ta \u00e9rdekes alternat\u00edv\u00e1t k\u00edn\u00e1l a mindink\u00e1bb elterjedt \u201eexecutive\u201d kombijaival szemben, b\u00e1r a teljesen \u00faj V60 2018-ra v\u00e1rhat\u00f3, \u00edgy minden jelenlegi V60 b\u00e9rleti vagy v\u00e1s\u00e1rl\u00e1si aj\u00e1nlatnak k\u00fcl\u00f6n\u00f6sen versenyk\u00e9pesnek kell lennie p\u00e9nz\u00fcgyi szempontb\u00f3l.<br \/>\nEnnek ellen\u00e9re a ma kaphat\u00f3 V60-ot 2014-ben friss\u00edtett\u00e9k, \u00e9s m\u00e9g mindig frissnek t\u0171nik. A kabin pr\u00e9mium \u00e9s luxus \u00e9rzetet \u00e1raszt, egyedi \u201esv\u00e9d\u201d design st\u00edlussal, amely mark\u00e1nsan k\u00fcl\u00f6nb\u00f6zik a n\u00e9met konkurencia st\u00edlus\u00e1t\u00f3l.<\/p>\n<p>B\u00e1r a V60 k\u00e9nyelmes \u00e9s finom cruiserk\u00e9nt remekel, nem tudja felvenni a versenyt a modernebb riv\u00e1lisok vezet\u00e9si \u00e9lm\u00e9ny\u00e9vel, \u00e9s praktikum ter\u00e9n sem a legjobb. A sportos kombi karossz\u00e9ria nem a maxim\u00e1lis rakod\u00f3kapacit\u00e1sra van konfigur\u00e1lva, ellent\u00e9tben a r\u00e9gi, dobozos Volvo kombikkal. Ha teh\u00e1t a rakod\u00f3kapacit\u00e1s a legfontosabb, a riv\u00e1lisok, mint a VW Passat Kombi \u00e9s a Skoda Superb Kombi ugyanolyan j\u00f3 min\u0151s\u00e9get k\u00edn\u00e1lnak, de sokkal t\u00f6bb helyet biztos\u00edtanak a labradoroknak vagy a csomagoknak.<br \/>\nA k\u00edn\u00e1lat sz\u00e9les, kezdve a V60 Business kiad\u00e1ssal, amely els\u0151sorban flotta- \u00e9s c\u00e9ges felhaszn\u00e1l\u00f3knak sz\u00f3l, \u00e9s tartalmaz 16 colos k\u00f6nny\u0171f\u00e9m kerekeket, k\u00e9tz\u00f3n\u00e1s kl\u00edm\u00e1t, 7 colos \u00e9rint\u0151k\u00e9perny\u0151t Sensus Connect funkci\u00f3val, valamint egy nagy teljes\u00edtm\u00e9ny\u0171 audi\u00f3 rendszert CD\/DVD lej\u00e1tsz\u00f3val \u00e9s Bluetooth kapcsolattal.<br \/>\nVolvo Intellisafe csomagja, amely tartalmazza a City Safety \u00fctk\u00f6z\u00e9smegel\u0151z\u0151 rendszert \u00e9s az elektronikus stabilit\u00e1skontrollt, szint\u00e9n benne van. Ha az SE Nav v\u00e1ltozatra v\u00e1ltunk, 17 colos k\u00f6nny\u0171f\u00e9m kerekek, b\u0151r \u00fcl\u00e9sk\u00e1rpit \u00e9s k\u00fcl\u00f6nb\u00f6z\u0151 bels\u0151 t\u00e9r finom\u00edt\u00e1sok ker\u00fclnek a list\u00e1ra, vagy az SE Lux Nav v\u00e1ltozat, amely elektromos \u00fcl\u00e9s\u00e1ll\u00edt\u00e1st, tet\u0151csomagtart\u00f3kat, kulcsn\u00e9lk\u00fcli ind\u00edt\u00e1st \u00e9s akt\u00edv kanyarod\u00f3 f\u00e9nysz\u00f3r\u00f3kat k\u00edn\u00e1l.<\/p>\n","protected":false},"excerpt":{"rendered":"<p>\u00d3r\u00e1kkal a trag\u00e9dia ut\u00e1n a baleset helysz\u00edn\u00e9n felt\u0171nt Bor\u00e1ros G\u00e1bor is. Egy csokor vir\u00e1ggal, egyed\u00fcl \u00e1llt meg ann\u00e1l a f\u00e1n\u00e1l,&#8230; <span class=\"gridview-grid-post-read-more\"><a href=\"https:\/\/matrend.hu\/nekedinfo\/megvan-a-felelos-jakli-monika-autobalesetenek-ugyeben\/\">read more<span class=\"gridview-sr-only\"> Megvan a felel\u0151s J\u00e1kli M\u00f3nika aut\u00f3baleset\u00e9nek \u00fcgy\u00e9ben!<\/span><\/a><\/span><\/p>\n","protected":false},"author":1,"featured_media":6015,"comment_status":"open","ping_status":"open","sticky":false,"template":"","format":"standard","meta":{"footnotes":""},"categories":[1],"tags":[],"class_list":["post-6014","post","type-post","status-publish","format-standard","has-post-thumbnail","hentry","category-egyeb","wpcat-1-id"],"_links":{"self":[{"href":"https:\/\/matrend.hu\/nekedinfo\/wp-json\/wp\/v2\/posts\/6014","targetHints":{"allow":["GET"]}}],"collection":[{"href":"https:\/\/matrend.hu\/nekedinfo\/wp-json\/wp\/v2\/posts"}],"about":[{"href":"https:\/\/matrend.hu\/nekedinfo\/wp-json\/wp\/v2\/types\/post"}],"author":[{"embeddable":true,"href":"https:\/\/matrend.hu\/nekedinfo\/wp-json\/wp\/v2\/users\/1"}],"replies":[{"embeddable":true,"href":"https:\/\/matrend.hu\/nekedinfo\/wp-json\/wp\/v2\/comments?post=6014"}],"version-history":[{"count":1,"href":"https:\/\/matrend.hu\/nekedinfo\/wp-json\/wp\/v2\/posts\/6014\/revisions"}],"predecessor-version":[{"id":6016,"href":"https:\/\/matrend.hu\/nekedinfo\/wp-json\/wp\/v2\/posts\/6014\/revisions\/6016"}],"wp:featuredmedia":[{"embeddable":true,"href":"https:\/\/matrend.hu\/nekedinfo\/wp-json\/wp\/v2\/media\/6015"}],"wp:attachment":[{"href":"https:\/\/matrend.hu\/nekedinfo\/wp-json\/wp\/v2\/media?parent=6014"}],"wp:term":[{"taxonomy":"category","embeddable":true,"href":"https:\/\/matrend.hu\/nekedinfo\/wp-json\/wp\/v2\/categories?post=6014"},{"taxonomy":"post_tag","embeddable":true,"href":"https:\/\/matrend.hu\/nekedinfo\/wp-json\/wp\/v2\/tags?post=6014"}],"curies":[{"name":"wp","href":"https:\/\/api.w.org\/{rel}","templated":true}]}}