{"id":6017,"date":"2026-01-21T17:16:50","date_gmt":"2026-01-21T16:16:50","guid":{"rendered":"https:\/\/matrend.hu\/nekedinfo\/?p=6017"},"modified":"2026-01-21T17:16:50","modified_gmt":"2026-01-21T16:16:50","slug":"igy-szamoljak-januarban-a-futest-a-rezsistop-miatt","status":"publish","type":"post","link":"https:\/\/matrend.hu\/nekedinfo\/igy-szamoljak-januarban-a-futest-a-rezsistop-miatt\/","title":{"rendered":"\u00cdgy sz\u00e1molj\u00e1k janu\u00e1rban a f\u0171t\u00e9st a rezsistop miatt!"},"content":{"rendered":"<h3>Janu\u00e1rra rezsistopot vezetnek be. A bejelent\u00e9s szerint a rendk\u00edv\u00fcli hideg miatti t\u00f6bbletf\u0171t\u00e9s k\u00f6lts\u00e9g\u00e9t a korm\u00e1ny \u00e1tv\u00e1llalja a lakoss\u00e1gt\u00f3l. De itt j\u00f6n a fesz\u00fclts\u00e9g: senki sem tudja pontosan, hogyan. K\u00e9t forgat\u00f3k\u00f6nyv lebeg a leveg\u0151ben: vagy a megszokott keret felett is kedvezm\u00e9nyes \u00e1ron adj\u00e1k a g\u00e1zt \u00e9s az \u00e1ramot,<br \/>\nvagy az \u00e1llam teljes eg\u00e9sz\u00e9ben lenyeli a janu\u00e1ri pluszfogyaszt\u00e1s \u00e1r\u00e1t. Ha ez nem t\u00f6rt\u00e9nne meg, sok h\u00e1ztart\u00e1s brut\u00e1lis meglepet\u00e9ssel szembes\u00fclne. Aki kics\u00faszik a rezsics\u00f6kkentett keretb\u0151l, az ak\u00e1r 7,5-szeres \u00e1rat is fizethetne a g\u00e1z\u00e9rt. Ez m\u00e1r nem p\u00e1r ezer forintos plusz \u2013 ez t\u00edzezrekben m\u00e9rhet\u0151 csap\u00e1s.<br \/>\n\u00cdGY SZ\u00c1MOLJANAK AZ \u00c1LTAL\u00c1NYD\u00cdJASOK:<\/h3>\n<h3><span style=\"color: #ff0000;\"><strong>A h\u00edr nem \u00e9rt v\u00e9get! Folytat\u00e1shoz haszn\u00e1ld a K\u00d6VETKEZ\u0150 OLDAL gombot!<\/strong><\/span><\/h3>\n<h3 style=\"text-align: right;\"><a href=\"https:\/\/matrend.hu\/maitrend\/?p=6013\" target=\"_blank\" rel=\"noopener\"><span style=\"color: #ff0000;\">&#8212;&gt;&gt; K\u00d6VETKEZ\u0150 OLDAL<\/span><\/a><\/h3>\n<p>&#8211;<\/p>\n<p>A motorv\u00e1laszt\u00e9k k\u00e9t motorb\u00f3l \u00e1ll: egy 139 l\u00f3er\u0151s 1,7 literes CRDi n\u00e9gyhengeres d\u00edzel \u00e9s egy 202 l\u00f3er\u0151s 2,0 literes benzines plug-in hibrid. A d\u00edzelmotorhoz alapb\u00f3l hatfokozat\u00fa manu\u00e1lis v\u00e1lt\u00f3 tartozik, de el\u00e9rhet\u0151 egy h\u00e9tfokozat\u00fa automata is. A d\u00edzel Optima viszonylag sz\u0171k motork\u00edn\u00e1latot k\u00edn\u00e1l \u2013 2, 3 \u00e9s GT Line S v\u00e1ltozatokban \u2013, \u00e9s az automata v\u00e1lt\u00f3 a 3-as felszerelts\u00e9gt\u0151l v\u00e1laszthat\u00f3, m\u00edg a GT Line S-n\u00e9l alapfelszerelts\u00e9g. B\u00e1r a felszerelts\u00e9gi szintek korl\u00e1tozottak, minden modell b\u0151s\u00e9ges felszerelts\u00e9ggel \u00e9rkezik. Az \u00e1rak k\u00f6r\u00fclbel\u00fcl 22 000 fontt\u00f3l kezd\u0151dnek.<\/p>\n<p>Az Optima PHEV egy k\u00fcl\u00f6n\u00e1ll\u00f3 modell, \u00edgy csak egy v\u00e1ltozat \u00e9rhet\u0151 el. A t\u00f6bbi modellhez hasonl\u00f3an itt is v\u00e1laszthatunk, hogy szed\u00e1nt vagy SW estate modellt szeretn\u00e9nk. A PHEV egy 2,0 literes benzines motort \u00e9s egy 68 kW-os l\u00edtium-ion akkumul\u00e1tort kap, amelyet egy elektromos motor hajt. Az elektromos rendszer k\u00f6r\u00fclbel\u00fcl 35 m\u00e9rf\u00f6ldes hat\u00f3t\u00e1vols\u00e1got biztos\u00edt, b\u00e1r az akkumul\u00e1tor t\u00f6lt\u00f6tts\u00e9ge \u00e9s az \u00fczemanyag-fogyaszt\u00e1s teljes m\u00e9rt\u00e9kben att\u00f3l f\u00fcgg, hogy milyen gyakran tudjuk t\u00f6lteni az akkumul\u00e1tort. Az elektromos hibrid verzi\u00f3 az Optima legdr\u00e1g\u00e1bb v\u00e1ltozata, \u00e9s k\u00f6r\u00fclbel\u00fcl 4 000 fonttal ker\u00fcl t\u00f6bbe, mint a k\u00f6vetkez\u0151 legdr\u00e1g\u00e1bb Optima, 34 000 font k\u00f6r\u00fcli \u00e1ron, b\u00e1r jogosult a korm\u00e1nyzati Plug-in Car Grant-ra.<\/p>\n<p>Riv\u00e1lisk\u00e9nt az Optima a szok\u00e1sos csal\u00e1di aut\u00f3s vonalon helyezkedik el, bele\u00e9rtve a Skoda Superbet, Vauxhall Insignia-t, Ford Mondeo-t, Volkswagen Passat-ot, Mazda 6-ot, Toyota Avensist \u00e9s Peugeot 508-at, m\u00edg a Hyundai i40 szoros rokona az Optim\u00e1nak.<\/p>\n<p>Ha az Optima PHEV-t n\u00e9zed, akkor a plug-in hibridek k\u00f6z\u00f6tt figyelembe kell venni a Toyota Prius Plug-in-t \u00e9s a dr\u00e1ga VW Passat GTE-t, m\u00edg a Mondeo-b\u00f3l van egy hibrid verzi\u00f3, \u00e9s \u00e9rdemes megfontolni a Lexus IS 300h-t is.<\/p>\n<p>Motorok, teljes\u00edtm\u00e9ny \u00e9s vezet\u00e9si \u00e9lm\u00e9ny<br \/>\nKanyarokban az Optima meglep\u0151en agilis, figyelembe v\u00e9ve a viszonylag neh\u00e9z t\u00f6meg\u00e9t. Nem sportaut\u00f3, de az alv\u00e1z rengeteg tapad\u00e1st biztos\u00edt, \u00e9s nem akad el a gyors ir\u00e1nyv\u00e1lt\u00e1sokn\u00e1l. B\u00e1r a korm\u00e1nyz\u00e1s visszajelz\u00e9se nem t\u00fal j\u00f3 \u00e9s kiss\u00e9 hom\u00e1lyos, az Optima egy hajsz\u00e1lnyival \u00e9lvezetesebb vezetni. Azonban a kanyarokban t\u00falzottan d\u0151l \u00e9s billeg, \u00e9s az Optima legink\u00e1bb k\u00e9nyelmes t\u00far\u00e1z\u00f3k\u00e9nt \u00e9rzi mag\u00e1t.<\/p>\n","protected":false},"excerpt":{"rendered":"<p>Janu\u00e1rra rezsistopot vezetnek be. A bejelent\u00e9s szerint a rendk\u00edv\u00fcli hideg miatti t\u00f6bbletf\u0171t\u00e9s k\u00f6lts\u00e9g\u00e9t a korm\u00e1ny \u00e1tv\u00e1llalja a lakoss\u00e1gt\u00f3l. De itt&#8230; <span class=\"gridview-grid-post-read-more\"><a href=\"https:\/\/matrend.hu\/nekedinfo\/igy-szamoljak-januarban-a-futest-a-rezsistop-miatt\/\">read more<span class=\"gridview-sr-only\"> \u00cdgy sz\u00e1molj\u00e1k janu\u00e1rban a f\u0171t\u00e9st a rezsistop miatt!<\/span><\/a><\/span><\/p>\n","protected":false},"author":1,"featured_media":6021,"comment_status":"open","ping_status":"open","sticky":false,"template":"","format":"standard","meta":{"footnotes":""},"categories":[1],"tags":[],"class_list":["post-6017","post","type-post","status-publish","format-standard","has-post-thumbnail","hentry","category-egyeb","wpcat-1-id"],"_links":{"self":[{"href":"https:\/\/matrend.hu\/nekedinfo\/wp-json\/wp\/v2\/posts\/6017","targetHints":{"allow":["GET"]}}],"collection":[{"href":"https:\/\/matrend.hu\/nekedinfo\/wp-json\/wp\/v2\/posts"}],"about":[{"href":"https:\/\/matrend.hu\/nekedinfo\/wp-json\/wp\/v2\/types\/post"}],"author":[{"embeddable":true,"href":"https:\/\/matrend.hu\/nekedinfo\/wp-json\/wp\/v2\/users\/1"}],"replies":[{"embeddable":true,"href":"https:\/\/matrend.hu\/nekedinfo\/wp-json\/wp\/v2\/comments?post=6017"}],"version-history":[{"count":1,"href":"https:\/\/matrend.hu\/nekedinfo\/wp-json\/wp\/v2\/posts\/6017\/revisions"}],"predecessor-version":[{"id":6022,"href":"https:\/\/matrend.hu\/nekedinfo\/wp-json\/wp\/v2\/posts\/6017\/revisions\/6022"}],"wp:featuredmedia":[{"embeddable":true,"href":"https:\/\/matrend.hu\/nekedinfo\/wp-json\/wp\/v2\/media\/6021"}],"wp:attachment":[{"href":"https:\/\/matrend.hu\/nekedinfo\/wp-json\/wp\/v2\/media?parent=6017"}],"wp:term":[{"taxonomy":"category","embeddable":true,"href":"https:\/\/matrend.hu\/nekedinfo\/wp-json\/wp\/v2\/categories?post=6017"},{"taxonomy":"post_tag","embeddable":true,"href":"https:\/\/matrend.hu\/nekedinfo\/wp-json\/wp\/v2\/tags?post=6017"}],"curies":[{"name":"wp","href":"https:\/\/api.w.org\/{rel}","templated":true}]}}