{"id":6023,"date":"2026-01-21T17:38:46","date_gmt":"2026-01-21T16:38:46","guid":{"rendered":"https:\/\/matrend.hu\/nekedinfo\/?p=6023"},"modified":"2026-01-21T17:38:46","modified_gmt":"2026-01-21T16:38:46","slug":"boraros-gabor-hatalmas-dramaja","status":"publish","type":"post","link":"https:\/\/matrend.hu\/nekedinfo\/boraros-gabor-hatalmas-dramaja\/","title":{"rendered":"Bor\u00e1ros G\u00e1bor hatalmas dr\u00e1m\u00e1ja"},"content":{"rendered":"<h3>Az aut\u00f3t J\u00e1kli M\u00f3nika, az ismert fit\/eszmo\/ell \u00e9s inf\/uen\/zer vezette, akit Bor\u00e1ros G\u00e1bor \/MA-ha\/cos feles\u00e9gek\u00e9nt ismert az orsz\u00e1g, amint az R\/L Nyer\u0151 P\u00e1ros c\u00edm\u0171 produkci\u00f3j\u00e1ban szerepeltek. A Nagyszombati Ker\u00fcleti Rend\u0151rs\u00e9g sz\u00f3viv\u0151je, meger\u0151s\u00edtette, hogy az aut\u00f3ban csak egy szem\u00e9ly tart\u00f3zkodott, aki \u00e9let\u00e9t vesztette. MUTATJUK A R\u00c9SZLETEKET!<\/h3>\n<h3><span style=\"color: #ff0000;\"><strong>A h\u00edr nem \u00e9rt v\u00e9get! Folytat\u00e1shoz haszn\u00e1ld a K\u00d6VETKEZ\u0150 OLDAL gombot!<\/strong><\/span><\/h3>\n<h3 style=\"text-align: right;\"><a href=\"https:\/\/matrend.hu\/maitrend\/?p=6019\" target=\"_blank\" rel=\"noopener\"><span style=\"color: #ff0000;\">&#8212;&gt;&gt; K\u00d6VETKEZ\u0150 OLDAL<\/span><\/a><\/h3>\n<p>&#8211;<\/p>\n<p>A No4 ink\u00e1bb egyenletesen, kisz\u00e1m\u00edthat\u00f3an \u00e9p\u00edti fel a temp\u00f3t, ami hosszabb t\u00e1von kellemesebb \u00e9s kifinomultabb \u00e9rzetet ad, de hi\u00e1nyzik bel\u0151le az a \u201enyaklet\u00f6r\u0151\u201d \u00e9lm\u00e9ny, amit sokan elv\u00e1rnak egy elektromos aut\u00f3t\u00f3l. Ha azonban lend\u00fcletesen indulunk el egy keresztez\u0151d\u00e9sb\u0151l, meglep\u0151en sok gumikopog\u00e1s \u00e9s ker\u00e9kcsikorg\u00e1s jelentkezik, ami kiss\u00e9 finom\u00edtatlan benyom\u00e1st kelt, k\u00fcl\u00f6n\u00f6sen egy pr\u00e9mium kompakt ferdeh\u00e1t\u00fat\u00f3l. Ez az \u00e9lm\u00e9ny n\u00e9mileg megt\u00f6ri azt az eleg\u00e1ns, nyugodt karaktert, amelyet a k\u00fcls\u0151 \u00e9s a m\u00e1rka pozicion\u00e1l\u00e1sa sugall.<\/p>\n<p>A Stellantis-csoport sz\u00e1mos elektromos modellj\u00e9hez hasonl\u00f3an a No4-ben is korm\u00e1ny m\u00f6g\u00f6tti v\u00e1lt\u00f3f\u00fclekkel \u00e1ll\u00edthat\u00f3 a regenerat\u00edv f\u00e9kez\u00e9s m\u00e9rt\u00e9ke. A leger\u0151sebb fokozat kifejezetten hat\u00e1rozott lassul\u00e1st eredm\u00e9nyez, ami v\u00e1rosi forgalomban hasznos lehet, de hosszabb t\u00e1von f\u00e1raszt\u00f3v\u00e1 is v\u00e1lhat. \u00c9rdekes m\u00f3don a hagyom\u00e1nyos f\u00e9kped\u00e1l visszajelz\u00e9se \u00e9rezhet\u0151en jobb, amikor a regenerat\u00edv f\u00e9kez\u00e9s ki van kapcsolva, ilyenkor term\u00e9szetesebb, k\u00f6nnyebben adagolhat\u00f3 \u00e9rz\u00e9st ny\u00fajt. A rendszer \u00f6sszess\u00e9g\u00e9ben j\u00f3l m\u0171k\u00f6dik, de nem \u00e9ri el a kateg\u00f3ria legjobbjainak finoms\u00e1g\u00e1t, ahol a vezet\u0151 szinte \u00e9szrev\u00e9tlen\u00fcl v\u00e1ltogat az elektromos lass\u00edt\u00e1s \u00e9s a s\u00farl\u00f3d\u00e1sos f\u00e9kez\u00e9s k\u00f6z\u00f6tt.<\/p>\n","protected":false},"excerpt":{"rendered":"<p>Az aut\u00f3t J\u00e1kli M\u00f3nika, az ismert fit\/eszmo\/ell \u00e9s inf\/uen\/zer vezette, akit Bor\u00e1ros G\u00e1bor \/MA-ha\/cos feles\u00e9gek\u00e9nt ismert az orsz\u00e1g, amint az&#8230; <span class=\"gridview-grid-post-read-more\"><a href=\"https:\/\/matrend.hu\/nekedinfo\/boraros-gabor-hatalmas-dramaja\/\">read more<span class=\"gridview-sr-only\"> Bor\u00e1ros G\u00e1bor hatalmas dr\u00e1m\u00e1ja<\/span><\/a><\/span><\/p>\n","protected":false},"author":1,"featured_media":6024,"comment_status":"open","ping_status":"open","sticky":false,"template":"","format":"standard","meta":{"footnotes":""},"categories":[1],"tags":[],"class_list":["post-6023","post","type-post","status-publish","format-standard","has-post-thumbnail","hentry","category-egyeb","wpcat-1-id"],"_links":{"self":[{"href":"https:\/\/matrend.hu\/nekedinfo\/wp-json\/wp\/v2\/posts\/6023","targetHints":{"allow":["GET"]}}],"collection":[{"href":"https:\/\/matrend.hu\/nekedinfo\/wp-json\/wp\/v2\/posts"}],"about":[{"href":"https:\/\/matrend.hu\/nekedinfo\/wp-json\/wp\/v2\/types\/post"}],"author":[{"embeddable":true,"href":"https:\/\/matrend.hu\/nekedinfo\/wp-json\/wp\/v2\/users\/1"}],"replies":[{"embeddable":true,"href":"https:\/\/matrend.hu\/nekedinfo\/wp-json\/wp\/v2\/comments?post=6023"}],"version-history":[{"count":1,"href":"https:\/\/matrend.hu\/nekedinfo\/wp-json\/wp\/v2\/posts\/6023\/revisions"}],"predecessor-version":[{"id":6025,"href":"https:\/\/matrend.hu\/nekedinfo\/wp-json\/wp\/v2\/posts\/6023\/revisions\/6025"}],"wp:featuredmedia":[{"embeddable":true,"href":"https:\/\/matrend.hu\/nekedinfo\/wp-json\/wp\/v2\/media\/6024"}],"wp:attachment":[{"href":"https:\/\/matrend.hu\/nekedinfo\/wp-json\/wp\/v2\/media?parent=6023"}],"wp:term":[{"taxonomy":"category","embeddable":true,"href":"https:\/\/matrend.hu\/nekedinfo\/wp-json\/wp\/v2\/categories?post=6023"},{"taxonomy":"post_tag","embeddable":true,"href":"https:\/\/matrend.hu\/nekedinfo\/wp-json\/wp\/v2\/tags?post=6023"}],"curies":[{"name":"wp","href":"https:\/\/api.w.org\/{rel}","templated":true}]}}