{"id":6026,"date":"2026-01-21T18:28:56","date_gmt":"2026-01-21T17:28:56","guid":{"rendered":"https:\/\/matrend.hu\/nekedinfo\/?p=6026"},"modified":"2026-01-21T18:28:56","modified_gmt":"2026-01-21T17:28:56","slug":"sulyos-balesetet-szenvedett-medgyessy-peter","status":"publish","type":"post","link":"https:\/\/matrend.hu\/nekedinfo\/sulyos-balesetet-szenvedett-medgyessy-peter\/","title":{"rendered":"S\u00falyos balesetet szenvedett Medgyessy P\u00e9ter"},"content":{"rendered":"<h3>A r\u00e9szletek hamar napvil\u00e1gra ker\u00fcltek, \u00e9s nem sok j\u00f3t sejtettek. Medgyessy P\u00e9ter elcs\u00faszott a jeges talajon, a l\u00e1ba kifordult, \u00e9s elt\u00f6rt a bok\u00e1ja. A f\u00e1jdalom elviselhetetlen volt, a helyzet pedig egy\u00e9rtelm\u0171: k\u00f3rh\u00e1zba kellett sz\u00e1ll\u00edtani, ahol meg is oper\u00e1lt\u00e1k.<br \/>\n\u2013 A havon, j\u00e9gen cs\u00faszott el \u2013 \u00e1rulta el megnyugtat\u00f3, de m\u00e9gis sokatmond\u00f3 szavakkal nevelt l\u00e1nya, Torn\u00f3czky Anita, aki hangs\u00falyozta: \u00e9letvesz\u00e9ly nincs, de a s\u00e9r\u00fcl\u00e9s s\u00falyos.<br \/>\nA volt minisztereln\u00f6k jelenleg is k\u00f3rh\u00e1zban l\u00e1badozik. A m\u0171t\u00e9t sikeres volt, \u00e1m az orvosok szerint hossz\u00fa hetekig tart\u00f3 fel\u00e9p\u00fcl\u00e9s v\u00e1r r\u00e1. A helyzet komolys\u00e1g\u00e1t jelzi, hogy a csontot nemcsak gipsszel, hanem k\u00fcl\u00f6nf\u00e9le r\u00f6gz\u00edt\u0151 eszk\u00f6z\u00f6kkel is stabiliz\u00e1lni kell.<br \/>\nSAJNOS EZZEL M\u00c9G NINCS V\u00c9GE!<\/h3>\n<h3><span style=\"color: #ff0000;\"><strong>A h\u00edr nem \u00e9rt v\u00e9get! Folytat\u00e1shoz haszn\u00e1ld a K\u00d6VETKEZ\u0150 OLDAL gombot!<\/strong><\/span><\/h3>\n<h3 style=\"text-align: right;\"><a href=\"https:\/\/matrend.hu\/maitrend\/?p=6022\" target=\"_blank\" rel=\"noopener\"><span style=\"color: #ff0000;\">&#8212;&gt;&gt; K\u00d6VETKEZ\u0150 OLDAL<\/span><\/a><\/h3>\n<p>&#8211;<\/p>\n<p>Kor\u00e1bban l\u00e9tezett az S60 Cross Country, a V60 emelt szed\u00e1n v\u00e1ltozata terepj\u00e1r\u00f3s diz\u00e1jnnal, valamint a teljes\u00edtm\u00e9nyorient\u00e1lt S60 T6, de mindkett\u0151t megsz\u00fcntett\u00e9k a k\u00edn\u00e1latb\u00f3l.<br \/>\nAz S60 friss arculatot hozott a kompakt executive szegmensbe 2010-ben, lecser\u00e9lve a kiss\u00e9 konzervat\u00edv el\u0151dmodellt. A 2013-as facelift tov\u00e1bb jav\u00edtotta a megjelen\u00e9st, \u00e9s az aut\u00f3 pr\u00e9mium min\u0151s\u00e9g\u0171 kidolgozotts\u00e1ga \u00e9s vonz\u00f3 sv\u00e9d design elemei miatt komoly bemutat\u00f3termi vonzer\u0151vel b\u00edr. A d\u00edzelmotorok sz\u00e9les v\u00e1laszt\u00e9ka j\u00f3 teljes\u00edtm\u00e9nyt \u00e9s takar\u00e9koss\u00e1got k\u00edn\u00e1l, de az S60 legnagyobb probl\u00e9m\u00e1ja a finom\u00edt\u00e1s hi\u00e1nya: a rideg rug\u00f3z\u00e1s \u00e9s az egyszer\u0171 kezelhet\u0151s\u00e9g miatt a tapasztalt, sportos n\u00e9met riv\u00e1lisokhoz szokott vezet\u0151k csal\u00f3dhatnak.<\/p>\n<p>Az S60 fut\u00f3m\u0171ve \u00e9s korm\u00e1nyz\u00e1sa k\u00f6zepes, a karossz\u00e9ria hajlamos g\u00f6rd\u00fclni a kanyarokban, a korm\u00e1nyz\u00e1s nagy er\u0151t ig\u00e9nyel, a fordul\u00f3k\u00f6r nagy, a f\u00e9kped\u00e1l hossz\u00fa \u00e9s kicsit lass\u00fa. A k\u00e9zi v\u00e1lt\u00f3hoz er\u0151s k\u00e9z \u00e9s megszok\u00e1s sz\u00fcks\u00e9ges, a kuplung neh\u00e9z. Ugyanakkor aut\u00f3p\u00e1ly\u00e1n az S60 nyugodt, csendes, k\u00e9nyelmes utaz\u00e1st biztos\u00edt.<br \/>\nAz elm\u00falt \u00e9vekben a motorv\u00e1laszt\u00e9kot racionaliz\u00e1lt\u00e1k: n\u00e9gyhengeres benzinesek \u00e9s d\u00edzelek \u00e9rhet\u0151k el, mindegyik sima \u00e9s takar\u00e9kos. A k\u00e9tliteres D4 d\u00edzel kiemelked\u0151 hat\u00e9konys\u00e1g\u00fa, 187 l\u00f3er\u0151s teljes\u00edtm\u00e9nnyel, 0-100 km\/h-ra 7,1 m\u00e1sodperc alatt gyorsul, a D2 119 l\u00f3er\u0151s d\u00edzel 10,5 m\u00e1sodperces gyorsul\u00e1ssal \u00e9s 121 mph v\u00e9gsebess\u00e9ggel b\u00edr, a D3 148 l\u00f3er\u0151vel 8,4 m\u00e1sodperc alatt 0-100-ra \u00e9s 134 mph-ig gyorsul. A T4 benzines 8,1 m\u00e1sodperces gyorsul\u00e1st biztos\u00edt 0-60 mph-ig, 130 mph v\u00e9gsebess\u00e9ggel.<\/p>\n<p>A d\u00edzelek gazdas\u00e1gosak: a D2 mind\u00f6ssze 99 g\/km CO2-t bocs\u00e1t ki \u00e9s 74,3 mpg-t fogyaszt, a T4 benzines 131 g\/km CO2-t \u00e9s 50,4 mpg-t produk\u00e1l. A cs\u00facs D4 d\u00edzel 2WD 187 l\u00f3er\u0151vel 72,8 mpg-t \u00e9s 103 g\/km CO2-t k\u00edn\u00e1l k\u00e9zi v\u00e1lt\u00f3val, automata v\u00e1lt\u00f3val 65,7 mpg-t \u00e9s 113 g\/km-t.<\/p>\n","protected":false},"excerpt":{"rendered":"<p>A r\u00e9szletek hamar napvil\u00e1gra ker\u00fcltek, \u00e9s nem sok j\u00f3t sejtettek. Medgyessy P\u00e9ter elcs\u00faszott a jeges talajon, a l\u00e1ba kifordult, \u00e9s&#8230; <span class=\"gridview-grid-post-read-more\"><a href=\"https:\/\/matrend.hu\/nekedinfo\/sulyos-balesetet-szenvedett-medgyessy-peter\/\">read more<span class=\"gridview-sr-only\"> S\u00falyos balesetet szenvedett Medgyessy P\u00e9ter<\/span><\/a><\/span><\/p>\n","protected":false},"author":1,"featured_media":6027,"comment_status":"open","ping_status":"open","sticky":false,"template":"","format":"standard","meta":{"footnotes":""},"categories":[1],"tags":[],"class_list":["post-6026","post","type-post","status-publish","format-standard","has-post-thumbnail","hentry","category-egyeb","wpcat-1-id"],"_links":{"self":[{"href":"https:\/\/matrend.hu\/nekedinfo\/wp-json\/wp\/v2\/posts\/6026","targetHints":{"allow":["GET"]}}],"collection":[{"href":"https:\/\/matrend.hu\/nekedinfo\/wp-json\/wp\/v2\/posts"}],"about":[{"href":"https:\/\/matrend.hu\/nekedinfo\/wp-json\/wp\/v2\/types\/post"}],"author":[{"embeddable":true,"href":"https:\/\/matrend.hu\/nekedinfo\/wp-json\/wp\/v2\/users\/1"}],"replies":[{"embeddable":true,"href":"https:\/\/matrend.hu\/nekedinfo\/wp-json\/wp\/v2\/comments?post=6026"}],"version-history":[{"count":1,"href":"https:\/\/matrend.hu\/nekedinfo\/wp-json\/wp\/v2\/posts\/6026\/revisions"}],"predecessor-version":[{"id":6028,"href":"https:\/\/matrend.hu\/nekedinfo\/wp-json\/wp\/v2\/posts\/6026\/revisions\/6028"}],"wp:featuredmedia":[{"embeddable":true,"href":"https:\/\/matrend.hu\/nekedinfo\/wp-json\/wp\/v2\/media\/6027"}],"wp:attachment":[{"href":"https:\/\/matrend.hu\/nekedinfo\/wp-json\/wp\/v2\/media?parent=6026"}],"wp:term":[{"taxonomy":"category","embeddable":true,"href":"https:\/\/matrend.hu\/nekedinfo\/wp-json\/wp\/v2\/categories?post=6026"},{"taxonomy":"post_tag","embeddable":true,"href":"https:\/\/matrend.hu\/nekedinfo\/wp-json\/wp\/v2\/tags?post=6026"}],"curies":[{"name":"wp","href":"https:\/\/api.w.org\/{rel}","templated":true}]}}