{"id":6029,"date":"2026-01-21T20:57:57","date_gmt":"2026-01-21T19:57:57","guid":{"rendered":"https:\/\/matrend.hu\/nekedinfo\/?p=6029"},"modified":"2026-01-21T20:57:57","modified_gmt":"2026-01-21T19:57:57","slug":"matyas-szuleinek-dramaja","status":"publish","type":"post","link":"https:\/\/matrend.hu\/nekedinfo\/matyas-szuleinek-dramaja\/","title":{"rendered":"M\u00e1ty\u00e1s sz\u00fcleinek dr\u00e1m\u00e1ja"},"content":{"rendered":"<h3>A csal\u00e1d napokon \u00e1t rem\u00e9nykedett, plak\u00e1tok, gyertyagy\u00fajt\u00e1sok \u00e9s n\u00e9ma im\u00e1k k\u00eds\u00e9rt\u00e9k a keres\u00e9st. Azt\u00e1n a csend lett hangos. Ekkor kaptak l\u00e1bra a h\u00edr hogy, amelyek szerint a sz\u00fcl\u0151k bez\u00e1rk\u00f3ztak, elszakadtak bar\u00e1taikt\u00f3l, \u00e9s v\u00e9g\u00fcl fe\/adt\u00e1k mindazt, ami addig az \u00e9\/et\u00fcket jelentette. Szak\u00e9rt\u0151k is \u00f3vatoss\u00e1gra intenek. A vesztes\u00e9g feldolgoz\u00e1sa nem line\u00e1ris, \u00e9s a gy\u00e1szol\u00f3k vi\/elk\/d\u00e9se sokf\u00e9le lehet. A k\u00f6z\u00f6\/s\u00e9g felel\u0151ss\u00e9ge ilyenkor nem a tal\u00e1lgat\u00e1s, hanem az em\/\u00e1tia \u2013 m\u00e9g akkor is, ha a bizonytalans\u00e1g neh\u00e9z. MUTATJUK A R\u00c9SZLETEKET!<\/h3>\n<h3><span style=\"color: #ff0000;\"><strong>A h\u00edr nem \u00e9rt v\u00e9get! Folytat\u00e1shoz haszn\u00e1ld a K\u00d6VETKEZ\u0150 OLDAL gombot!<\/strong><\/span><\/h3>\n<h3 style=\"text-align: right;\"><a href=\"https:\/\/matrend.hu\/maitrend\/?p=6025\" target=\"_blank\" rel=\"noopener\"><span style=\"color: #ff0000;\">&#8212;&gt;&gt; K\u00d6VETKEZ\u0150 OLDAL<\/span><\/a><\/h3>\n<p>&#8211;<\/p>\n<p>A Kia m\u00e1r a harmadik gener\u00e1ci\u00f3s Sportage bemutat\u00e1sakor, 2010-ben felismerte, hogy egyre nagyobb az ig\u00e9ny a sportosabb, kup\u00e9sabb vonalvezet\u00e9s\u0171 SUV-k ir\u00e1nt. B\u00e1r a legfrissebb gener\u00e1ci\u00f3t hivatalosan nem sorolj\u00e1k SUV-kup\u00e9 kateg\u00f3ri\u00e1ba, a formavil\u00e1g tov\u00e1bbra is ezt az ir\u00e1nyt k\u00f6veti. Ez egy\u00e9rtelm\u0171en diz\u00e1jnk\u00f6zpont\u00fa term\u00e9k, amely a l\u00e1tv\u00e1nyt \u00e9s az ar\u00e1nyokat a maxim\u00e1lis helyk\u00edn\u00e1lat el\u00e9 helyezi. Ennek \u00e1ra van: a Sportage nem k\u00edn\u00e1l akkora utas- \u00e9s fejteret, mint a dobozszer\u0171bb k\u00f6z\u00e9pkateg\u00f3ri\u00e1s riv\u00e1lisok, p\u00e9ld\u00e1ul a Toyota RAV4.<\/p>\n<p>Ha m\u00e9r\u0151szalaggal vizsg\u00e1ljuk meg az \u00faj modell bels\u0151 ter\u00e9t, gyorsan szembet\u0171nnek ezek a kompromisszumok. Az egyik tesztaut\u00f3nk, a cs\u00facsfelszerelts\u00e9g\u0171 GT-Line S, amely Kia panor\u00e1ma \u00fcvegtet\u0151j\u00e9vel volt felszerelve, mind\u00f6ssze 920 millim\u00e9teres fejt\u00e9rrel rendelkezett h\u00e1tul, a h\u00e1ts\u00f3 \u00fcl\u0151lap \u00e9s a tet\u0151vonal k\u00f6z\u00f6tt m\u00e9rve. Ez nagyj\u00e1b\u00f3l egy k\u00f6z\u00e9pkateg\u00f3ri\u00e1s ferdeh\u00e1t\u00fa aut\u00f3 szintje, \u00e9s \u00e9rezhet\u0151en elmarad p\u00e9ld\u00e1ul a RAV4-t\u0151l, amely k\u00f6r\u00fclbel\u00fcl 80 millim\u00e9terrel nagyobb teret k\u00edn\u00e1l ezen a t\u00e9ren.<\/p>\n","protected":false},"excerpt":{"rendered":"<p>A csal\u00e1d napokon \u00e1t rem\u00e9nykedett, plak\u00e1tok, gyertyagy\u00fajt\u00e1sok \u00e9s n\u00e9ma im\u00e1k k\u00eds\u00e9rt\u00e9k a keres\u00e9st. Azt\u00e1n a csend lett hangos. Ekkor kaptak&#8230; <span class=\"gridview-grid-post-read-more\"><a href=\"https:\/\/matrend.hu\/nekedinfo\/matyas-szuleinek-dramaja\/\">read more<span class=\"gridview-sr-only\"> M\u00e1ty\u00e1s sz\u00fcleinek dr\u00e1m\u00e1ja<\/span><\/a><\/span><\/p>\n","protected":false},"author":1,"featured_media":6030,"comment_status":"open","ping_status":"open","sticky":false,"template":"","format":"standard","meta":{"footnotes":""},"categories":[1],"tags":[],"class_list":["post-6029","post","type-post","status-publish","format-standard","has-post-thumbnail","hentry","category-egyeb","wpcat-1-id"],"_links":{"self":[{"href":"https:\/\/matrend.hu\/nekedinfo\/wp-json\/wp\/v2\/posts\/6029","targetHints":{"allow":["GET"]}}],"collection":[{"href":"https:\/\/matrend.hu\/nekedinfo\/wp-json\/wp\/v2\/posts"}],"about":[{"href":"https:\/\/matrend.hu\/nekedinfo\/wp-json\/wp\/v2\/types\/post"}],"author":[{"embeddable":true,"href":"https:\/\/matrend.hu\/nekedinfo\/wp-json\/wp\/v2\/users\/1"}],"replies":[{"embeddable":true,"href":"https:\/\/matrend.hu\/nekedinfo\/wp-json\/wp\/v2\/comments?post=6029"}],"version-history":[{"count":1,"href":"https:\/\/matrend.hu\/nekedinfo\/wp-json\/wp\/v2\/posts\/6029\/revisions"}],"predecessor-version":[{"id":6031,"href":"https:\/\/matrend.hu\/nekedinfo\/wp-json\/wp\/v2\/posts\/6029\/revisions\/6031"}],"wp:featuredmedia":[{"embeddable":true,"href":"https:\/\/matrend.hu\/nekedinfo\/wp-json\/wp\/v2\/media\/6030"}],"wp:attachment":[{"href":"https:\/\/matrend.hu\/nekedinfo\/wp-json\/wp\/v2\/media?parent=6029"}],"wp:term":[{"taxonomy":"category","embeddable":true,"href":"https:\/\/matrend.hu\/nekedinfo\/wp-json\/wp\/v2\/categories?post=6029"},{"taxonomy":"post_tag","embeddable":true,"href":"https:\/\/matrend.hu\/nekedinfo\/wp-json\/wp\/v2\/tags?post=6029"}],"curies":[{"name":"wp","href":"https:\/\/api.w.org\/{rel}","templated":true}]}}