{"id":6032,"date":"2026-01-22T12:27:04","date_gmt":"2026-01-22T11:27:04","guid":{"rendered":"https:\/\/matrend.hu\/nekedinfo\/?p=6032"},"modified":"2026-01-22T12:27:04","modified_gmt":"2026-01-22T11:27:04","slug":"meghalt-a-mi-kis-falunk-szinesznoje","status":"publish","type":"post","link":"https:\/\/matrend.hu\/nekedinfo\/meghalt-a-mi-kis-falunk-szinesznoje\/","title":{"rendered":"Meghalt A mi kis falunk sz\u00edn\u00e9szn\u0151je"},"content":{"rendered":"<h3>1956-ban sz\u00fcletett Budapesten, 1988-t\u00f3l a Holdvil\u00e1g Kamarasz\u00ednh\u00e1z t\u00e1rsulat\u00e1nak tagja volt, de a Ruttkai \u00c9va Sz\u00ednh\u00e1zban is j\u00e1tszott. K\u00e9s\u0151bb tagja, majd vezet\u0151je lett a dunakeszi Uray Gy\u00f6rgy Pincesz\u00ednh\u00e1znak. Az ezredfordul\u00f3 ut\u00e1n Dunakeszi m\u0171v\u00e9szeti \u00e9let\u00e9ben is egyre nagyobb szerepet v\u00e1llalt: 2001-ben tagja lett a T\u00fccs\u00f6k B\u00e1bsz\u00ednh\u00e1znak, majd 2007-t\u0151l tagja, k\u00e9s\u0151bb vezet\u0151je volt az Uray Gy\u00f6rgy Pincesz\u00ednh\u00e1znak. Vincze J\u00f3zsef k\u00f6lt\u0151vel k\u00f6z\u00f6s irodalmi m\u0171sorai, fell\u00e9p\u00e9sei az \u00e9vtizedek sor\u00e1n legend\u00e1ss\u00e1 lettek, ketten egy\u00fctt sz\u00e1mos karitat\u00edv c\u00e9l\u00fa fell\u00e9p\u00e9st v\u00e1llaltak.\u00a0 MUTATJUK A R\u00c9SZLETEKET!<\/h3>\n<h3><span style=\"color: #ff0000;\"><strong>A h\u00edr nem \u00e9rt v\u00e9get! Folytat\u00e1shoz haszn\u00e1ld a K\u00d6VETKEZ\u0150 OLDAL gombot!<\/strong><\/span><\/h3>\n<h3 style=\"text-align: right;\"><a href=\"https:\/\/matrend.hu\/maitrend\/?p=6028\" target=\"_blank\" rel=\"noopener\"><span style=\"color: #ff0000;\">&#8212;&gt;&gt; K\u00d6VETKEZ\u0150 OLDAL<\/span><\/a><\/h3>\n<p>&#8211;<\/p>\n<p>Ez persze csak akkor igaz, ha az aut\u00f3 nincs Eco m\u00f3dban. Ebben az \u00fczemm\u00f3dban a g\u00e1zreakci\u00f3 annyira visszafogott\u00e1 v\u00e1lik, hogy id\u0151nk\u00e9nt m\u00e1r-m\u00e1r riaszt\u00f3an tomp\u00e1nak \u00e9rz\u0151dik. V\u00e1rosi, nyugodt halad\u00e1shoz vagy cs\u00fasz\u00f3s k\u00f6r\u00fclm\u00e9nyek k\u00f6z\u00f6tt m\u00e9g elfogadhat\u00f3 lehet, de norm\u00e1l k\u00f6zleked\u00e9sn\u00e9l sokszor t\u00falzott kompromisszumnak t\u0171nik. A kev\u00e9sb\u00e9 korl\u00e1toz\u00f3 vezet\u00e9si m\u00f3dokban viszont teljesen rendben van a reakci\u00f3k\u00e9szs\u00e9g: a g\u00e1zped\u00e1l finoman adagolhat\u00f3, az aut\u00f3 pedig pontosan azt csin\u00e1lja, amit a vezet\u0151 elv\u00e1r t\u0151le, k\u00e9sleked\u00e9s \u00e9s ideges r\u00e1ngat\u00e1sok n\u00e9lk\u00fcl.<\/p>\n<p>A m\u00e1sodik gener\u00e1ci\u00f3s Leafb\u0151l ismert egy-ped\u00e1los vezet\u00e9si m\u00f3d is visszat\u00e9r, amely lehet\u0151v\u00e9 teszi, hogy a legt\u00f6bb helyzetben a g\u00e1zped\u00e1l seg\u00edts\u00e9g\u00e9vel gyors\u00edtsunk \u00e9s lass\u00edtsunk. Ehhez most m\u00e1r korm\u00e1ny m\u00f6g\u00f6tti v\u00e1lt\u00f3f\u00fclekkel \u00e1ll\u00edthat\u00f3 regenerat\u00edv f\u00e9kez\u00e9s is t\u00e1rsul. Ezekkel egyszer\u0171en szab\u00e1lyozhat\u00f3, mennyire er\u0151sen lass\u00edtson az aut\u00f3 g\u00e1zfelenged\u00e9skor, \u00e9s mennyi energi\u00e1t t\u00e1pl\u00e1ljon vissza az akkumul\u00e1torba. A rendszer j\u00f3l m\u0171k\u00f6dik, intuit\u00edv, \u00e9s a fokozatosan \u00e1ll\u00edthat\u00f3 visszat\u00e1pl\u00e1l\u00e1s mindig \u00fcdv\u00f6zlend\u0151 megold\u00e1s egy elektromos aut\u00f3ban, hiszen lehet\u0151v\u00e9 teszi, hogy a vezet\u0151 a saj\u00e1t st\u00edlus\u00e1hoz \u00e9s az aktu\u00e1lis forgalmi helyzethez igaz\u00edtsa az aut\u00f3 viselked\u00e9s\u00e9t.<\/p>\n","protected":false},"excerpt":{"rendered":"<p>1956-ban sz\u00fcletett Budapesten, 1988-t\u00f3l a Holdvil\u00e1g Kamarasz\u00ednh\u00e1z t\u00e1rsulat\u00e1nak tagja volt, de a Ruttkai \u00c9va Sz\u00ednh\u00e1zban is j\u00e1tszott. K\u00e9s\u0151bb tagja, majd&#8230; <span class=\"gridview-grid-post-read-more\"><a href=\"https:\/\/matrend.hu\/nekedinfo\/meghalt-a-mi-kis-falunk-szinesznoje\/\">read more<span class=\"gridview-sr-only\"> Meghalt A mi kis falunk sz\u00edn\u00e9szn\u0151je<\/span><\/a><\/span><\/p>\n","protected":false},"author":1,"featured_media":6033,"comment_status":"open","ping_status":"open","sticky":false,"template":"","format":"standard","meta":{"footnotes":""},"categories":[1],"tags":[],"class_list":["post-6032","post","type-post","status-publish","format-standard","has-post-thumbnail","hentry","category-egyeb","wpcat-1-id"],"_links":{"self":[{"href":"https:\/\/matrend.hu\/nekedinfo\/wp-json\/wp\/v2\/posts\/6032","targetHints":{"allow":["GET"]}}],"collection":[{"href":"https:\/\/matrend.hu\/nekedinfo\/wp-json\/wp\/v2\/posts"}],"about":[{"href":"https:\/\/matrend.hu\/nekedinfo\/wp-json\/wp\/v2\/types\/post"}],"author":[{"embeddable":true,"href":"https:\/\/matrend.hu\/nekedinfo\/wp-json\/wp\/v2\/users\/1"}],"replies":[{"embeddable":true,"href":"https:\/\/matrend.hu\/nekedinfo\/wp-json\/wp\/v2\/comments?post=6032"}],"version-history":[{"count":1,"href":"https:\/\/matrend.hu\/nekedinfo\/wp-json\/wp\/v2\/posts\/6032\/revisions"}],"predecessor-version":[{"id":6034,"href":"https:\/\/matrend.hu\/nekedinfo\/wp-json\/wp\/v2\/posts\/6032\/revisions\/6034"}],"wp:featuredmedia":[{"embeddable":true,"href":"https:\/\/matrend.hu\/nekedinfo\/wp-json\/wp\/v2\/media\/6033"}],"wp:attachment":[{"href":"https:\/\/matrend.hu\/nekedinfo\/wp-json\/wp\/v2\/media?parent=6032"}],"wp:term":[{"taxonomy":"category","embeddable":true,"href":"https:\/\/matrend.hu\/nekedinfo\/wp-json\/wp\/v2\/categories?post=6032"},{"taxonomy":"post_tag","embeddable":true,"href":"https:\/\/matrend.hu\/nekedinfo\/wp-json\/wp\/v2\/tags?post=6032"}],"curies":[{"name":"wp","href":"https:\/\/api.w.org\/{rel}","templated":true}]}}