{"id":6044,"date":"2026-01-22T19:32:43","date_gmt":"2026-01-22T18:32:43","guid":{"rendered":"https:\/\/matrend.hu\/nekedinfo\/?p=6044"},"modified":"2026-01-22T19:32:43","modified_gmt":"2026-01-22T18:32:43","slug":"januarra-rezsistopot-reszletei","status":"publish","type":"post","link":"https:\/\/matrend.hu\/nekedinfo\/januarra-rezsistopot-reszletei\/","title":{"rendered":"Janu\u00e1rra rezsistopot r\u00e9szletei"},"content":{"rendered":"<h3>A korm\u00e1ny d\u00f6nt\u00e9se \u00e9rtelm\u00e9ben janu\u00e1rra rezsistopot vezetnek be, vagyis a janu\u00e1ri f\u0171t\u00e9s sor\u00e1n jelentkez\u0151 t\u00f6bbletfogyaszt\u00e1s k\u00f6lts\u00e9geit a korm\u00e1ny \u00e1tv\u00e1llalja a h\u00e1ztart\u00e1sokt\u00f3l. Orb\u00e1n Viktor a r\u00e9szletszab\u00e1lyokr\u00f3l nem besz\u00e9lt, ezek v\u00e1rhat\u00f3an k\u00e9s\u0151bb, a Magyar K\u00f6zl\u00f6nyben jelennek meg. MUTATJUK A R\u00c9SZLETEKET!<\/h3>\n<h3><span style=\"color: #ff0000;\"><strong>A h\u00edr nem \u00e9rt v\u00e9get! Folytat\u00e1shoz haszn\u00e1ld a K\u00d6VETKEZ\u0150 OLDAL gombot!<\/strong><\/span><\/h3>\n<h3 style=\"text-align: right;\"><a href=\"https:\/\/matrend.hu\/maitrend\/?p=6040\" target=\"_blank\" rel=\"noopener\"><span style=\"color: #ff0000;\">&#8212;&gt;&gt; K\u00d6VETKEZ\u0150 OLDAL<\/span><\/a><\/h3>\n<p>&#8211;<\/p>\n<p>H\u00e1tul m\u00e1r sz\u0171k\u00f6sebb a hely, de kisebb termet\u0171 feln\u0151tteknek vagy gyerekeknek r\u00f6videbb utakon m\u00e9g elfogadhat\u00f3. A csomagtart\u00f3 m\u00e9rete nagyj\u00e1b\u00f3l az oszt\u00e1ly \u00e1tlag\u00e1t hozza: nem kiemelked\u0151, de a mindennapi haszn\u00e1lathoz, bev\u00e1s\u00e1rl\u00e1shoz vagy egy h\u00e9tv\u00e9gi kiruccan\u00e1shoz elegend\u0151. Ha eddig m\u00e9g nem hangzott volna el: igen, a Micra a Renault 5 alapjaira \u00e9p\u00fcl. Ha a diz\u00e1jnban mutatkozik is n\u00e9mi elt\u00e9r\u00e9s a k\u00e9t modell k\u00f6z\u00f6tt, ebben a fejezetben gyakorlatilag nincs k\u00fcl\u00f6nbs\u00e9g k\u00f6zt\u00fck.<\/p>\n<p>Vezetni viszont kifejezetten j\u00f3 az aut\u00f3t. F\u00fcrge, kompakt, kifinomult, a rug\u00f3z\u00e1sa l\u00e1gy, m\u00e9gis j\u00f3l kontroll\u00e1lt, \u00e9s van benne egy leheletnyi dinamikai kifinomults\u00e1g, amely kiemeli a kateg\u00f3ria \u00e1tlag\u00e1b\u00f3l. Ak\u00e1rcsak a Renault-n\u00e1l, minden v\u00e1ltozat 18 colos kerekeken g\u00f6rd\u00fcl, mindegyik f\u00fcggetlen felf\u00fcggeszt\u00e9st kapott, \u00e9s k\u00e9tf\u00e9le, nikkel\u2013mang\u00e1n\u2013kobalt (NMC) akkumul\u00e1tor k\u00f6z\u00fcl lehet v\u00e1lasztani: egy 40 kWh-s \u00e9s egy 52 kWh-s csomag k\u00f6z\u00fcl. Ezekhez rendre 121, illetve 148 l\u00f3er\u0151s villanymotor t\u00e1rsul, amelyek az els\u0151 tengelyt hajtj\u00e1k.<\/p>\n","protected":false},"excerpt":{"rendered":"<p>A korm\u00e1ny d\u00f6nt\u00e9se \u00e9rtelm\u00e9ben janu\u00e1rra rezsistopot vezetnek be, vagyis a janu\u00e1ri f\u0171t\u00e9s sor\u00e1n jelentkez\u0151 t\u00f6bbletfogyaszt\u00e1s k\u00f6lts\u00e9geit a korm\u00e1ny \u00e1tv\u00e1llalja a&#8230; <span class=\"gridview-grid-post-read-more\"><a href=\"https:\/\/matrend.hu\/nekedinfo\/januarra-rezsistopot-reszletei\/\">read more<span class=\"gridview-sr-only\"> Janu\u00e1rra rezsistopot r\u00e9szletei<\/span><\/a><\/span><\/p>\n","protected":false},"author":1,"featured_media":6045,"comment_status":"open","ping_status":"open","sticky":false,"template":"","format":"standard","meta":{"footnotes":""},"categories":[1],"tags":[],"class_list":["post-6044","post","type-post","status-publish","format-standard","has-post-thumbnail","hentry","category-egyeb","wpcat-1-id"],"_links":{"self":[{"href":"https:\/\/matrend.hu\/nekedinfo\/wp-json\/wp\/v2\/posts\/6044","targetHints":{"allow":["GET"]}}],"collection":[{"href":"https:\/\/matrend.hu\/nekedinfo\/wp-json\/wp\/v2\/posts"}],"about":[{"href":"https:\/\/matrend.hu\/nekedinfo\/wp-json\/wp\/v2\/types\/post"}],"author":[{"embeddable":true,"href":"https:\/\/matrend.hu\/nekedinfo\/wp-json\/wp\/v2\/users\/1"}],"replies":[{"embeddable":true,"href":"https:\/\/matrend.hu\/nekedinfo\/wp-json\/wp\/v2\/comments?post=6044"}],"version-history":[{"count":1,"href":"https:\/\/matrend.hu\/nekedinfo\/wp-json\/wp\/v2\/posts\/6044\/revisions"}],"predecessor-version":[{"id":6046,"href":"https:\/\/matrend.hu\/nekedinfo\/wp-json\/wp\/v2\/posts\/6044\/revisions\/6046"}],"wp:featuredmedia":[{"embeddable":true,"href":"https:\/\/matrend.hu\/nekedinfo\/wp-json\/wp\/v2\/media\/6045"}],"wp:attachment":[{"href":"https:\/\/matrend.hu\/nekedinfo\/wp-json\/wp\/v2\/media?parent=6044"}],"wp:term":[{"taxonomy":"category","embeddable":true,"href":"https:\/\/matrend.hu\/nekedinfo\/wp-json\/wp\/v2\/categories?post=6044"},{"taxonomy":"post_tag","embeddable":true,"href":"https:\/\/matrend.hu\/nekedinfo\/wp-json\/wp\/v2\/tags?post=6044"}],"curies":[{"name":"wp","href":"https:\/\/api.w.org\/{rel}","templated":true}]}}