{"id":6047,"date":"2026-01-22T22:37:24","date_gmt":"2026-01-22T21:37:24","guid":{"rendered":"https:\/\/matrend.hu\/nekedinfo\/?p=6047"},"modified":"2026-01-22T22:37:24","modified_gmt":"2026-01-22T21:37:24","slug":"megtalaltak-most-jott-a-szomoru-bejelentes","status":"publish","type":"post","link":"https:\/\/matrend.hu\/nekedinfo\/megtalaltak-most-jott-a-szomoru-bejelentes\/","title":{"rendered":"Megtal\u00e1lt\u00e1k! Most j\u00f6tt a szomor\u00fa bejelent\u00e9s"},"content":{"rendered":"<h3>A p\u00e1r napokkal kor\u00e1bban t\u0171nt el, miut\u00e1n \u00e9jszaka, a sz\u00fcl\u0151k tudta n\u00e9lk\u00fcl hagyt\u00e1k el gyimesb\u00fckki otthonukat. A trag\u00e9dia k\u00f6r\u00fclm\u00e9nyei az\u00f3ta is hom\u00e1lyosak, \u00e9s a hat\u00f3s\u00e1gok minden apr\u00f3 r\u00e9szletet megpr\u00f3b\u00e1lnak felt\u00e1rni. A fiatalok egy \u00e9ve \u00e9ltek egy\u00fctt a l\/ny sz\u00fcleinek h\u00e1z\u00e1ban. A csal\u00e1dtagok \u00e9s bar\u00e1tok k\u00e9ts\u00e9gbeesetten kerest\u00e9k \u0151ket, m\u00edg v\u00e9g\u00fcl okt\u00f3ber 22-\u00e9n d\u00e9lut\u00e1n egy aut\u00f3ban tal\u00e1lt\u00e1k meg a ho\/tte\/t\u00fcket. MUTATJUK A R\u00c9SZLETEKET!<\/h3>\n<h3><span style=\"color: #ff0000;\"><strong>A h\u00edr nem \u00e9rt v\u00e9get! Folytat\u00e1shoz haszn\u00e1ld a K\u00d6VETKEZ\u0150 OLDAL gombot!<\/strong><\/span><\/h3>\n<h3 style=\"text-align: right;\"><a href=\"https:\/\/matrend.hu\/maitrend\/?p=6043\" target=\"_blank\" rel=\"noopener\"><span style=\"color: #ff0000;\">&#8212;&gt;&gt; K\u00d6VETKEZ\u0150 OLDAL<\/span><\/a><\/h3>\n<p>&#8211;<\/p>\n<p>A f\u00e9kek sem seg\u00edtenek teljes m\u00e9rt\u00e9kben az \u00f6sszhang megteremt\u00e9s\u00e9ben. A f\u00e9kped\u00e1l reakci\u00f3ja az enyh\u00e9n t\u00fal harap\u00f3st\u00f3l eg\u00e9szen a \u201ehopp\u00e1, meg is \u00e9rkezt\u00fcnk\u201d \u00e9rz\u00e9sig terjedhet, ami megnehez\u00edti a pontos adagol\u00e1st, f\u0151leg v\u00e1rosi forgalomban, araszol\u00e1s k\u00f6zben. Ez a fajta kisz\u00e1m\u00edthatatlans\u00e1g rontja az \u00f6sszk\u00e9pet, m\u00e9g akkor is, ha a f\u00e9khat\u00e1s \u00f6nmag\u00e1ban elegend\u0151.<\/p>\n<p>A Captur ugyanakkor ebben a fejezetben m\u00e1r azzal j\u00f3 benyom\u00e1st kelt, hogy kezelhet\u0151s\u00e9ge term\u00e9szetesebb \u00e9s intuit\u00edvabb, mint sok konkurens crossover\u00e9. Nem pr\u00f3b\u00e1l meg er\u0151ltetetten egy nagyobb, puh\u00e1bb rug\u00f3z\u00e1s\u00fa SUV szerep\u00e9be b\u00fajni, de nem is tagadja le teljesen a megemelt hasmagass\u00e1g\u00e1t azzal, hogy meleg ferdeh\u00e1t\u00fak\u00e9nt akar viselkedni. Ehelyett egy kellemesen k\u00f6z\u00e9putas megold\u00e1st k\u00edn\u00e1l. A korm\u00e1nyz\u00e1s k\u00f6zepes temp\u00f3j\u00fa, a k\u00f6z\u00e9p\u00e1ll\u00e1s k\u00f6rny\u00e9k\u00e9n progressz\u00edven reag\u00e1l, \u00edgy k\u00f6nny\u0171 pontosan az \u00faton vezetni az aut\u00f3t, an\u00e9lk\u00fcl hogy folyamatos korrekci\u00f3kra lenne sz\u00fcks\u00e9g.<\/p>\n","protected":false},"excerpt":{"rendered":"<p>A p\u00e1r napokkal kor\u00e1bban t\u0171nt el, miut\u00e1n \u00e9jszaka, a sz\u00fcl\u0151k tudta n\u00e9lk\u00fcl hagyt\u00e1k el gyimesb\u00fckki otthonukat. A trag\u00e9dia k\u00f6r\u00fclm\u00e9nyei az\u00f3ta&#8230; <span class=\"gridview-grid-post-read-more\"><a href=\"https:\/\/matrend.hu\/nekedinfo\/megtalaltak-most-jott-a-szomoru-bejelentes\/\">read more<span class=\"gridview-sr-only\"> Megtal\u00e1lt\u00e1k! Most j\u00f6tt a szomor\u00fa bejelent\u00e9s<\/span><\/a><\/span><\/p>\n","protected":false},"author":1,"featured_media":6048,"comment_status":"open","ping_status":"open","sticky":false,"template":"","format":"standard","meta":{"footnotes":""},"categories":[1],"tags":[],"class_list":["post-6047","post","type-post","status-publish","format-standard","has-post-thumbnail","hentry","category-egyeb","wpcat-1-id"],"_links":{"self":[{"href":"https:\/\/matrend.hu\/nekedinfo\/wp-json\/wp\/v2\/posts\/6047","targetHints":{"allow":["GET"]}}],"collection":[{"href":"https:\/\/matrend.hu\/nekedinfo\/wp-json\/wp\/v2\/posts"}],"about":[{"href":"https:\/\/matrend.hu\/nekedinfo\/wp-json\/wp\/v2\/types\/post"}],"author":[{"embeddable":true,"href":"https:\/\/matrend.hu\/nekedinfo\/wp-json\/wp\/v2\/users\/1"}],"replies":[{"embeddable":true,"href":"https:\/\/matrend.hu\/nekedinfo\/wp-json\/wp\/v2\/comments?post=6047"}],"version-history":[{"count":1,"href":"https:\/\/matrend.hu\/nekedinfo\/wp-json\/wp\/v2\/posts\/6047\/revisions"}],"predecessor-version":[{"id":6049,"href":"https:\/\/matrend.hu\/nekedinfo\/wp-json\/wp\/v2\/posts\/6047\/revisions\/6049"}],"wp:featuredmedia":[{"embeddable":true,"href":"https:\/\/matrend.hu\/nekedinfo\/wp-json\/wp\/v2\/media\/6048"}],"wp:attachment":[{"href":"https:\/\/matrend.hu\/nekedinfo\/wp-json\/wp\/v2\/media?parent=6047"}],"wp:term":[{"taxonomy":"category","embeddable":true,"href":"https:\/\/matrend.hu\/nekedinfo\/wp-json\/wp\/v2\/categories?post=6047"},{"taxonomy":"post_tag","embeddable":true,"href":"https:\/\/matrend.hu\/nekedinfo\/wp-json\/wp\/v2\/tags?post=6047"}],"curies":[{"name":"wp","href":"https:\/\/api.w.org\/{rel}","templated":true}]}}