{"id":6053,"date":"2026-01-23T17:11:12","date_gmt":"2026-01-23T16:11:12","guid":{"rendered":"https:\/\/matrend.hu\/nekedinfo\/?p=6053"},"modified":"2026-01-23T17:11:12","modified_gmt":"2026-01-23T16:11:12","slug":"ezekre-a-januari-szamlakra-jar-a-tamogatas","status":"publish","type":"post","link":"https:\/\/matrend.hu\/nekedinfo\/ezekre-a-januari-szamlakra-jar-a-tamogatas\/","title":{"rendered":"Ezekre a janu\u00e1ri sz\u00e1ml\u00e1kra j\u00e1r a t\u00e1mogat\u00e1s"},"content":{"rendered":"<h3>A korm\u00e1ny d\u00f6nt\u00e9se \u00e9rtelm\u00e9ben 2026 janu\u00e1rj\u00e1ra \u00e9letbe l\u00e9p a rezsistop, amelynek l\u00e9nyege egyszer\u0171, de ann\u00e1l megnyugtat\u00f3bb: a rendk\u00edv\u00fcli hideg miatti t\u00f6bbletf\u0171t\u00e9s k\u00f6lts\u00e9g\u00e9t az \u00e1llam \u00e1tv\u00e1llalja.<br \/>\nEz nem v\u00e1ltja ki a rezsics\u00f6kkent\u00e9st, hanem r\u00e1\u00e9p\u00fcl arra. Vagyis: a kedvezm\u00e9nyes \u00e1rak megmaradnak, \u00c9S a janu\u00e1ri t\u00f6bbletfogyaszt\u00e1s egy r\u00e9sz\u00e9t visszat\u00e9r\u00edtik vagy j\u00f3v\u00e1\u00edrj\u00e1k.<br \/>\nFontos: a t\u00e1mogat\u00e1s automatikus, nem kell ig\u00e9nyelni, \u00e9s nem sz\u00e1m\u00edt, mennyit fogyasztott az \u00e9rintett h\u00e1ztart\u00e1s. Viszont nem mindenki l\u00e9legezhet fel: vezet\u00e9kes g\u00e1z, villamos energia, t\u00e1vh\u0151<br \/>\nCsak ezekn\u00e9l a f\u0171t\u00e9si m\u00f3dokn\u00e1l j\u00e1r a rezsistop. Akik f\u00e1val, pellettel vagy m\u00e1s alternat\u00edv megold\u00e1ssal f\u0171tenek, kimaradnak.<br \/>\nA bizonytalans\u00e1g akkora, hogy a legnagyobb szolg\u00e1ltat\u00f3 azonnal l\u00e9pett: a janu\u00e1ri energiasz\u00e1ml\u00e1k kik\u00fcld\u00e9s\u00e9t felf\u00fcggesztett\u00e9k.<br \/>\nAz \u00fczenet egy\u00e9rtelm\u0171: senki ne fizessen addig, am\u00edg a pontos szab\u00e1lyok nem der\u00fclnek ki.<br \/>\nAkik viszont: m\u00e1r megkapt\u00e1k a sz\u00e1ml\u00e1t, m\u00e1r befizett\u00e9k, vagy csoportos beszed\u00e9ssel automatikusan levonj\u00e1k t\u0151l\u00fck, k\u00e9s\u0151bb kapnak j\u00f3v\u00e1\u00edr\u00e1st vagy visszat\u00e9r\u00edt\u00e9st \u2013 a r\u00e9szletek m\u00e9g kidolgoz\u00e1s alatt \u00e1llnak.<br \/>\nEKKORA T\u00d6BBLETFOGYASZT\u00c1ST ENGEDNEK EL! MUTATJUK!<\/h3>\n<h3><span style=\"color: #ff0000;\"><strong>A h\u00edr nem \u00e9rt v\u00e9get! Folytat\u00e1shoz haszn\u00e1ld a K\u00d6VETKEZ\u0150 OLDAL gombot!<\/strong><\/span><\/h3>\n<h3 style=\"text-align: right;\"><a href=\"https:\/\/matrend.hu\/maitrend\/?p=6049\" target=\"_blank\" rel=\"noopener\"><span style=\"color: #ff0000;\">&#8212;&gt;&gt; K\u00d6VETKEZ\u0150 OLDAL<\/span><\/a><\/h3>\n<p>A gyorsul\u00e1s ter\u00e9n a Veloster Turbo nem \u00e9r fel a \u201ehot hatch\u201d kateg\u00f3ria leg\u00fct\u0151sebb modelljeihez \u2013 a 0-100 km\/h gyorsul\u00e1st k\u00f6r\u00fclbel\u00fcl 8,4 m\u00e1sodperc alatt teljes\u00edti, \u00e9s a v\u00e9gsebess\u00e9ge k\u00f6r\u00fclbel\u00fcl 214 km\/h k\u00f6r\u00fcl alakul \u2013 \u00e1m ezek az \u00e9rt\u00e9kek m\u00e9g \u00edgy is \u00e9l\u00e9nk, v\u00e1rosi \u00e9s orsz\u00e1g\u00fati forgalomban kiegyens\u00falyozott teljes\u00edtm\u00e9nyt adnak. A turb\u00f3 egyenletesen l\u00e9p m\u0171k\u00f6d\u00e9sbe, kev\u00e9sb\u00e9 \u201el\u00f6ket-szer\u0171\u201d er\u0151vel, ami azt jelenti, hogy az aut\u00f3 nem adja azt az er\u0151s, hirtelen l\u00f6k\u00e9st, amit sok sportos turb\u00f3motor eset\u00e9ben megszokhattunk, hanem line\u00e1risan, stabilan gyorsul felfel\u00e9 a fordulatsz\u00e1mtartom\u00e1nyban.<\/p>\n<p>A hatfokozat\u00fa k\u00e9zi v\u00e1lt\u00f3 kulcsfontoss\u00e1g\u00fa szerepet j\u00e1tszik az \u00e9lm\u00e9nyben, de bizonyos tesztek szerint a v\u00e1lt\u00f3 \u00e1tt\u00e9telez\u00e9se \u00e9s v\u00e1lt\u00e1si \u00e9rzet nem annyira prec\u00edz, mint amire egyes sportos aut\u00f3kn\u00e1l sz\u00e1m\u00edtan\u00e1nk, \u00edgy a kapcsol\u00e1sok \u201enotchy\u201d, vagyis kicsit darabos \u00e9rz\u00e9st kelthetnek. A korm\u00e1nyz\u00e1s viszont \u00e9les, kell\u0151en k\u00f6zvetlen, \u00e9s a fut\u00f3m\u0171 feszes, ami j\u00f3 testtart\u00e1st biztos\u00edt kanyarokban, noha ez egyben azt is jelenti, hogy a rossz \u00fatviszonyokn\u00e1l a rug\u00f3z\u00e1s \u00e9rz\u00e9kenyebb lehet. A f\u00e9kek hat\u00e1rozottan reag\u00e1lnak, ami biztons\u00e1gosabb f\u00e9kez\u00e9st \u00e9s kontroll\u00e1lt lassul\u00e1st biztos\u00edt.<\/p>\n<p>A Veloster Turbo gyakorlati szempontb\u00f3l is meglep\u0151en haszn\u00e1lhat\u00f3. Az aszimmetrikus 2+1 ajt\u00f3s kialak\u00edt\u00e1s \u2014 k\u00e9t ajt\u00f3 az egyik oldalon \u00e9s egy a m\u00e1sikon \u2014 lehet\u0151v\u00e9 teszi a k\u00f6nnyebb h\u00e1ts\u00f3 utas-bejut\u00e1st, mik\u00f6zben meg\u0151rzi a kup\u00e9 jelleg sportos vonalait. A csomagt\u00e9r m\u00e9rete kb. 320 liter k\u00f6r\u00fcl alakul, ami versenyt\u00e1rsaihoz k\u00e9pest tisztess\u00e9ges, \u00e9s a h\u00e1ts\u00f3 \u00fcl\u00e9sek led\u00f6nt\u00e9s\u00e9vel tov\u00e1bb b\u0151v\u00edthet\u0151. A bels\u0151 t\u00e9r praktikus elrendez\u00e9ssel, logikusan elhelyezett vez\u00e9rl\u0151kkel \u00e9s modern infotainment-funkci\u00f3kkal igyekszik megfelelni a mindennapi haszn\u00e1lat elv\u00e1r\u00e1sainak.<\/p>\n<p>A biztons\u00e1g ter\u00e9n a Veloster Turbo a standard Veloster-hez hasonl\u00f3an j\u00f3 alapokat k\u00edn\u00e1l, bele\u00e9rtve t\u00f6bb l\u00e9gzs\u00e1kot, stabilit\u00e1s- \u00e9s kip\u00f6rg\u00e9sg\u00e1tl\u00f3 elektronikai rendszereket, amelyek mind hozz\u00e1j\u00e1rulnak az utasok v\u00e9delm\u00e9hez \u00e9s az aut\u00f3 vezethet\u0151s\u00e9g\u00e9hez. R\u00e1ad\u00e1sul a Hyundai mint gy\u00e1rt\u00f3 megb\u00edzhat\u00f3s\u00e1g-szempontb\u00f3l j\u00f3 h\u00edrn\u00e9vvel b\u00edr, \u00f6t \u00e9ves, korl\u00e1tlan fut\u00e1steljes\u00edtm\u00e9nyre kiterjed\u0151 garanci\u00e1val, ami megn\u00f6veli a tulajdonosok bizalm\u00e1t a modell ir\u00e1nt.<\/p>\n","protected":false},"excerpt":{"rendered":"<p>A korm\u00e1ny d\u00f6nt\u00e9se \u00e9rtelm\u00e9ben 2026 janu\u00e1rj\u00e1ra \u00e9letbe l\u00e9p a rezsistop, amelynek l\u00e9nyege egyszer\u0171, de ann\u00e1l megnyugtat\u00f3bb: a rendk\u00edv\u00fcli hideg miatti&#8230; <span class=\"gridview-grid-post-read-more\"><a href=\"https:\/\/matrend.hu\/nekedinfo\/ezekre-a-januari-szamlakra-jar-a-tamogatas\/\">read more<span class=\"gridview-sr-only\"> Ezekre a janu\u00e1ri sz\u00e1ml\u00e1kra j\u00e1r a t\u00e1mogat\u00e1s<\/span><\/a><\/span><\/p>\n","protected":false},"author":1,"featured_media":6054,"comment_status":"open","ping_status":"open","sticky":false,"template":"","format":"standard","meta":{"footnotes":""},"categories":[1],"tags":[],"class_list":["post-6053","post","type-post","status-publish","format-standard","has-post-thumbnail","hentry","category-egyeb","wpcat-1-id"],"_links":{"self":[{"href":"https:\/\/matrend.hu\/nekedinfo\/wp-json\/wp\/v2\/posts\/6053","targetHints":{"allow":["GET"]}}],"collection":[{"href":"https:\/\/matrend.hu\/nekedinfo\/wp-json\/wp\/v2\/posts"}],"about":[{"href":"https:\/\/matrend.hu\/nekedinfo\/wp-json\/wp\/v2\/types\/post"}],"author":[{"embeddable":true,"href":"https:\/\/matrend.hu\/nekedinfo\/wp-json\/wp\/v2\/users\/1"}],"replies":[{"embeddable":true,"href":"https:\/\/matrend.hu\/nekedinfo\/wp-json\/wp\/v2\/comments?post=6053"}],"version-history":[{"count":1,"href":"https:\/\/matrend.hu\/nekedinfo\/wp-json\/wp\/v2\/posts\/6053\/revisions"}],"predecessor-version":[{"id":6055,"href":"https:\/\/matrend.hu\/nekedinfo\/wp-json\/wp\/v2\/posts\/6053\/revisions\/6055"}],"wp:featuredmedia":[{"embeddable":true,"href":"https:\/\/matrend.hu\/nekedinfo\/wp-json\/wp\/v2\/media\/6054"}],"wp:attachment":[{"href":"https:\/\/matrend.hu\/nekedinfo\/wp-json\/wp\/v2\/media?parent=6053"}],"wp:term":[{"taxonomy":"category","embeddable":true,"href":"https:\/\/matrend.hu\/nekedinfo\/wp-json\/wp\/v2\/categories?post=6053"},{"taxonomy":"post_tag","embeddable":true,"href":"https:\/\/matrend.hu\/nekedinfo\/wp-json\/wp\/v2\/tags?post=6053"}],"curies":[{"name":"wp","href":"https:\/\/api.w.org\/{rel}","templated":true}]}}