{"id":6059,"date":"2026-01-23T20:16:39","date_gmt":"2026-01-23T19:16:39","guid":{"rendered":"https:\/\/matrend.hu\/nekedinfo\/?p=6059"},"modified":"2026-01-23T20:16:39","modified_gmt":"2026-01-23T19:16:39","slug":"megtalaltak-igy-hozzak-felszinre","status":"publish","type":"post","link":"https:\/\/matrend.hu\/nekedinfo\/megtalaltak-igy-hozzak-felszinre\/","title":{"rendered":"Megtal\u00e1lt\u00e1k! \u00cdgy hozz\u00e1k felsz\u00ednre"},"content":{"rendered":"<h3>Ment\u0151kuty\u00e1kkal, \u00f6nk\u00e9ntesekkel \u00e9s a rend\u0151rs\u00e9g seg\u00edts\u00e9g\u00e9vel pr\u00f3b\u00e1lt\u00e1k felkutatni, de minden er\u0151fesz\u00edt\u00e9s\u00fck hi\u00e1baval\u00f3nak bizonyult. P\u00e9ntek reggel egy ember felfedezett valamit a v\u00edz k\u00f6zel\u00e9ben, ami v\u00e9g\u00fcl a keres\u00e9s szomor\u00fa lez\u00e1r\u00e1s\u00e1t jelentette \u2013 \u00edrja a HEOL. Szomor\u00fa v\u00e9gkifejlet: MUTATJUK A R\u00c9SZLETEKET!<\/h3>\n<h3><span style=\"color: #ff0000;\"><strong>A h\u00edr nem \u00e9rt v\u00e9get! Folytat\u00e1shoz haszn\u00e1ld a K\u00d6VETKEZ\u0150 OLDAL gombot!<\/strong><\/span><\/h3>\n<h3 style=\"text-align: right;\"><a href=\"https:\/\/matrend.hu\/maitrend\/?p=6057\" target=\"_blank\" rel=\"noopener\"><span style=\"color: #ff0000;\">&#8212;&gt;&gt; K\u00d6VETKEZ\u0150 OLDAL<\/span><\/a><\/h3>\n<p>&#8211;<\/p>\n<p>Pozit\u00edvum viszont, hogy a 24\u201330 g\/km k\u00f6z\u00f6tti sz\u00e9n-dioxid-kibocs\u00e1t\u00e1si \u00e9rt\u00e9kek komoly el\u0151nyt jelentenek, k\u00fcl\u00f6n\u00f6sen c\u00e9ges aut\u00f3k\u00e9nt haszn\u00e1lva a modellt. Ezek az alacsony CO\u2082-sz\u00e1mok seg\u00edtenek kord\u00e1ban tartani az ad\u00f3terheket \u00e9s a juttat\u00e1si k\u00f6lts\u00e9geket, ami sok v\u00e1llalati v\u00e1s\u00e1rl\u00f3 sz\u00e1m\u00e1ra d\u00f6nt\u0151 szempont lehet, m\u00e9g akkor is, ha a val\u00f3s fogyaszt\u00e1s nem mindig t\u00fckr\u00f6zi a hivatalos adatokat.<\/p>\n<p>A tiszt\u00e1n benzines PureTech v\u00e1ltozat ezzel szemben j\u00f3val f\u00f6ldh\u00f6zragadtabb sz\u00e1mokat produk\u00e1l. A hivatalos kombin\u00e1lt ciklus szerint 41 \u00e9s 48 mpg k\u00f6z\u00f6tti fogyaszt\u00e1sra k\u00e9pes, a felszerelts\u00e9gt\u0151l \u00e9s a teljes\u00edtm\u00e9nyv\u00e1ltozatt\u00f3l f\u00fcgg\u0151en. A CO\u2082-kibocs\u00e1t\u00e1s 133 \u00e9s 156 g\/km k\u00f6z\u00f6tt alakul, ami m\u00e1r kev\u00e9sb\u00e9 kedvez\u0151 ad\u00f3z\u00e1si szempontb\u00f3l, ugyanakkor re\u00e1lisabb k\u00e9pet ad a mindennapi haszn\u00e1latr\u00f3l. Ebben szerepet j\u00e1tszik az alapfelszerelts\u00e9gk\u00e9nt j\u00e1r\u00f3 start\/stop rendszer, valamint a Peugeot 408 kifejezetten j\u00f3, 0,28-as l\u00e9gellen\u00e1ll\u00e1si egy\u00fctthat\u00f3ja is, amely aut\u00f3p\u00e1ly\u00e1n \u00e9s orsz\u00e1g\u00faton k\u00e9zzelfoghat\u00f3an jav\u00edtja a hat\u00e9konys\u00e1got.<\/p>\n<p>Peugeot 408 hajt\u00e1sl\u00e1nc-k\u00edn\u00e1lata ink\u00e1bb a nyugodt, k\u00e9nyelmes k\u00f6zleked\u00e9st r\u00e9szes\u00edti el\u0151nyben, mintsem a sportos dinamizmust. A PureTech motor akkor m\u0171k\u00f6dik a legjobban, ha a vezet\u0151 alkalmazkodik a karakter\u00e9hez, m\u00edg a plug-in hibrid v\u00e1ltozatok els\u0151sorban pap\u00edron \u00e9s ad\u00f3z\u00e1si szempontb\u00f3l er\u0151sek. A v\u00e1lt\u00f3 viselked\u00e9se mindk\u00e9t esetben kompromisszumot jelent, \u00e9s b\u00e1r a sz\u00e1mok alapj\u00e1n komoly teljes\u00edtm\u00e9ny \u00edg\u00e9rete sejlik fel, a val\u00f3s\u00e1gban a 408 ink\u00e1bb egy eleg\u00e1ns, hat\u00e9kony \u00e9s megfontolt utaz\u00f3aut\u00f3 benyom\u00e1s\u00e1t kelti, nem pedig egy izgalmas, \u00f6szt\u00f6nz\u0151 vezet\u00e9si \u00e9lm\u00e9nyt k\u00edn\u00e1l\u00f3 modell\u00e9t.<\/p>\n","protected":false},"excerpt":{"rendered":"<p>Ment\u0151kuty\u00e1kkal, \u00f6nk\u00e9ntesekkel \u00e9s a rend\u0151rs\u00e9g seg\u00edts\u00e9g\u00e9vel pr\u00f3b\u00e1lt\u00e1k felkutatni, de minden er\u0151fesz\u00edt\u00e9s\u00fck hi\u00e1baval\u00f3nak bizonyult. P\u00e9ntek reggel egy ember felfedezett valamit a&#8230; <span class=\"gridview-grid-post-read-more\"><a href=\"https:\/\/matrend.hu\/nekedinfo\/megtalaltak-igy-hozzak-felszinre\/\">read more<span class=\"gridview-sr-only\"> Megtal\u00e1lt\u00e1k! \u00cdgy hozz\u00e1k felsz\u00ednre<\/span><\/a><\/span><\/p>\n","protected":false},"author":1,"featured_media":6060,"comment_status":"open","ping_status":"open","sticky":false,"template":"","format":"standard","meta":{"footnotes":""},"categories":[1],"tags":[],"class_list":["post-6059","post","type-post","status-publish","format-standard","has-post-thumbnail","hentry","category-egyeb","wpcat-1-id"],"_links":{"self":[{"href":"https:\/\/matrend.hu\/nekedinfo\/wp-json\/wp\/v2\/posts\/6059","targetHints":{"allow":["GET"]}}],"collection":[{"href":"https:\/\/matrend.hu\/nekedinfo\/wp-json\/wp\/v2\/posts"}],"about":[{"href":"https:\/\/matrend.hu\/nekedinfo\/wp-json\/wp\/v2\/types\/post"}],"author":[{"embeddable":true,"href":"https:\/\/matrend.hu\/nekedinfo\/wp-json\/wp\/v2\/users\/1"}],"replies":[{"embeddable":true,"href":"https:\/\/matrend.hu\/nekedinfo\/wp-json\/wp\/v2\/comments?post=6059"}],"version-history":[{"count":1,"href":"https:\/\/matrend.hu\/nekedinfo\/wp-json\/wp\/v2\/posts\/6059\/revisions"}],"predecessor-version":[{"id":6061,"href":"https:\/\/matrend.hu\/nekedinfo\/wp-json\/wp\/v2\/posts\/6059\/revisions\/6061"}],"wp:featuredmedia":[{"embeddable":true,"href":"https:\/\/matrend.hu\/nekedinfo\/wp-json\/wp\/v2\/media\/6060"}],"wp:attachment":[{"href":"https:\/\/matrend.hu\/nekedinfo\/wp-json\/wp\/v2\/media?parent=6059"}],"wp:term":[{"taxonomy":"category","embeddable":true,"href":"https:\/\/matrend.hu\/nekedinfo\/wp-json\/wp\/v2\/categories?post=6059"},{"taxonomy":"post_tag","embeddable":true,"href":"https:\/\/matrend.hu\/nekedinfo\/wp-json\/wp\/v2\/tags?post=6059"}],"curies":[{"name":"wp","href":"https:\/\/api.w.org\/{rel}","templated":true}]}}