{"id":6066,"date":"2026-01-25T10:13:15","date_gmt":"2026-01-25T09:13:15","guid":{"rendered":"https:\/\/matrend.hu\/nekedinfo\/?p=6066"},"modified":"2026-01-25T10:13:15","modified_gmt":"2026-01-25T09:13:15","slug":"boraros-gabort-gyanusitjak-jakli-monika-ugyeben","status":"publish","type":"post","link":"https:\/\/matrend.hu\/nekedinfo\/boraros-gabort-gyanusitjak-jakli-monika-ugyeben\/","title":{"rendered":"Bor\u00e1ros G\u00e1bort gyan\u00fas\u00edtj\u00e1k J\u00e1kli M\u00f3nika \u00fcgy\u00e9ben!"},"content":{"rendered":"<h3>A gy\u00e1sz \u00e1rny\u00e9k\u00e1ban r\u00e9gi, eltemetett dokumentumok ker\u00fcltek napvil\u00e1gra. A szlov\u00e1kiai TV Mark\u00edza \u00e9s a tvnoviny sk vas\u00e1rnap este nyilv\u00e1noss\u00e1gra hozott egy 2025 szeptember\u00e9ben sz\u00fcletett b\u00edr\u00f3s\u00e1gi v\u00e9gz\u00e9st, amely \u00faj megvil\u00e1g\u00edt\u00e1sba helyezte a volt h\u00e1zasp\u00e1r kapcsolat\u00e1t.<br \/>\nA dunaszerdahelyi j\u00e1r\u00e1sb\u00edr\u00f3s\u00e1g J\u00e1kli M\u00f3nika k\u00e9r\u00e9s\u00e9re t\u00e1voltart\u00e1si v\u00e9gz\u00e9st adott ki Bor\u00e1ros G\u00e1bor ellen. A d\u00f6nt\u00e9s alapja: a b\u00edr\u00f3s\u00e1g szerint Bor\u00e1ros olyan m\u00e9rt\u00e9kben \u00e9s intenzit\u00e1ssal gyakorolt negat\u00edv nyom\u00e1st M\u00f3nik\u00e1ra, ami m\u00e1r a lelki integrit\u00e1s\u00e1t vesz\u00e9lyeztette.<br \/>\nA b\u00edr\u00f3s\u00e1gi iratok \u2013 amelyeket a parameter sk r\u00e9szletesen ismertetett \u2013 szerint a probl\u00e9m\u00e1k f\u0151 forr\u00e1sai a mega\/l\/\u00e1z\u00f3, fenyeget\u0151 hangv\u00e9tel\u0171 \u00fczenetek voltak.<br \/>\nNem egyszer\u0171 veszeked\u00e9sek. Hanem hat\u00e1rokat \u00e1tl\u00e9p\u0151, f\u00e9lelmet kelt\u0151 megnyilv\u00e1nul\u00e1sok.<br \/>\nDE MI K\u00d6ZE ENNEK A V\u00c9GZETES BALESETNEK? MUTATJUK!<\/h3>\n<h3><span style=\"color: #ff0000;\"><strong>A h\u00edr nem \u00e9rt v\u00e9get! Folytat\u00e1shoz haszn\u00e1ld a K\u00d6VETKEZ\u0150 OLDAL gombot!<\/strong><\/span><\/h3>\n<h3 style=\"text-align: right;\"><a href=\"https:\/\/matrend.hu\/maitrend\/?p=6064\" target=\"_blank\" rel=\"noopener\"><span style=\"color: #ff0000;\">&#8212;&gt;&gt; K\u00d6VETKEZ\u0150 OLDAL<\/span><\/a><\/h3>\n<p>A belt\u00e9r ugyancsak modern, digit\u00e1lis orient\u00e1ci\u00f3j\u00fa, ahol a Kia jellemz\u0151en a letisztult, m\u00e9gis funkcion\u00e1lis elrendez\u00e9st v\u00e1lasztotta. A m\u0171szerfal domin\u00e1ns r\u00e9sze egy sz\u00e9les, t\u00f6bb k\u00e9perny\u0151t \u00f6sszevon\u00f3 infotainment-egys\u00e9g, amely kombin\u00e1lja az instrumentumok \u00e9s a k\u00f6zponti \u00e9rint\u0151k\u00e9perny\u0151 funkci\u00f3it \u2013 ez a digital cockpit trendjeihez igazodik, mik\u00f6zben fizikailag elhelyezett kl\u00edmavez\u00e9rl\u0151 gombokat \u00e9s k\u00fcl\u00f6n kezel\u0151ket is meghagy a k\u00f6nnyebb haszn\u00e1lhat\u00f3s\u00e1g \u00e9rdek\u00e9ben. A bels\u0151 t\u00e9r anyagai az adott felszerelts\u00e9gi szinthez ill\u0151en j\u00f3 min\u0151s\u00e9g\u0171ek, a GT-Line modellekben sportosabb \u00fcl\u00e9sek, b\u0151r-anyag kombin\u00e1ci\u00f3k \u00e9s extra k\u00e9nyelmi funkci\u00f3k is tal\u00e1lhat\u00f3k.<\/p>\n<p>A K4 GT-Line Turbo elnevez\u00e9sb\u0151l ugyanakkor vil\u00e1gos, hogy a teljes\u00edtm\u00e9ny is fontos szerepet kap: a tesztelt aut\u00f3 egy 1,6 literes, turb\u00f3felt\u00f6lt\u0151s benzines motorral szerelt v\u00e1ltozat volt, amely k\u00f6r\u00fclbel\u00fcl 190 l\u00f3er\u0151t \u00e9s 265 Nm nyomat\u00e9kot biztos\u00edt. Ez a hajt\u00e1sl\u00e1nc modern, hatfokozat\u00fa automata v\u00e1lt\u00f3val dolgozik, \u00e9s a Kia multim\u00f3dus\u00fa meghajt\u00e1s-vez\u00e9rl\u00e9ssel is ell\u00e1tja az aut\u00f3t \u2013 \u00edgy az er\u0151forr\u00e1s k\u00e9pes kultur\u00e1lt, nyugodt halad\u00e1st biztos\u00edtani v\u00e1rosban \u00e9s orsz\u00e1g\u00faton, m\u00edg sportosabb vezet\u00e9si helyzetekben dinamikusabb reakci\u00f3kat is produk\u00e1l. A 0-100 km\/h gyorsul\u00e1s a turb\u00f3s v\u00e1ltozat eset\u00e9ben a gy\u00e1rt\u00f3 \u00e9s a tesztek szerint nagyj\u00e1b\u00f3l 7,5\u20138 m\u00e1sodperc k\u00f6r\u00fcl alakul, ami a kompakt szegmensben korrekt \u00e9rt\u00e9knek sz\u00e1m\u00edt.<\/p>\n<p>A fut\u00f3m\u0171 \u00e9s az alv\u00e1z viselked\u00e9se a GT-Line kivitelben t\u00f6bbtag\u00fa (multi-link) h\u00e1ts\u00f3 felf\u00fcggeszt\u00e9ssel is javul: ez a megold\u00e1s jobb tapad\u00e1st, kiegyens\u00falyozottabb \u00fattart\u00e1st \u00e9s stabilabb viselked\u00e9st eredm\u00e9nyez, k\u00fcl\u00f6n\u00f6sen kanyarokban vagy rossz min\u0151s\u00e9g\u0171 \u00fatfel\u00fcleteken. A teszt szerint a K4 vezet\u00e9si karaktere \u00e9rett \u00e9s kiegyens\u00falyozott, nem t\u00fal sportos, de hat\u00e1rozottan megb\u00edzhat\u00f3, \u00edgy j\u00f3 kompromisszumot ny\u00fajt a mindennapi haszn\u00e1lat sor\u00e1n. A korm\u00e1nyz\u00e1s prec\u00edz, k\u00f6z\u00e9ppontos, \u00e9s a fut\u00f3m\u0171 is olyan hangol\u00e1st kapott, amely a komfortot \u00e9s a stabilit\u00e1st egyar\u00e1nt szem el\u0151tt tartja.<\/p>\n","protected":false},"excerpt":{"rendered":"<p>A gy\u00e1sz \u00e1rny\u00e9k\u00e1ban r\u00e9gi, eltemetett dokumentumok ker\u00fcltek napvil\u00e1gra. A szlov\u00e1kiai TV Mark\u00edza \u00e9s a tvnoviny sk vas\u00e1rnap este nyilv\u00e1noss\u00e1gra hozott&#8230; <span class=\"gridview-grid-post-read-more\"><a href=\"https:\/\/matrend.hu\/nekedinfo\/boraros-gabort-gyanusitjak-jakli-monika-ugyeben\/\">read more<span class=\"gridview-sr-only\"> Bor\u00e1ros G\u00e1bort gyan\u00fas\u00edtj\u00e1k J\u00e1kli M\u00f3nika \u00fcgy\u00e9ben!<\/span><\/a><\/span><\/p>\n","protected":false},"author":1,"featured_media":6067,"comment_status":"open","ping_status":"open","sticky":false,"template":"","format":"standard","meta":{"footnotes":""},"categories":[1],"tags":[],"class_list":["post-6066","post","type-post","status-publish","format-standard","has-post-thumbnail","hentry","category-egyeb","wpcat-1-id"],"_links":{"self":[{"href":"https:\/\/matrend.hu\/nekedinfo\/wp-json\/wp\/v2\/posts\/6066","targetHints":{"allow":["GET"]}}],"collection":[{"href":"https:\/\/matrend.hu\/nekedinfo\/wp-json\/wp\/v2\/posts"}],"about":[{"href":"https:\/\/matrend.hu\/nekedinfo\/wp-json\/wp\/v2\/types\/post"}],"author":[{"embeddable":true,"href":"https:\/\/matrend.hu\/nekedinfo\/wp-json\/wp\/v2\/users\/1"}],"replies":[{"embeddable":true,"href":"https:\/\/matrend.hu\/nekedinfo\/wp-json\/wp\/v2\/comments?post=6066"}],"version-history":[{"count":1,"href":"https:\/\/matrend.hu\/nekedinfo\/wp-json\/wp\/v2\/posts\/6066\/revisions"}],"predecessor-version":[{"id":6068,"href":"https:\/\/matrend.hu\/nekedinfo\/wp-json\/wp\/v2\/posts\/6066\/revisions\/6068"}],"wp:featuredmedia":[{"embeddable":true,"href":"https:\/\/matrend.hu\/nekedinfo\/wp-json\/wp\/v2\/media\/6067"}],"wp:attachment":[{"href":"https:\/\/matrend.hu\/nekedinfo\/wp-json\/wp\/v2\/media?parent=6066"}],"wp:term":[{"taxonomy":"category","embeddable":true,"href":"https:\/\/matrend.hu\/nekedinfo\/wp-json\/wp\/v2\/categories?post=6066"},{"taxonomy":"post_tag","embeddable":true,"href":"https:\/\/matrend.hu\/nekedinfo\/wp-json\/wp\/v2\/tags?post=6066"}],"curies":[{"name":"wp","href":"https:\/\/api.w.org\/{rel}","templated":true}]}}