{"id":6069,"date":"2026-01-25T11:51:23","date_gmt":"2026-01-25T10:51:23","guid":{"rendered":"https:\/\/matrend.hu\/nekedinfo\/?p=6069"},"modified":"2026-01-25T11:51:23","modified_gmt":"2026-01-25T10:51:23","slug":"tragedia-tortent-herceg-erikaval","status":"publish","type":"post","link":"https:\/\/matrend.hu\/nekedinfo\/tragedia-tortent-herceg-erikaval\/","title":{"rendered":"Trag\u00e9dia t\u00f6rt\u00e9nt Herceg Erik\u00e1val"},"content":{"rendered":"<h3>Erika gyermeke halt meg. Az \u00e9nekesn\u0151 f\u00e1jdalmas vallom\u00e1st tett: A kimer\u00edt\u0151 koncertsorozat k\u00f6zep\u00e9n elve\/t\/\u00e9lt. A terhess\u00e9g m\u00e9g csak n\u00e9h\u00e1ny hetes volt, de a rem\u00e9ny m\u00e1r megsz\u00fcletett benne.<br \/>\n\u201eM\u00e9g senkinek sem mondtam el\u2026 v\u00e1rtam, hogy biztons\u00e1gos legyen\u201d \u2013 id\u00e9zte fel k\u00f6nnyek k\u00f6z\u00f6tt. De a sors k\u00f6zbesz\u00f3lt. A magzat elment, \u00e9s vele egy\u00fctt egy j\u00f6v\u0151k\u00e9p is szertefoszlott. Erika el\u00e1rulta: az okot az orvosok megtal\u00e1lt\u00e1k, \u00e1m err\u0151l nem k\u00edv\u00e1n besz\u00e9lni. Csak annyit mondott: rengeteg n\u0151 j\u00e1rja v\u00e9gig ezt a poklot n\u00e9m\u00e1n.<br \/>\nA P0K0LNAK EZZEL M\u00c9G NINCS V\u00c9GE:<\/h3>\n<h3><span style=\"color: #ff0000;\"><strong>A h\u00edr nem \u00e9rt v\u00e9get! Folytat\u00e1shoz haszn\u00e1ld a K\u00d6VETKEZ\u0150 OLDAL gombot!<\/strong><\/span><\/h3>\n<h3 style=\"text-align: right;\"><a href=\"https:\/\/matrend.hu\/maitrend\/?p=6067\" target=\"_blank\" rel=\"noopener\"><span style=\"color: #ff0000;\">&#8212;&gt;&gt; K\u00d6VETKEZ\u0150 OLDAL<\/span><\/a><\/h3>\n<p>Amikor k\u00e9t olyan kompakt SUV-t \u00e1ll\u00edtunk egym\u00e1ssal szembe, mint a Dacia Duster Hybrid \u00e9s az MG ZS Hybrid, a val\u00f3s\u00e1gos teszt \u00e9s \u00f6sszehasonl\u00edt\u00e1s sokkal \u00e1rnyaltabb k\u00e9pet ad, mint amit a puszta m\u00e1rkan\u00e9v vagy \u00e1r alapj\u00e1n v\u00e1rn\u00e1nk. Az Auto Express tesztje szerint mindk\u00e9t modell a \u201ebudget hybrid SUV\u201d kateg\u00f3ri\u00e1ban k\u00edn\u00e1l olyan megold\u00e1sokat, amelyek j\u00f3 \u00e1r-\u00e9rt\u00e9k ar\u00e1nyt adnak, de a Dacia Duster v\u00e9g\u00fcl r\u00e9szletes vizsg\u00e1lat alapj\u00e1n nyerte a tal\u00e1lkoz\u00f3t, mivel t\u00f6bb szempontb\u00f3l kiegyens\u00falyozottabb \u00e9s \u201e\u0151szint\u00e9bb\u201d aut\u00f3k\u00e9nt teljes\u00edtette a feladatot.<\/p>\n<p>A MG ZS Hybrid a teszt alapj\u00e1n egy\u00e9rtelm\u0171en er\u0151sebb teljes\u00edtm\u00e9nyt ad: a 1,5 literes benzinmotor \u00e9s az elektromos motor kombin\u00e1ci\u00f3ja 193 l\u00f3er\u0151t \u00e9s 343 Nm nyomat\u00e9kot biztos\u00edt, ami dinamikusabb gyorsul\u00e1st jelent \u2014 p\u00e9ld\u00e1ul gyorsabb 0-100 km\/h gyorsul\u00e1st, mint a Duster tesztelt verzi\u00f3ja. Ez a teljes\u00edtm\u00e9ny k\u00fcl\u00f6n\u00f6sen v\u00e1rosi forgalomban \u00e9s k\u00f6z\u00faton ad hat\u00e1rozottabb gyors\u00edt\u00e1si \u00e9lm\u00e9nyt, ahol a pehelyk\u00f6nny\u0171 reag\u00e1l\u00e1s \u00e9s a motor-elektromos hajt\u00e1s gyorsas\u00e1ga \u00e9rz\u00e9kelhet\u0151en jobb.<br \/>\nA Dacia Duster Hybrid ezzel szemben \u00f6sszesen 138 l\u00f3er\u0151t k\u00edn\u00e1l a benzin- \u00e9s elektromos egys\u00e9g egy\u00fcttm\u0171k\u00f6d\u00e9s\u00e9vel, de a gyakorlatban ez elegend\u0151, \u00e9s ink\u00e1bb kiegyens\u00falyozottabb, nyugodtabb er\u0151lead\u00e1st eredm\u00e9nyez. A Duster hajt\u00e1sl\u00e1nca kev\u00e9sb\u00e9 \u201esportos\u201d, ink\u00e1bb az effekt\u00edv mindennapi haszn\u00e1latra \u00e9s stabil halad\u00e1sra van hangolva.<\/p>\n<p>A teszt val\u00f3s fogyaszt\u00e1si m\u00e9r\u00e9se alapj\u00e1n mindk\u00e9t hibrid \u00e1tlagosan hasonl\u00f3 \u00e9rt\u00e9ket \u00e9r el, de a Dacia Duster Hybrid enyh\u00e9n kedvez\u0151bbnek bizonyult: k\u00f6r\u00fclbel\u00fcl 52,3 mpg-os (\u2248 5,5 l\/100 km) val\u00f3s \u00e1tlagot mutatott a m\u00e9r\u00e9si ciklusban, m\u00edg a MG ZS Hybrid ink\u00e1bb 48,7 mpg-ot \u00e9rt el. Ez azt sugallja, hogy a Duster jobban k\u00f6zel\u00edti meg a WLTP-szerinti \u00e9rt\u00e9keket a v\u00e1rosi \u00e9s vegyes haszn\u00e1latban, ami el\u0151nny\u00e9 v\u00e1lhat hosszabb ing\u00e1z\u00e1sn\u00e1l vagy vegyes \u00fatvonalon.<\/p>\n","protected":false},"excerpt":{"rendered":"<p>Erika gyermeke halt meg. Az \u00e9nekesn\u0151 f\u00e1jdalmas vallom\u00e1st tett: A kimer\u00edt\u0151 koncertsorozat k\u00f6zep\u00e9n elve\/t\/\u00e9lt. A terhess\u00e9g m\u00e9g csak n\u00e9h\u00e1ny hetes&#8230; <span class=\"gridview-grid-post-read-more\"><a href=\"https:\/\/matrend.hu\/nekedinfo\/tragedia-tortent-herceg-erikaval\/\">read more<span class=\"gridview-sr-only\"> Trag\u00e9dia t\u00f6rt\u00e9nt Herceg Erik\u00e1val<\/span><\/a><\/span><\/p>\n","protected":false},"author":1,"featured_media":6070,"comment_status":"open","ping_status":"open","sticky":false,"template":"","format":"standard","meta":{"footnotes":""},"categories":[1],"tags":[],"class_list":["post-6069","post","type-post","status-publish","format-standard","has-post-thumbnail","hentry","category-egyeb","wpcat-1-id"],"_links":{"self":[{"href":"https:\/\/matrend.hu\/nekedinfo\/wp-json\/wp\/v2\/posts\/6069","targetHints":{"allow":["GET"]}}],"collection":[{"href":"https:\/\/matrend.hu\/nekedinfo\/wp-json\/wp\/v2\/posts"}],"about":[{"href":"https:\/\/matrend.hu\/nekedinfo\/wp-json\/wp\/v2\/types\/post"}],"author":[{"embeddable":true,"href":"https:\/\/matrend.hu\/nekedinfo\/wp-json\/wp\/v2\/users\/1"}],"replies":[{"embeddable":true,"href":"https:\/\/matrend.hu\/nekedinfo\/wp-json\/wp\/v2\/comments?post=6069"}],"version-history":[{"count":1,"href":"https:\/\/matrend.hu\/nekedinfo\/wp-json\/wp\/v2\/posts\/6069\/revisions"}],"predecessor-version":[{"id":6071,"href":"https:\/\/matrend.hu\/nekedinfo\/wp-json\/wp\/v2\/posts\/6069\/revisions\/6071"}],"wp:featuredmedia":[{"embeddable":true,"href":"https:\/\/matrend.hu\/nekedinfo\/wp-json\/wp\/v2\/media\/6070"}],"wp:attachment":[{"href":"https:\/\/matrend.hu\/nekedinfo\/wp-json\/wp\/v2\/media?parent=6069"}],"wp:term":[{"taxonomy":"category","embeddable":true,"href":"https:\/\/matrend.hu\/nekedinfo\/wp-json\/wp\/v2\/categories?post=6069"},{"taxonomy":"post_tag","embeddable":true,"href":"https:\/\/matrend.hu\/nekedinfo\/wp-json\/wp\/v2\/tags?post=6069"}],"curies":[{"name":"wp","href":"https:\/\/api.w.org\/{rel}","templated":true}]}}