{"id":6072,"date":"2026-01-25T18:44:36","date_gmt":"2026-01-25T17:44:36","guid":{"rendered":"https:\/\/matrend.hu\/nekedinfo\/?p=6072"},"modified":"2026-01-25T18:44:36","modified_gmt":"2026-01-25T17:44:36","slug":"kiderult-minden-tiszta-lett-a-kep","status":"publish","type":"post","link":"https:\/\/matrend.hu\/nekedinfo\/kiderult-minden-tiszta-lett-a-kep\/","title":{"rendered":"Kider\u00fclt minden tiszta lett a k\u00e9p!"},"content":{"rendered":"<h3>A trag\u00e9dia ut\u00e1n sajt\u00f3inform\u00e1ci\u00f3k szerint kider\u00fclt, hogy J\u00e1kli M\u00f3nika \u00e9s volt \u00e9lett\u00e1rsa k\u00f6z\u00f6tt kor\u00e1bban du\/va \u00fczenetv\u00e1lt\u00e1sok zajlottak. \u00c1ll\u00edt\u00f3lag a b\u00edr\u00f3s\u00e1g tavaly megtil\/otta, hogy a f\u00e9\/fi a n\/ k\u00f6zel\u00e9be menjen vagy kapcsolatba l\u00e9pjen vele. szerint J\u00e1kli M\u00f3nika m\u00e9g \u00e9l\/tben lenne, ha nem j\u00f6tt volna \u00f6ssze jelenlegi p\u00e1rj\u00e1val. \u00dagy v\u00e9li, a f\u00e9\/fi azzal is bizony\u00edtotta, hogy n\u00e1la van a n\/ telefonja, hogy megpr\u00f3b\u00e1lja elt\u00fcntetni az azon tal\u00e1lhat\u00f3 tartalmakat. MUTATJUK A R\u00c9SZLETEKET!<\/h3>\n<h3><span style=\"color: #ff0000;\"><strong>A h\u00edr nem \u00e9rt v\u00e9get! Folytat\u00e1shoz haszn\u00e1ld a K\u00d6VETKEZ\u0150 OLDAL gombot!<\/strong><\/span><\/h3>\n<h3 style=\"text-align: right;\"><a href=\"https:\/\/matrend.hu\/maitrend\/?p=6070\" target=\"_blank\" rel=\"noopener\"><span style=\"color: #ff0000;\">&#8212;&gt;&gt; K\u00d6VETKEZ\u0150 OLDAL<\/span><\/a><\/h3>\n<p>&#8211;<\/p>\n<p>Er\u0151teljes g\u00e1zad\u00e1sn\u00e1l a fordulatsz\u00e1m gyorsan felsz\u00f6kik, \u00e1m mivel a korm\u00e1nyon nincsenek v\u00e1lt\u00f3f\u00fclek, amelyekkel beavatkozhatn\u00e1nk a v\u00e1lt\u00e1sba, a vezet\u0151 k\u00e9nytelen t\u0171rni a motor folyamatos, monoton z\u00fag\u00e1s\u00e1t, mik\u00f6zben az aut\u00f3 meglehet\u0151sen lassan n\u00f6veli a sebess\u00e9g\u00e9t. A kor\u00e1bbi 1,3 literes, enyhe hibrid benzinmotor kivezet\u00e9s\u00e9vel az Arkana k\u00edn\u00e1lata kiz\u00e1r\u00f3lag a Renault E-Tech teljes hibrid rendszer\u00e9re korl\u00e1toz\u00f3dik. Pap\u00edron ez nem felt\u00e9tlen\u00fcl h\u00e1tr\u00e1ny, hiszen alacsonyabb k\u00e1rosanyag-kibocs\u00e1t\u00e1st, kedvez\u0151bb c\u00e9ges aut\u00f3ad\u00f3t \u00e9s jobb fogyaszt\u00e1st \u00edg\u00e9r, mint az el\u0151z\u0151 mild-hibrid v\u00e1ltozat.<\/p>\n<p>A Renault szerint az Arkana hibrid rendszere a WLTP vegyes ciklus szerint ak\u00e1r 60,1 m\u00e9rf\u00f6ld\/gallon fogyaszt\u00e1sra is k\u00e9pes, ami k\u00e9ts\u00e9gtelen\u00fcl vonz\u00f3 adat. Saj\u00e1t tesztjeink sor\u00e1n azonban, amelyek sor\u00e1n a friss\u00edtett Arkana E-Tech t\u00f6bb sz\u00e1z m\u00e9rf\u00f6ldnyi aut\u00f3p\u00e1ly\u00e1s haszn\u00e1latot is kapott, \u00e1tlagosan 47,7 mpg \u00e9rt\u00e9ket m\u00e9rt\u00fcnk. Ez \u00edgy is t\u00f6bb mint 500 m\u00e9rf\u00f6ldes, teh\u00e1t b\u0151ven 800 kilom\u00e9ter feletti hat\u00f3t\u00e1vot jelent a 50 literes \u00fczemanyagtart\u00e1llyal, ami a mindennapi haszn\u00e1lat sor\u00e1n mindenk\u00e9ppen pozit\u00edvum.<\/p>\n","protected":false},"excerpt":{"rendered":"<p>A trag\u00e9dia ut\u00e1n sajt\u00f3inform\u00e1ci\u00f3k szerint kider\u00fclt, hogy J\u00e1kli M\u00f3nika \u00e9s volt \u00e9lett\u00e1rsa k\u00f6z\u00f6tt kor\u00e1bban du\/va \u00fczenetv\u00e1lt\u00e1sok zajlottak. \u00c1ll\u00edt\u00f3lag a b\u00edr\u00f3s\u00e1g&#8230; <span class=\"gridview-grid-post-read-more\"><a href=\"https:\/\/matrend.hu\/nekedinfo\/kiderult-minden-tiszta-lett-a-kep\/\">read more<span class=\"gridview-sr-only\"> Kider\u00fclt minden tiszta lett a k\u00e9p!<\/span><\/a><\/span><\/p>\n","protected":false},"author":1,"featured_media":6073,"comment_status":"open","ping_status":"open","sticky":false,"template":"","format":"standard","meta":{"footnotes":""},"categories":[1],"tags":[],"class_list":["post-6072","post","type-post","status-publish","format-standard","has-post-thumbnail","hentry","category-egyeb","wpcat-1-id"],"_links":{"self":[{"href":"https:\/\/matrend.hu\/nekedinfo\/wp-json\/wp\/v2\/posts\/6072","targetHints":{"allow":["GET"]}}],"collection":[{"href":"https:\/\/matrend.hu\/nekedinfo\/wp-json\/wp\/v2\/posts"}],"about":[{"href":"https:\/\/matrend.hu\/nekedinfo\/wp-json\/wp\/v2\/types\/post"}],"author":[{"embeddable":true,"href":"https:\/\/matrend.hu\/nekedinfo\/wp-json\/wp\/v2\/users\/1"}],"replies":[{"embeddable":true,"href":"https:\/\/matrend.hu\/nekedinfo\/wp-json\/wp\/v2\/comments?post=6072"}],"version-history":[{"count":1,"href":"https:\/\/matrend.hu\/nekedinfo\/wp-json\/wp\/v2\/posts\/6072\/revisions"}],"predecessor-version":[{"id":6074,"href":"https:\/\/matrend.hu\/nekedinfo\/wp-json\/wp\/v2\/posts\/6072\/revisions\/6074"}],"wp:featuredmedia":[{"embeddable":true,"href":"https:\/\/matrend.hu\/nekedinfo\/wp-json\/wp\/v2\/media\/6073"}],"wp:attachment":[{"href":"https:\/\/matrend.hu\/nekedinfo\/wp-json\/wp\/v2\/media?parent=6072"}],"wp:term":[{"taxonomy":"category","embeddable":true,"href":"https:\/\/matrend.hu\/nekedinfo\/wp-json\/wp\/v2\/categories?post=6072"},{"taxonomy":"post_tag","embeddable":true,"href":"https:\/\/matrend.hu\/nekedinfo\/wp-json\/wp\/v2\/tags?post=6072"}],"curies":[{"name":"wp","href":"https:\/\/api.w.org\/{rel}","templated":true}]}}