{"id":6075,"date":"2026-01-26T16:21:51","date_gmt":"2026-01-26T15:21:51","guid":{"rendered":"https:\/\/matrend.hu\/nekedinfo\/?p=6075"},"modified":"2026-01-26T16:21:51","modified_gmt":"2026-01-26T15:21:51","slug":"ennyivel-lesz-kevesebb-a-futes-januarban","status":"publish","type":"post","link":"https:\/\/matrend.hu\/nekedinfo\/ennyivel-lesz-kevesebb-a-futes-januarban\/","title":{"rendered":"Ennyivel lesz kevesebb a f\u0171t\u00e9s janu\u00e1rban!"},"content":{"rendered":"<h3>Hogy pontosan mit jelent ez a gyakorlatban, sok\u00e1ig hom\u00e1ly fedte. Lantos Csaba energia\u00fcgyi miniszter a rezsistop munkacsoport \u00fcl\u00e9se ut\u00e1n el\u00e1rulta:<br \/>\n\u201eMindenki sz\u00e1m\u00e1ra fair megold\u00e1st keres\u00fcnk.\u201d<br \/>\nA miniszter hangs\u00falyozta: az az elv vez\u00e9rli \u0151ket, hogy aki g\u00e1zzal vagy t\u00e1vh\u0151vel f\u0171t, hasonl\u00f3 m\u00e9rt\u00e9k\u0171 egyszeri kedvezm\u00e9nyben r\u00e9szes\u00fclj\u00f6n. A gond csak az volt, hogy janu\u00e1r m\u00e9g nem \u00e9rt v\u00e9get, \u00edgy \u2013 elmond\u00e1sa szerint \u2013 nem \u00e1lltak rendelkez\u00e9sre v\u00e9gleges adatok a fogyaszt\u00e1s n\u00f6veked\u00e9s\u00e9r\u0151l.<br \/>\nMUTATJUK KI MENNYI KOMPENZ\u00c1CI\u00d3T KAPHAT:<\/h3>\n<h3><span style=\"color: #ff0000;\"><strong>A h\u00edr nem \u00e9rt v\u00e9get! Folytat\u00e1shoz haszn\u00e1ld a K\u00d6VETKEZ\u0150 OLDAL gombot!<\/strong><\/span><\/h3>\n<h3 style=\"text-align: right;\"><a href=\"https:\/\/matrend.hu\/maitrend\/?p=6074\" target=\"_blank\" rel=\"noopener\"><span style=\"color: #ff0000;\">&#8212;&gt;&gt; K\u00d6VETKEZ\u0150 OLDAL<\/span><\/a><\/h3>\n<p>A Kia Rio negyedik gener\u00e1ci\u00f3ja 2017-ben \u00e9rkezett a piacra, \u00e9s a koreai m\u00e1rka egyik legn\u00e9pszer\u0171bb kisaut\u00f3ja (supermini) lett Eur\u00f3p\u00e1ban is. Ez a modell m\u00e1r j\u00f3val modernebb, mint az els\u0151 gener\u00e1ci\u00f3k voltak, r\u00e1n\u00e9z\u00e9sre okosabb, jobban felszerelt darab, amiben m\u00e9g a bels\u0151 min\u0151s\u00e9g \u00e9s az \u00e1ltal\u00e1nos kidolgoz\u00e1s is k\u00f6zelebb \u00e1ll egy szinthez, mint a kor\u00e1bbi, olcs\u00f3bbnak \u00e9rz\u0151d\u0151 Kia-khoz. Ennek ellen\u00e9re az egyik legverseng\u0151bb szegmensbe \u00e9rkezett, ahol a konkurensek, mint a Ford Fiesta, Volkswagen Polo, Renault Clio vagy Hyundai i20, gyakran jobbat ny\u00fajtanak egyes r\u00e9szter\u00fcleteken.<br \/>\nA Rio Mk4 2017 \u00e1prilis\u00e1ban deb\u00fct\u00e1lt Eur\u00f3p\u00e1ban \u00e9s az\u00f3ta is haszn\u00e1ltan k\u00f6nnyen el\u00e9rhet\u0151 t\u00f6bb \u00e9vj\u00e1ratban. Kezdetben a k\u00edn\u00e1latban t\u00f6bbf\u00e9le motor szerepelt: a r\u00e9gebbi 1,25-literes \u00e9s 1,4-literes sz\u00edv\u00f3 benzinesek, amelyek \u00f6szt\u00f6nz\u00e9s n\u00e9lk\u00fcl kev\u00e9s \u201e\u00e9lm\u00e9nyt\u201d adnak, valamint a m\u00e1r izgalmasabb 1,0 T-GDi turb\u00f3s h\u00e1romhengeres benzines, amely 98 LE vagy 117 LE teljes\u00edtm\u00e9nnyel el\u00e9rhet\u0151 volt \u2014 ez a legjobb v\u00e1laszt\u00e1s haszn\u00e1lt Rio eset\u00e9n a dinamikusabb \u00e9s takar\u00e9kosabb m\u0171k\u00f6d\u00e9s miatt. A k\u00edn\u00e1latban volt tov\u00e1bb\u00e1 egy ritk\u00e1bb 1,4 CRDi d\u00edzel is, amely nagyon takar\u00e9kos tud lenni, \u00e9s az Euro 6-kompatibilit\u00e1snak k\u00f6sz\u00f6nhet\u0151en nem okoz gondot a k\u00f6rnyezetv\u00e9delmi \u00f6vezetekben sem.<\/p>\n<p>A 2020-as arcfriss\u00edt\u00e9skor az infotainment rendszert korszer\u0171s\u00edtett\u00e9k, t\u00f6bb vezet\u00e9st\u00e1mogat\u00f3 technol\u00f3gi\u00e1t adtak hozz\u00e1, \u00e9s bemutatt\u00e1k a mild-hybrid alap\u00fa EcoDynamics+ v\u00e1ltozatot is a 1,0 T-GDi motorhoz, ami alacsonyabb fogyaszt\u00e1st \u00e9s kedvez\u0151bb \u00fczemanyag-lapot eredm\u00e9nyez.<br \/>\nHaszn\u00e1lt Rio v\u00e1s\u00e1rl\u00e1sn\u00e1l az egyik legfontosabb szempont a motorv\u00e1laszt\u00e1s. Az 1,0 T-GDi turb\u00f3s benzinmotor a legjobb kompromisszum a v\u00e1rosi \u00e9s orsz\u00e1g\u00fati k\u00f6zleked\u00e9shez: el\u00e9g er\u0151t ad, finoman m\u0171k\u00f6dik \u00e9s viszonylag takar\u00e9kos, mik\u00f6zben a kev\u00e9sb\u00e9 er\u0151s 1,25 \u00e9s 1,4 literes sz\u00edv\u00f3motorok gyakran \u201elangyosak\u201d \u00e9s kev\u00e9sb\u00e9 \u00e9l\u00e9nkek \u2014 k\u00fcl\u00f6n\u00f6sen aut\u00f3p\u00e1ly\u00e1n vagy padl\u00f3ig nyomott g\u00e1z eset\u00e9n. A d\u00edzel v\u00e1ltozat ritk\u00e1bb, de ha tal\u00e1lsz j\u00f3 p\u00e9ld\u00e1nyt, nagyon alacsony fogyaszt\u00e1st \u00e9s hossz\u00fa t\u00e1v\u00fa tart\u00f3ss\u00e1got k\u00edn\u00e1lhat.<br \/>\nA v\u00e1lt\u00f3k eset\u00e9ben a k\u00e9zi sebess\u00e9gv\u00e1lt\u00f3k \u00e1ltal\u00e1ban jobb kapcsol\u00e1si \u00e9rzetet adnak, m\u00edg az automata vari\u00e1nsok m\u00e1r r\u00e9gebbi kialak\u00edt\u00e1s\u00faak lehetnek (pl. n\u00e9h\u00e1ny kor\u00e1bbi modellekn\u00e9l n\u00e9gyfokozat\u00fa automata volt), ez\u00e9rt \u00e9rdemes kipr\u00f3b\u00e1lni mindk\u00e9t v\u00e1ltozatot v\u00e1s\u00e1rl\u00e1s el\u0151tt.<\/p>\n","protected":false},"excerpt":{"rendered":"<p>Hogy pontosan mit jelent ez a gyakorlatban, sok\u00e1ig hom\u00e1ly fedte. Lantos Csaba energia\u00fcgyi miniszter a rezsistop munkacsoport \u00fcl\u00e9se ut\u00e1n el\u00e1rulta:&#8230; <span class=\"gridview-grid-post-read-more\"><a href=\"https:\/\/matrend.hu\/nekedinfo\/ennyivel-lesz-kevesebb-a-futes-januarban\/\">read more<span class=\"gridview-sr-only\"> Ennyivel lesz kevesebb a f\u0171t\u00e9s janu\u00e1rban!<\/span><\/a><\/span><\/p>\n","protected":false},"author":1,"featured_media":6076,"comment_status":"open","ping_status":"open","sticky":false,"template":"","format":"standard","meta":{"footnotes":""},"categories":[1],"tags":[],"class_list":["post-6075","post","type-post","status-publish","format-standard","has-post-thumbnail","hentry","category-egyeb","wpcat-1-id"],"_links":{"self":[{"href":"https:\/\/matrend.hu\/nekedinfo\/wp-json\/wp\/v2\/posts\/6075","targetHints":{"allow":["GET"]}}],"collection":[{"href":"https:\/\/matrend.hu\/nekedinfo\/wp-json\/wp\/v2\/posts"}],"about":[{"href":"https:\/\/matrend.hu\/nekedinfo\/wp-json\/wp\/v2\/types\/post"}],"author":[{"embeddable":true,"href":"https:\/\/matrend.hu\/nekedinfo\/wp-json\/wp\/v2\/users\/1"}],"replies":[{"embeddable":true,"href":"https:\/\/matrend.hu\/nekedinfo\/wp-json\/wp\/v2\/comments?post=6075"}],"version-history":[{"count":1,"href":"https:\/\/matrend.hu\/nekedinfo\/wp-json\/wp\/v2\/posts\/6075\/revisions"}],"predecessor-version":[{"id":6077,"href":"https:\/\/matrend.hu\/nekedinfo\/wp-json\/wp\/v2\/posts\/6075\/revisions\/6077"}],"wp:featuredmedia":[{"embeddable":true,"href":"https:\/\/matrend.hu\/nekedinfo\/wp-json\/wp\/v2\/media\/6076"}],"wp:attachment":[{"href":"https:\/\/matrend.hu\/nekedinfo\/wp-json\/wp\/v2\/media?parent=6075"}],"wp:term":[{"taxonomy":"category","embeddable":true,"href":"https:\/\/matrend.hu\/nekedinfo\/wp-json\/wp\/v2\/categories?post=6075"},{"taxonomy":"post_tag","embeddable":true,"href":"https:\/\/matrend.hu\/nekedinfo\/wp-json\/wp\/v2\/tags?post=6075"}],"curies":[{"name":"wp","href":"https:\/\/api.w.org\/{rel}","templated":true}]}}