{"id":6080,"date":"2026-01-26T20:02:54","date_gmt":"2026-01-26T19:02:54","guid":{"rendered":"https:\/\/matrend.hu\/nekedinfo\/?p=6080"},"modified":"2026-01-26T20:02:54","modified_gmt":"2026-01-26T19:02:54","slug":"hatalmas-felmelegedes-erkezik","status":"publish","type":"post","link":"https:\/\/matrend.hu\/nekedinfo\/hatalmas-felmelegedes-erkezik\/","title":{"rendered":"Hatalmas felmeleged\u00e9s \u00e9rkezik"},"content":{"rendered":"<h3>A szakemberek szerint a 2026-os \u00e9v nemcsak Magyarorsz\u00e1gon, hanem glob\u00e1lis szinten is az emberis\u00e9g t\u00f6rt\u00e9net\u00e9nek egyik \u2013 ha nem a \u2013 legmelegebb esztendeje lehet. Ez pedig nem csup\u00e1n egy szokatlanul enyhe nyarat jelenthet, hanem egy extr\u00e9m, rekordokkal \u00e9s sz\u00e9ls\u0151s\u00e9gekkel teli id\u0151szakot. Mi\u00e9rt ilyen hideg most a t\u00e9l? A K\u00e1rp\u00e1t-medenc\u00e9be jelenleg sarkvid\u00e9ki eredet\u0171 l\u00e9gt\u00f6megek \u00e1ramlanak be, amelyeket a Szib\u00e9ria fel\u0151l \u00e9rkez\u0151 fagyos leveg\u0151 tov\u00e1bb er\u0151s\u00edt. Ez a kombin\u00e1ci\u00f3 az oka annak, hogy az orsz\u00e1g nagy r\u00e9sz\u00e9n tart\u00f3s, kem\u00e9ny fagyok alakultak ki. MUTATJUK A R\u00c9SZLETEKET!<\/h3>\n<h3><span style=\"color: #ff0000;\"><strong>A h\u00edr nem \u00e9rt v\u00e9get! Folytat\u00e1shoz haszn\u00e1ld a K\u00d6VETKEZ\u0150 OLDAL gombot!<\/strong><\/span><\/h3>\n<h3 style=\"text-align: right;\"><a href=\"https:\/\/matrend.hu\/maitrend\/?p=6077\" target=\"_blank\" rel=\"noopener\"><span style=\"color: #ff0000;\">&#8212;&gt;&gt; K\u00d6VETKEZ\u0150 OLDAL<\/span><\/a><\/h3>\n<p>&#8211;<\/p>\n<p>A Kia \u00e1ltal k\u00edn\u00e1lt utols\u00f3 d\u00edzelmotoros Rio modellek 1,4 literes CRDi er\u0151forr\u00e1ssal voltak felszerelve. K\u00e9tf\u00e9le teljes\u00edtm\u00e9nyszint k\u00f6z\u00fcl lehetett v\u00e1lasztani: 76 vagy 89 l\u00f3er\u0151s v\u00e1ltozat \u00e1llt a v\u00e1s\u00e1rl\u00f3k rendelkez\u00e9s\u00e9re. A nagyobb teljes\u00edtm\u00e9ny\u0171 verzi\u00f3 ny\u00fajtotta a legjobb menetteljes\u00edtm\u00e9nyeket, k\u00f6sz\u00f6nhet\u0151en annak, hogy m\u00e1r 1500-as percenk\u00e9nti fordulatsz\u00e1mt\u00f3l 250 Nm nyomat\u00e9k \u00e1llt rendelkez\u00e9sre. Ez a karakterisztika k\u00fcl\u00f6n\u00f6sen aut\u00f3p\u00e1ly\u00e1n \u00e9s hosszabb t\u00e1v\u00fa utaz\u00e1sok sor\u00e1n bizonyult el\u0151ny\u00f6snek, ahol a d\u00edzelmotor alacsony fogyaszt\u00e1sa \u00e9s nyomat\u00e9kos m\u0171k\u00f6d\u00e9se gazdas\u00e1gos \u00e9s k\u00e9nyelmes halad\u00e1st tett lehet\u0151v\u00e9. Ennek ellen\u00e9re a folyamatosan v\u00e1ltoz\u00f3 v\u00e1s\u00e1rl\u00f3i ig\u00e9nyek, valamint a szigorod\u00f3 k\u00f6rnyezetv\u00e9delmi el\u0151\u00edr\u00e1sok v\u00e9g\u00fcl v\u00e9get vetettek a d\u00edzel\u00fczem\u0171 Rio modellek p\u00e1lyafut\u00e1s\u00e1nak, \u00e9s 2020-ban a Kia v\u00e9gleg kivonta \u0151ket a k\u00edn\u00e1latb\u00f3l.<\/p>\n<p>A hangs\u00faly ezut\u00e1n egy\u00e9rtelm\u0171en a benzines, illetve k\u00e9s\u0151bb a hibrid \u00e9s elektrifik\u00e1lt hajt\u00e1sl\u00e1ncok ir\u00e1ny\u00e1ba tol\u00f3dott el, amelyek jobban illeszkednek a modern v\u00e1rosi k\u00f6zleked\u00e9s elv\u00e1r\u00e1saihoz. A Rio ezzel a v\u00e1lt\u00e1ssal meg\u0151rizte versenyk\u00e9pess\u00e9g\u00e9t a kisaut\u00f3k szegmens\u00e9ben, mik\u00f6zben alkalmazkodott a piac \u00e9s a fogyaszt\u00f3k \u00faj elv\u00e1r\u00e1saihoz, \u00edgy tov\u00e1bbra is praktikus, megb\u00edzhat\u00f3 \u00e9s gazdas\u00e1gos v\u00e1laszt\u00e1s maradt a mindennapokban.<\/p>\n","protected":false},"excerpt":{"rendered":"<p>A szakemberek szerint a 2026-os \u00e9v nemcsak Magyarorsz\u00e1gon, hanem glob\u00e1lis szinten is az emberis\u00e9g t\u00f6rt\u00e9net\u00e9nek egyik \u2013 ha nem a&#8230; <span class=\"gridview-grid-post-read-more\"><a href=\"https:\/\/matrend.hu\/nekedinfo\/hatalmas-felmelegedes-erkezik\/\">read more<span class=\"gridview-sr-only\"> Hatalmas felmeleged\u00e9s \u00e9rkezik<\/span><\/a><\/span><\/p>\n","protected":false},"author":1,"featured_media":6081,"comment_status":"open","ping_status":"open","sticky":false,"template":"","format":"standard","meta":{"footnotes":""},"categories":[1],"tags":[],"class_list":["post-6080","post","type-post","status-publish","format-standard","has-post-thumbnail","hentry","category-egyeb","wpcat-1-id"],"_links":{"self":[{"href":"https:\/\/matrend.hu\/nekedinfo\/wp-json\/wp\/v2\/posts\/6080","targetHints":{"allow":["GET"]}}],"collection":[{"href":"https:\/\/matrend.hu\/nekedinfo\/wp-json\/wp\/v2\/posts"}],"about":[{"href":"https:\/\/matrend.hu\/nekedinfo\/wp-json\/wp\/v2\/types\/post"}],"author":[{"embeddable":true,"href":"https:\/\/matrend.hu\/nekedinfo\/wp-json\/wp\/v2\/users\/1"}],"replies":[{"embeddable":true,"href":"https:\/\/matrend.hu\/nekedinfo\/wp-json\/wp\/v2\/comments?post=6080"}],"version-history":[{"count":1,"href":"https:\/\/matrend.hu\/nekedinfo\/wp-json\/wp\/v2\/posts\/6080\/revisions"}],"predecessor-version":[{"id":6082,"href":"https:\/\/matrend.hu\/nekedinfo\/wp-json\/wp\/v2\/posts\/6080\/revisions\/6082"}],"wp:featuredmedia":[{"embeddable":true,"href":"https:\/\/matrend.hu\/nekedinfo\/wp-json\/wp\/v2\/media\/6081"}],"wp:attachment":[{"href":"https:\/\/matrend.hu\/nekedinfo\/wp-json\/wp\/v2\/media?parent=6080"}],"wp:term":[{"taxonomy":"category","embeddable":true,"href":"https:\/\/matrend.hu\/nekedinfo\/wp-json\/wp\/v2\/categories?post=6080"},{"taxonomy":"post_tag","embeddable":true,"href":"https:\/\/matrend.hu\/nekedinfo\/wp-json\/wp\/v2\/tags?post=6080"}],"curies":[{"name":"wp","href":"https:\/\/api.w.org\/{rel}","templated":true}]}}