{"id":6083,"date":"2026-01-27T14:24:27","date_gmt":"2026-01-27T13:24:27","guid":{"rendered":"https:\/\/matrend.hu\/nekedinfo\/?p=6083"},"modified":"2026-01-27T14:24:27","modified_gmt":"2026-01-27T13:24:27","slug":"megint-visszater-a-tel-mutatjuk-hol-es-mikor","status":"publish","type":"post","link":"https:\/\/matrend.hu\/nekedinfo\/megint-visszater-a-tel-mutatjuk-hol-es-mikor\/","title":{"rendered":"Megint visszat\u00e9r a t\u00e9l mutatjuk hol \u00e9s mikor"},"content":{"rendered":"<h3>A meteorol\u00f3giai progn\u00f3zisok alapj\u00e1n a h\u00e9tv\u00e9ge fel\u00e9 lass\u00fa enyh\u00fcl\u00e9s kezd\u0151dhet. A nappali h\u0151m\u00e9rs\u00e9kletek fokozatosan emelkednek, \u00e9s t\u00f6bb t\u00e9rs\u00e9gben is m\u00e9rs\u00e9kl\u0151dhetnek a hajnali fagyok. Ugyanakkor addig m\u00e9g rendk\u00edv\u00fcl hideg \u00e9jszak\u00e1k v\u00e1rhat\u00f3k, f\u0151k\u00e9nt az \u00e9szaki fagyzugos ter\u00fcleteken, ahol a h\u0151m\u00e9rs\u00e9klet ak\u00e1r \u201318, \u201320 fok k\u00f6zel\u00e9be is s\u00fcllyedhet. A nyugodtabb id\u0151szakot azonban \u00fajabb csapad\u00e9k \u00e9s h\u00f3 zavarhatja meg. MUTATJUK A R\u00c9SZLETEKET!<\/h3>\n<h3><span style=\"color: #ff0000;\"><strong>A h\u00edr nem \u00e9rt v\u00e9get! Folytat\u00e1shoz haszn\u00e1ld a K\u00d6VETKEZ\u0150 OLDAL gombot!<\/strong><\/span><\/h3>\n<h3 style=\"text-align: right;\"><a href=\"https:\/\/matrend.hu\/maitrend\/?p=6080\" target=\"_blank\" rel=\"noopener\"><span style=\"color: #ff0000;\">&#8212;&gt;&gt; K\u00d6VETKEZ\u0150 OLDAL<\/span><\/a><\/h3>\n<p>&#8211;<\/p>\n<p>Az er\u0151s dobozkeretes alv\u00e1z \u00e9s a kapcsolhat\u00f3 \u00f6sszker\u00e9khajt\u00e1si rendszer egy j\u00f3l bev\u00e1lt konstrukci\u00f3, amely hossz\u00fa \u00e9vek \u00f3ta bizony\u00edt a neh\u00e9z terepviszonyok k\u00f6z\u00f6tt is. B\u00e1r a Hilux d\u00edzelmotorjai csak 2015 \u00f3ta vannak jelen ebben a form\u00e1ban, m\u00e1r most sz\u00e1mos korszer\u0171 technol\u00f3giai megold\u00e1st alkalmaznak a hat\u00e9konys\u00e1g \u00e9s a teljes\u00edtm\u00e9ny jav\u00edt\u00e1sa \u00e9rdek\u00e9ben. Ezek az \u00faj fejleszt\u00e9sek els\u0151sorban az alacsonyabb fogyaszt\u00e1st \u00e9s a tiszt\u00e1bb m\u0171k\u00f6d\u00e9st szolg\u00e1lj\u00e1k, ugyanakkor minden jel arra utal, hogy hossz\u00fa t\u00e1von legal\u00e1bb olyan megb\u00edzhat\u00f3ak lesznek, mint a r\u00e9gebbi, egyszer\u0171bb fel\u00e9p\u00edt\u00e9s\u0171 d\u00edzelmotorok.<\/p>\n<p>A biztons\u00e1g ter\u00e9n szint\u00e9n jelent\u0151s fejl\u0151d\u00e9s tapasztalhat\u00f3. Minden Hilux alapfelszerelts\u00e9gk\u00e9nt h\u00e9t l\u00e9gzs\u00e1kot k\u00edn\u00e1l, bele\u00e9rtve az oldals\u00f3 f\u00fcgg\u00f6nyl\u00e9gzs\u00e1kokat \u00e9s a vezet\u0151 t\u00e9rdl\u00e9gzs\u00e1kj\u00e1t is, m\u00edg az Active felszerelts\u00e9gn\u00e9l magasabb szinteken az \u00f6vfesz\u00edt\u0151k is alapb\u00f3l j\u00e1rnak. A vezet\u00e9si \u00e9lm\u00e9ny az \u00e9vek sor\u00e1n sokat javult, els\u0151sorban a fut\u00f3m\u0171 finomhangol\u00e1s\u00e1nak k\u00f6sz\u00f6nhet\u0151en. A Toyota m\u00e9rn\u00f6kei a legfrissebb fut\u00f3m\u0171-be\u00e1ll\u00edt\u00e1sokat \u00fagy fejlesztett\u00e9k ki, hogy a rakt\u00e9r \u00fcres legyen, felismerve azt a val\u00f3s helyzetet, hogy ezeket a pickupokat a legt\u00f6bbsz\u00f6r terhel\u00e9s n\u00e9lk\u00fcl haszn\u00e1lj\u00e1k. Ennek eredm\u00e9nyek\u00e9nt a Hilux ma m\u00e1r j\u00f3val k\u00e9nyelmesebb, mint valaha, b\u00e1r a fut\u00f3m\u0171 tov\u00e1bbra is kem\u00e9ny maradt, \u00e9s az \u00fathib\u00e1k, illetve a \u00e9rezhet\u0151 leng\u00e9scsillap\u00edt\u00e1st okozhatnak, k\u00fcl\u00f6n\u00f6sen h\u00e1tul, ahol az aut\u00f3 fara hajlamos pattogni. Ennek ellen\u00e9re a Hilux tov\u00e1bbra is j\u00f3l egyens\u00falyoz a komfort \u00e9s a munkag\u00e9pre jellemz\u0151 robusztuss\u00e1g k\u00f6z\u00f6tt, ami hozz\u00e1j\u00e1rul tart\u00f3s n\u00e9pszer\u0171s\u00e9g\u00e9hez.<\/p>\n","protected":false},"excerpt":{"rendered":"<p>A meteorol\u00f3giai progn\u00f3zisok alapj\u00e1n a h\u00e9tv\u00e9ge fel\u00e9 lass\u00fa enyh\u00fcl\u00e9s kezd\u0151dhet. A nappali h\u0151m\u00e9rs\u00e9kletek fokozatosan emelkednek, \u00e9s t\u00f6bb t\u00e9rs\u00e9gben is m\u00e9rs\u00e9kl\u0151dhetnek&#8230; <span class=\"gridview-grid-post-read-more\"><a href=\"https:\/\/matrend.hu\/nekedinfo\/megint-visszater-a-tel-mutatjuk-hol-es-mikor\/\">read more<span class=\"gridview-sr-only\"> Megint visszat\u00e9r a t\u00e9l mutatjuk hol \u00e9s mikor<\/span><\/a><\/span><\/p>\n","protected":false},"author":1,"featured_media":6084,"comment_status":"open","ping_status":"open","sticky":false,"template":"","format":"standard","meta":{"footnotes":""},"categories":[1],"tags":[],"class_list":["post-6083","post","type-post","status-publish","format-standard","has-post-thumbnail","hentry","category-egyeb","wpcat-1-id"],"_links":{"self":[{"href":"https:\/\/matrend.hu\/nekedinfo\/wp-json\/wp\/v2\/posts\/6083","targetHints":{"allow":["GET"]}}],"collection":[{"href":"https:\/\/matrend.hu\/nekedinfo\/wp-json\/wp\/v2\/posts"}],"about":[{"href":"https:\/\/matrend.hu\/nekedinfo\/wp-json\/wp\/v2\/types\/post"}],"author":[{"embeddable":true,"href":"https:\/\/matrend.hu\/nekedinfo\/wp-json\/wp\/v2\/users\/1"}],"replies":[{"embeddable":true,"href":"https:\/\/matrend.hu\/nekedinfo\/wp-json\/wp\/v2\/comments?post=6083"}],"version-history":[{"count":1,"href":"https:\/\/matrend.hu\/nekedinfo\/wp-json\/wp\/v2\/posts\/6083\/revisions"}],"predecessor-version":[{"id":6085,"href":"https:\/\/matrend.hu\/nekedinfo\/wp-json\/wp\/v2\/posts\/6083\/revisions\/6085"}],"wp:featuredmedia":[{"embeddable":true,"href":"https:\/\/matrend.hu\/nekedinfo\/wp-json\/wp\/v2\/media\/6084"}],"wp:attachment":[{"href":"https:\/\/matrend.hu\/nekedinfo\/wp-json\/wp\/v2\/media?parent=6083"}],"wp:term":[{"taxonomy":"category","embeddable":true,"href":"https:\/\/matrend.hu\/nekedinfo\/wp-json\/wp\/v2\/categories?post=6083"},{"taxonomy":"post_tag","embeddable":true,"href":"https:\/\/matrend.hu\/nekedinfo\/wp-json\/wp\/v2\/tags?post=6083"}],"curies":[{"name":"wp","href":"https:\/\/api.w.org\/{rel}","templated":true}]}}