{"id":6089,"date":"2026-01-27T21:41:59","date_gmt":"2026-01-27T20:41:59","guid":{"rendered":"https:\/\/matrend.hu\/nekedinfo\/?p=6089"},"modified":"2026-01-27T21:41:59","modified_gmt":"2026-01-27T20:41:59","slug":"eljarast-inditott-a-rendorseg-jakli-monika-ugyeben","status":"publish","type":"post","link":"https:\/\/matrend.hu\/nekedinfo\/eljarast-inditott-a-rendorseg-jakli-monika-ugyeben\/","title":{"rendered":"Elj\u00e1r\u00e1st ind\u00edtott a rend\u0151rs\u00e9g J\u00e1kli M\u00f3nika \u00fcgy\u00e9ben!"},"content":{"rendered":"<h3>A h\u00edrek ut\u00e1n Zlatica Antalov\u00e1, Nagyszombat megye rend\u0151rs\u00e9gi sz\u00f3viv\u0151je a Param\u00e9ternek adott nyilatkozatot. Szavai egy\u00e9rtelm\u0171ek voltak \u2013 m\u00e9gis \u00fajabb hull\u00e1mokat vetettek.<br \/>\nA hat\u00f3s\u00e1gok meger\u0151s\u00edtett\u00e9k: elj\u00e1r\u00e1s indult, a t\u00f6rt\u00e9nteket tov\u00e1bbra is k\u00f6zleked\u00e9si balesetk\u00e9nt kezelik, \u00e9s eddig nem mer\u00fclt fel idegenkez\u0171s\u00e9g gyan\u00faja.<br \/>\nDe mik\u00f6zben a rend\u0151rs\u00e9g nyugalomra int, egy durva r\u00e9szlet sziv\u00e1rgott ki M\u00f3nika utols\u00f3 \u00f3r\u00e1ir\u00f3l\u2026<br \/>\nMUTATJUK A R\u00c9SZLETEKET!<\/h3>\n<h3><span style=\"color: #ff0000;\"><strong>A h\u00edr nem \u00e9rt v\u00e9get! Folytat\u00e1shoz haszn\u00e1ld a K\u00d6VETKEZ\u0150 OLDAL gombot!<\/strong><\/span><\/h3>\n<h3 style=\"text-align: right;\"><a href=\"https:\/\/matrend.hu\/maitrend\/?p=6088\" target=\"_blank\" rel=\"noopener\"><span style=\"color: #ff0000;\">&#8212;&gt;&gt; K\u00d6VETKEZ\u0150 OLDAL<\/span><\/a><\/h3>\n<p>A hajt\u00e1sl\u00e1nct\u00f3l f\u00fcggetlen\u00fcl el\u00e9g alacsonyan \u00fcl\u00fcnk az aut\u00f3ban; ha alacsony termet\u0171ek vagyunk, akkor magasra kell emeln\u00fcnk az \u00fcl\u00e9st, \u00e9s alacsonyra kell \u00e1ll\u00edtanunk a korm\u00e1nykereket, hogy tiszt\u00e1n l\u00e1ssuk az i-Cockpit digit\u00e1lis m\u0171szereit, ami kiss\u00e9 furcsa \u00e9rz\u00e9s. Ennek ellen\u00e9re el\u00e9g k\u00e9nyelmes, \u00e9s az utast\u00e9r leny\u0171g\u00f6z\u0151en szigetelt az \u00fat- \u00e9s sz\u00e9lzajt\u00f3l.<br \/>\nMenet k\u00f6zben a 308 meglehet\u0151sen f\u00fcrge a v\u00e1rosban \u00e9s k\u00f6rny\u00e9k\u00e9n, a gyors korm\u00e1nyz\u00e1s j\u00f3 \u00e9rzetet \u00e9s prec\u00edzs\u00e9get biztos\u00edt, b\u00e1r a kicsi, st\u00edlusos megjelen\u00e9s\u0171 korm\u00e1ny nem mindenkinek fog tetszeni. Mind a vezet\u0151, mind az utasok t\u00f6k\u00e9letesen k\u00e9nyelmesnek tal\u00e1lj\u00e1k az utaz\u00e1st, a 308 SW felf\u00fcggeszt\u00e9si be\u00e1ll\u00edt\u00e1sa megfelel\u0151en k\u00e9pes kisim\u00edtani az \u00fathib\u00e1kat.<br \/>\nGyorsabb utakon a 308 SW kellemes egyens\u00falyt \u00e9s semlegess\u00e9get mutat a megfelel\u0151 tapad\u00e1snak k\u00f6sz\u00f6nhet\u0151en, mik\u00f6zben a karossz\u00e9ria mozg\u00e1sai meglehet\u0151sen visszafogottak. Az olyan riv\u00e1lisok, mint a Ford Focus Estate, megnyer\u0151bbek \u00e9s f\u00fcrg\u00e9bbek, de a Peugeot-ban is megvan az a f\u00fcrge reakci\u00f3id\u0151 \u00e9s a rugalmas rug\u00f3z\u00e1s, amely egykor a nyolcvanas \u00e9s kilencvenes \u00e9vek h\u00edres csal\u00e1di aut\u00f3inak n\u00e9vjegye volt. A d\u00edzelmotor v\u00e1laszt\u00e1sa egy\u00e9rtelm\u0171 javul\u00e1st eredm\u00e9nyez az \u00fczemanyag-fogyaszt\u00e1s ter\u00e9n \u2013 a 308 SW-be szerelt 1,5 literes BlueHDi egys\u00e9g 50,1-59,6 mpg k\u00f6z\u00f6tti fogyaszt\u00e1st mutat a WLTP vegyes cikluson. A 308 SW d\u00edzelmotorral v\u00e9gzett saj\u00e1t tesztjeink sor\u00e1n \u00e1tlagosan 54,1 mpg-t m\u00e9rt\u00fcnk.<\/p>\n<p>Az \u00fczemanyag-takar\u00e9koss\u00e1g ter\u00e9n azonban a hibrid modell \u00e9rdemelte ki a dics\u0151s\u00e9get, amely a specifik\u00e1ci\u00f3t\u00f3l f\u00fcgg\u0151en 48,5 \u00e9s 62,6 mpg k\u00f6z\u00f6tti fogyaszt\u00e1st produk\u00e1l. Ez a verzi\u00f3 k\u00fcl\u00f6n\u00f6sen takar\u00e9kos alacsonyabb sebess\u00e9gn\u00e9l, ahol az elektromos motor r\u00e9szben \u00e1tveheti a terhel\u00e9st az araszol\u00f3 forgalomban.<br \/>\nS\u0151t mi t\u00f6bb, a hibrid CO2-kibocs\u00e1t\u00e1sa mind\u00f6ssze 107 g\/km, ami azt jelenti, hogy a c\u00e9gaut\u00f3-term\u00e9szetbeni juttat\u00e1sok ad\u00f3j\u00e1nak 26%-os s\u00e1vj\u00e1ba esik. Ezzel szemben a benzin- \u00e9s d\u00edzelv\u00e1ltozatok kibocs\u00e1t\u00e1sa 123-148 g\/km k\u00f6z\u00f6tt mozog, ami azt jelenti, hogy felhaszn\u00e1l\u00f3ikra 30-31 sz\u00e1zal\u00e9k k\u00f6z\u00f6tti ad\u00f3kulcs vonatkozik.<br \/>\nA 308 plug-in hibrid modellek sz\u00e9lesebb k\u00f6r\u0171 vonzer\u0151t k\u00edn\u00e1lnak, egyr\u00e9szt mivel k\u00f6r\u00fclbel\u00fcl 64 kilom\u00e9tert k\u00e9pesek tiszt\u00e1n elektromos hajt\u00e1ssal megtenni, m\u00e1sr\u00e9szt j\u00f3val alacsonyabb CO2-kibocs\u00e1t\u00e1ssal (23-25 \u200b\u200bg\/km). Ez azt jelenti, hogy a BiK-\u00e9rt\u00e9kek mind\u00f6ssze 12 sz\u00e1zal\u00e9kt\u00f3l kezd\u0151dnek. Fontos azonban megjegyezni, hogy a PHEV verzi\u00f3k l\u00e9nyegesen dr\u00e1g\u00e1bbak, mint fosszilis \u00fczemanyaggal m\u0171k\u00f6d\u0151 testv\u00e9reik.<\/p>\n","protected":false},"excerpt":{"rendered":"<p>A h\u00edrek ut\u00e1n Zlatica Antalov\u00e1, Nagyszombat megye rend\u0151rs\u00e9gi sz\u00f3viv\u0151je a Param\u00e9ternek adott nyilatkozatot. Szavai egy\u00e9rtelm\u0171ek voltak \u2013 m\u00e9gis \u00fajabb hull\u00e1mokat&#8230; <span class=\"gridview-grid-post-read-more\"><a href=\"https:\/\/matrend.hu\/nekedinfo\/eljarast-inditott-a-rendorseg-jakli-monika-ugyeben\/\">read more<span class=\"gridview-sr-only\"> Elj\u00e1r\u00e1st ind\u00edtott a rend\u0151rs\u00e9g J\u00e1kli M\u00f3nika \u00fcgy\u00e9ben!<\/span><\/a><\/span><\/p>\n","protected":false},"author":1,"featured_media":6090,"comment_status":"open","ping_status":"open","sticky":false,"template":"","format":"standard","meta":{"footnotes":""},"categories":[1],"tags":[],"class_list":["post-6089","post","type-post","status-publish","format-standard","has-post-thumbnail","hentry","category-egyeb","wpcat-1-id"],"_links":{"self":[{"href":"https:\/\/matrend.hu\/nekedinfo\/wp-json\/wp\/v2\/posts\/6089","targetHints":{"allow":["GET"]}}],"collection":[{"href":"https:\/\/matrend.hu\/nekedinfo\/wp-json\/wp\/v2\/posts"}],"about":[{"href":"https:\/\/matrend.hu\/nekedinfo\/wp-json\/wp\/v2\/types\/post"}],"author":[{"embeddable":true,"href":"https:\/\/matrend.hu\/nekedinfo\/wp-json\/wp\/v2\/users\/1"}],"replies":[{"embeddable":true,"href":"https:\/\/matrend.hu\/nekedinfo\/wp-json\/wp\/v2\/comments?post=6089"}],"version-history":[{"count":1,"href":"https:\/\/matrend.hu\/nekedinfo\/wp-json\/wp\/v2\/posts\/6089\/revisions"}],"predecessor-version":[{"id":6091,"href":"https:\/\/matrend.hu\/nekedinfo\/wp-json\/wp\/v2\/posts\/6089\/revisions\/6091"}],"wp:featuredmedia":[{"embeddable":true,"href":"https:\/\/matrend.hu\/nekedinfo\/wp-json\/wp\/v2\/media\/6090"}],"wp:attachment":[{"href":"https:\/\/matrend.hu\/nekedinfo\/wp-json\/wp\/v2\/media?parent=6089"}],"wp:term":[{"taxonomy":"category","embeddable":true,"href":"https:\/\/matrend.hu\/nekedinfo\/wp-json\/wp\/v2\/categories?post=6089"},{"taxonomy":"post_tag","embeddable":true,"href":"https:\/\/matrend.hu\/nekedinfo\/wp-json\/wp\/v2\/tags?post=6089"}],"curies":[{"name":"wp","href":"https:\/\/api.w.org\/{rel}","templated":true}]}}