{"id":6092,"date":"2026-01-27T22:25:06","date_gmt":"2026-01-27T21:25:06","guid":{"rendered":"https:\/\/matrend.hu\/nekedinfo\/?p=6092"},"modified":"2026-01-27T22:25:06","modified_gmt":"2026-01-27T21:25:06","slug":"az-igazsag-szolnoki-tiborrol","status":"publish","type":"post","link":"https:\/\/matrend.hu\/nekedinfo\/az-igazsag-szolnoki-tiborrol\/","title":{"rendered":"Az igazs\u00e1g Szolnoki Tiborr\u00f3l!"},"content":{"rendered":"<h3>A h\u00e1zasp\u00e1r sz\u00e1m\u00e1ra a legfontosabb alap\u00e9rt\u00e9kek k\u00f6z\u00e9 tartozik a kommunik\u00e1ci\u00f3 \u00e9s a bizalom. \u201eMindig nyitottak voltunk egym\u00e1s \u00e9rz\u00e9seire \u00e9s gondolataira. Ez az alapja mindannak, ami \u00f6sszetart benn\u00fcnket\u201d \u2013 mondta Andrea, aki minden neh\u00e9zs\u00e9g ellen\u00e9re hitt abban, hogy a k\u00f6z\u00f6s j\u00f6v\u0151j\u00fck lehet\u0151s\u00e9gei v\u00e9gtelenek. A 40 \u00e9v alatt Tibor \u00e9s Andrea sz\u00e1mos k\u00f6z\u00f6s \u00e9lm\u00e9nnyel gazdagodtak, legyen sz\u00f3 utaz\u00e1sokr\u00f3l vagy a mindennapi \u00e9let apr\u00f3 \u00f6r\u00f6meir\u0151l. Eredm\u00e9nyeik \u00e9s \u00e1lmaik megval\u00f3s\u00edt\u00e1sa \u00e9rdek\u00e9ben mindig is t\u00e1mogatt\u00e1k egym\u00e1st, ami tov\u00e1bb er\u0151s\u00edtette a k\u00f6tel\u00e9keiket. MUTATJUK A R\u00c9SZLETEKET!<\/h3>\n<h3><span style=\"color: #ff0000;\"><strong>A h\u00edr nem \u00e9rt v\u00e9get! Folytat\u00e1shoz haszn\u00e1ld a K\u00d6VETKEZ\u0150 OLDAL gombot!<\/strong><\/span><\/h3>\n<h3 style=\"text-align: right;\"><a href=\"https:\/\/matrend.hu\/maitrend\/?p=6091\" target=\"_blank\" rel=\"noopener\"><span style=\"color: #ff0000;\">&#8212;&gt;&gt; K\u00d6VETKEZ\u0150 OLDAL<\/span><\/a><\/h3>\n<p>&#8211;<\/p>\n<p>B\u00e1r a HR-V felszerelts\u00e9ge kifejezetten j\u00f3nak mondhat\u00f3, formaterve nem a legl\u00e1tv\u00e1nyosabb a kis crossoverek mez\u0151ny\u00e9ben. Ezen a t\u00e9ren p\u00e9ld\u00e1ul a Toyota C-HR sokkal mer\u00e9szebb, karakteresebb megjelen\u00e9st k\u00edn\u00e1l. A Honda ink\u00e1bb visszafogottabb, id\u0151t\u00e1ll\u00f3bb diz\u00e1jnt v\u00e1lasztott, amely nem akar minden\u00e1ron divatos lenni, viszont hosszabb t\u00e1von is kev\u00e9sb\u00e9 avul el. Ha azonban valaki egy sokoldal\u00fa, t\u00e1gas kis csal\u00e1di aut\u00f3t keres, amelyn\u00e9l a k\u00e9nyelem fontosabb a sportos vezet\u00e9si \u00e9lm\u00e9nyn\u00e9l, akkor a HR-V mindenk\u00e9ppen meg\u00e9r egy alaposabb megfontol\u00e1st.<\/p>\n<p>A HR-V elnevez\u00e9s egy\u00e9bk\u00e9nt nem \u00faj a Honda k\u00edn\u00e1lat\u00e1ban: a gy\u00e1rt\u00f3 m\u00e1r j\u00f3val a \u201ecrossover\u201d kifejez\u00e9s elterjed\u00e9se el\u0151tt haszn\u00e1lta egy magas \u00e9p\u00edt\u00e9s\u0171 modellen. Az akkori HR-V tulajdonk\u00e9ppen el\u0151fut\u00e1ra volt annak a mai trendnek, amelyben a kis m\u00e9ret\u0171 aut\u00f3k terepj\u00e1r\u00f3s k\u00fcls\u0151t, de ferdeh\u00e1t\u00fahoz hasonl\u00f3 fenntart\u00e1si k\u00f6lts\u00e9geket k\u00edn\u00e1lnak. Ez a filoz\u00f3fia a mai modellben is tov\u00e1bb \u00e9l: a HR-V egyszerre pr\u00f3b\u00e1l praktikus, k\u00f6nnyen haszn\u00e1lhat\u00f3 \u00e9s gazdas\u00e1gos lenni, mik\u00f6zben megjelen\u00e9s\u00e9vel \u00e9s \u00fcl\u00e9spoz\u00edci\u00f3j\u00e1val egy kicsit t\u00f6bbet ad, mint egy hagyom\u00e1nyos kompakt ferdeh\u00e1t\u00fa.<\/p>\n","protected":false},"excerpt":{"rendered":"<p>A h\u00e1zasp\u00e1r sz\u00e1m\u00e1ra a legfontosabb alap\u00e9rt\u00e9kek k\u00f6z\u00e9 tartozik a kommunik\u00e1ci\u00f3 \u00e9s a bizalom. \u201eMindig nyitottak voltunk egym\u00e1s \u00e9rz\u00e9seire \u00e9s gondolataira&#8230;. <span class=\"gridview-grid-post-read-more\"><a href=\"https:\/\/matrend.hu\/nekedinfo\/az-igazsag-szolnoki-tiborrol\/\">read more<span class=\"gridview-sr-only\"> Az igazs\u00e1g Szolnoki Tiborr\u00f3l!<\/span><\/a><\/span><\/p>\n","protected":false},"author":1,"featured_media":6093,"comment_status":"open","ping_status":"open","sticky":false,"template":"","format":"standard","meta":{"footnotes":""},"categories":[1],"tags":[],"class_list":["post-6092","post","type-post","status-publish","format-standard","has-post-thumbnail","hentry","category-egyeb","wpcat-1-id"],"_links":{"self":[{"href":"https:\/\/matrend.hu\/nekedinfo\/wp-json\/wp\/v2\/posts\/6092","targetHints":{"allow":["GET"]}}],"collection":[{"href":"https:\/\/matrend.hu\/nekedinfo\/wp-json\/wp\/v2\/posts"}],"about":[{"href":"https:\/\/matrend.hu\/nekedinfo\/wp-json\/wp\/v2\/types\/post"}],"author":[{"embeddable":true,"href":"https:\/\/matrend.hu\/nekedinfo\/wp-json\/wp\/v2\/users\/1"}],"replies":[{"embeddable":true,"href":"https:\/\/matrend.hu\/nekedinfo\/wp-json\/wp\/v2\/comments?post=6092"}],"version-history":[{"count":1,"href":"https:\/\/matrend.hu\/nekedinfo\/wp-json\/wp\/v2\/posts\/6092\/revisions"}],"predecessor-version":[{"id":6094,"href":"https:\/\/matrend.hu\/nekedinfo\/wp-json\/wp\/v2\/posts\/6092\/revisions\/6094"}],"wp:featuredmedia":[{"embeddable":true,"href":"https:\/\/matrend.hu\/nekedinfo\/wp-json\/wp\/v2\/media\/6093"}],"wp:attachment":[{"href":"https:\/\/matrend.hu\/nekedinfo\/wp-json\/wp\/v2\/media?parent=6092"}],"wp:term":[{"taxonomy":"category","embeddable":true,"href":"https:\/\/matrend.hu\/nekedinfo\/wp-json\/wp\/v2\/categories?post=6092"},{"taxonomy":"post_tag","embeddable":true,"href":"https:\/\/matrend.hu\/nekedinfo\/wp-json\/wp\/v2\/tags?post=6092"}],"curies":[{"name":"wp","href":"https:\/\/api.w.org\/{rel}","templated":true}]}}