{"id":6101,"date":"2026-01-28T13:14:59","date_gmt":"2026-01-28T12:14:59","guid":{"rendered":"https:\/\/matrend.hu\/nekedinfo\/?p=6101"},"modified":"2026-01-28T13:14:59","modified_gmt":"2026-01-28T12:14:59","slug":"nyomtalanul-eltunt","status":"publish","type":"post","link":"https:\/\/matrend.hu\/nekedinfo\/nyomtalanul-eltunt\/","title":{"rendered":"Nyomtalanul elt\u0171nt"},"content":{"rendered":"<h3>A Szentendrei Rend\u0151rkapit\u00e1nys\u00e1g elj\u00e1r\u00e1st folytat Rokon\u00e1l Benedek L\u0151rinc elt\u0171n\u00e9se miatt. A 36 \u00e9ves f\u00e9rfi janu\u00e1r 27-\u00e9n a hajnali \u00f3r\u00e1kban t\u00e1vozott tahit\u00f3tfalui otthon\u00e1b\u00f3l ismeretlen helyre. K\u00e9s\u0151bb a telep\u00fcl\u00e9s Duna-parti szakasz\u00e1n tal\u00e1ltak olyan ru\/adar\/bokat \u00e9s \u00e9kszereket, amelyek hozz\u00e1 k\u00f6thet\u0151k, azonban az\u00f3ta sem siker\u00fclt meg\u00e1llap\u00edtani a tart\u00f3zkod\u00e1si hely\u00e9t. Az elt\u0171nt f\u00e9\/fi 183 centim\u00e9ter magas, v\u00e9kony te\/talkat\u00fa. F\u00fclig \u00e9r\u0151, sz\u0151k\u00e9sbarna haja van, amely \u0151sz\u00fcl, \u00e9s \u00e1ltal\u00e1ban \u00f6sszefogva hordja. Jellegzetesen \u00edvelt, el\u0151reny\u00fal\u00f3 orra van. A felt\u00e9telez\u00e9sek szerint ru\/\u00e1t nem vi\/el, mivel azokat h\u00e1trahagyta.<\/h3>\n<h3><span style=\"color: #ff0000;\"><strong>A h\u00edr nem \u00e9rt v\u00e9get! Folytat\u00e1shoz haszn\u00e1ld a K\u00d6VETKEZ\u0150 OLDAL gombot!<\/strong><\/span><\/h3>\n<h3 style=\"text-align: right;\"><a href=\"https:\/\/matrend.hu\/maitrend\/?p=6100\" target=\"_blank\" rel=\"noopener\"><span style=\"color: #ff0000;\">&#8212;&gt;&gt; K\u00d6VETKEZ\u0150 OLDAL<\/span><\/a><\/h3>\n<p>&#8211;<\/p>\n<p>A Hyundai egyik legnagyobb \u00fct\u0151k\u00e1rty\u00e1ja a m\u00e1r j\u00f3l ismert, \u00f6t \u00e9vre sz\u00f3l\u00f3, kilom\u00e9ter-korl\u00e1toz\u00e1s n\u00e9lk\u00fcli gy\u00e1ri garancia. Ez a kateg\u00f3ri\u00e1ban kiemelked\u0151 aj\u00e1nlatnak sz\u00e1m\u00edt, \u00e9s komoly biztons\u00e1g\u00e9rzetet ad a v\u00e1s\u00e1rl\u00f3knak, k\u00fcl\u00f6n\u00f6sen a haszn\u00e1ltpiacon gondolkod\u00f3k sz\u00e1m\u00e1ra. A hossz\u00fa garanciaid\u0151 azt sugallja, hogy a gy\u00e1rt\u00f3 b\u00edzik a term\u00e9ke min\u0151s\u00e9g\u00e9ben \u00e9s megb\u00edzhat\u00f3s\u00e1g\u00e1ban, ami sokak sz\u00e1m\u00e1ra d\u00f6nt\u0151 \u00e9rv lehet a konkurensekkel szemben.<\/p>\n<p>A szuperminik rendk\u00edv\u00fcl szoros mez\u0151ny\u00e9ben a Hyundai i20 egy olyan alternat\u00edv\u00e1t k\u00edn\u00e1l, amely els\u0151sorban azoknak sz\u00f3l, akik megb\u00edzhat\u00f3, j\u00f3l felszerelt \u00e9s t\u00e1gas aut\u00f3t szeretn\u00e9nek a p\u00e9nz\u00fck\u00e9rt. Az els\u0151 gener\u00e1ci\u00f3 ugyan m\u00e1r megvetette a l\u00e1b\u00e1t ebben a kateg\u00f3ri\u00e1ban, de el\u0151dje, a Hyundai Getz m\u00e9retben \u00e9s megjelen\u00e9sben ink\u00e1bb visszafogott volt ahhoz, hogy val\u00f3di \u00e9llovasnak sz\u00e1m\u00edtson. A 2014-ben bemutatott m\u00e1sodik gener\u00e1ci\u00f3 azonban jelent\u0151s el\u0151rel\u00e9p\u00e9st hozott, \u00e9s \u00faj m\u00e9rc\u00e9t \u00e1ll\u00edtott fel a koreai gy\u00e1rt\u00f3 kisaut\u00f3i k\u00f6z\u00f6tt min\u0151s\u00e9g, helyk\u00edn\u00e1lat \u00e9s \u00f6sszeszerel\u00e9si sz\u00ednvonal ter\u00e9n.<\/p>\n<p>Az i20 m\u00e1sodik gener\u00e1ci\u00f3ja teljesen \u00faj padl\u00f3lemezre \u00e9p\u00fclt, amelyet k\u00e9s\u0151bb a Kia Rio is megkapott. Ez az \u00faj platform nemcsak a vezethet\u0151s\u00e9gre \u00e9s a biztons\u00e1gra volt pozit\u00edv hat\u00e1ssal, hanem \u00e9rezhet\u0151en megn\u00f6velte az utast\u00e9r \u00e9s a csomagtart\u00f3 m\u00e9ret\u00e9t is. Az el\u0151z\u0151 gener\u00e1ci\u00f3hoz k\u00e9pest t\u00f6bb a l\u00e1bt\u00e9r mind el\u00f6l, mind h\u00e1tul, \u00edgy a h\u00e1ts\u00f3 \u00fcl\u00e9ssor m\u00e1r feln\u0151ttek sz\u00e1m\u00e1ra is hosszabb t\u00e1von elfogadhat\u00f3 k\u00e9nyelmet ny\u00fajt. A csomagtart\u00f3 m\u00e9rete szint\u00e9n n\u0151tt, ami a mindennapi haszn\u00e1lat sor\u00e1n, p\u00e9ld\u00e1ul bev\u00e1s\u00e1rl\u00e1skor vagy kisebb utaz\u00e1sok alkalm\u00e1val kifejezetten el\u0151ny\u00f6s.<\/p>\n","protected":false},"excerpt":{"rendered":"<p>A Szentendrei Rend\u0151rkapit\u00e1nys\u00e1g elj\u00e1r\u00e1st folytat Rokon\u00e1l Benedek L\u0151rinc elt\u0171n\u00e9se miatt. A 36 \u00e9ves f\u00e9rfi janu\u00e1r 27-\u00e9n a hajnali \u00f3r\u00e1kban t\u00e1vozott&#8230; <span class=\"gridview-grid-post-read-more\"><a href=\"https:\/\/matrend.hu\/nekedinfo\/nyomtalanul-eltunt\/\">read more<span class=\"gridview-sr-only\"> Nyomtalanul elt\u0171nt<\/span><\/a><\/span><\/p>\n","protected":false},"author":1,"featured_media":6102,"comment_status":"open","ping_status":"open","sticky":false,"template":"","format":"standard","meta":{"footnotes":""},"categories":[1],"tags":[],"class_list":["post-6101","post","type-post","status-publish","format-standard","has-post-thumbnail","hentry","category-egyeb","wpcat-1-id"],"_links":{"self":[{"href":"https:\/\/matrend.hu\/nekedinfo\/wp-json\/wp\/v2\/posts\/6101","targetHints":{"allow":["GET"]}}],"collection":[{"href":"https:\/\/matrend.hu\/nekedinfo\/wp-json\/wp\/v2\/posts"}],"about":[{"href":"https:\/\/matrend.hu\/nekedinfo\/wp-json\/wp\/v2\/types\/post"}],"author":[{"embeddable":true,"href":"https:\/\/matrend.hu\/nekedinfo\/wp-json\/wp\/v2\/users\/1"}],"replies":[{"embeddable":true,"href":"https:\/\/matrend.hu\/nekedinfo\/wp-json\/wp\/v2\/comments?post=6101"}],"version-history":[{"count":1,"href":"https:\/\/matrend.hu\/nekedinfo\/wp-json\/wp\/v2\/posts\/6101\/revisions"}],"predecessor-version":[{"id":6103,"href":"https:\/\/matrend.hu\/nekedinfo\/wp-json\/wp\/v2\/posts\/6101\/revisions\/6103"}],"wp:featuredmedia":[{"embeddable":true,"href":"https:\/\/matrend.hu\/nekedinfo\/wp-json\/wp\/v2\/media\/6102"}],"wp:attachment":[{"href":"https:\/\/matrend.hu\/nekedinfo\/wp-json\/wp\/v2\/media?parent=6101"}],"wp:term":[{"taxonomy":"category","embeddable":true,"href":"https:\/\/matrend.hu\/nekedinfo\/wp-json\/wp\/v2\/categories?post=6101"},{"taxonomy":"post_tag","embeddable":true,"href":"https:\/\/matrend.hu\/nekedinfo\/wp-json\/wp\/v2\/tags?post=6101"}],"curies":[{"name":"wp","href":"https:\/\/api.w.org\/{rel}","templated":true}]}}