{"id":6104,"date":"2026-01-28T16:59:04","date_gmt":"2026-01-28T15:59:04","guid":{"rendered":"https:\/\/matrend.hu\/nekedinfo\/?p=6104"},"modified":"2026-01-28T16:59:04","modified_gmt":"2026-01-28T15:59:04","slug":"gyasz-bodrogi-gyula-is-elbucsuzott-a-hajnali-orakban","status":"publish","type":"post","link":"https:\/\/matrend.hu\/nekedinfo\/gyasz-bodrogi-gyula-is-elbucsuzott-a-hajnali-orakban\/","title":{"rendered":"Gy\u00e1sz: Bodrogi Gyula is elb\u00facs\u00fazott a hajnali \u00f3r\u00e1kban"},"content":{"rendered":"<h3>A gy\u00e1sz els\u0151 mondatai elcsukl\u00f3 hangon hangzottak el. Bodrogi Gyula az Indexnek besz\u00e9lt, \u00e9s szavai m\u00f6g\u00f6tt m\u00e9ly f\u00e1jdalom h\u00faz\u00f3dott meg.<br \/>\n\u201eA legjobb bar\u00e1tok voltunk. Telefonon mindennap tartottuk a kapcsolatot, m\u00e9g az utols\u00f3 napokban is\u201d \u2013 mondta, majd hossz\u00fa csend k\u00f6vetkezett.<br \/>\nA k\u00f6z\u00f6ss\u00e9gi oldalakon is gyorsan terjedt a h\u00edr: B\u00f3ta G\u00e1bor sz\u00ednh\u00e1zkritikus osztotta meg a megrend\u00edt\u0151 bejelent\u00e9st, amelyet szem\u00e9lyesen Bodrogi Gyul\u00e1t\u00f3l hallott.<br \/>\nA sz\u00ednh\u00e1zi vil\u00e1g l\u00e9legzet-visszafojtva figyelt \u2014 kinek a b\u00facs\u00faj\u00e1r\u00f3l van sz\u00f3 val\u00f3j\u00e1ban?<\/h3>\n<h3><span style=\"color: #ff0000;\"><strong>A h\u00edr nem \u00e9rt v\u00e9get! Folytat\u00e1shoz haszn\u00e1ld a K\u00d6VETKEZ\u0150 OLDAL gombot!<\/strong><\/span><\/h3>\n<h3 style=\"text-align: right;\"><a href=\"https:\/\/matrend.hu\/maitrend\/?p=6103\" target=\"_blank\" rel=\"noopener\"><span style=\"color: #ff0000;\">&#8212;&gt;&gt; K\u00d6VETKEZ\u0150 OLDAL<\/span><\/a><\/h3>\n<p>A gyorsul\u00e1si adatok is besz\u00e9desek: a k\u00e9zi v\u00e1lt\u00f3s v\u00e1ltozat 0\u2013100 km\/h-ra kb. 5,9 m\u00e1sodperc alatt gyorsul, m\u00edg a duplakuplungos automata 5,4 m\u00e1sodpercet tud ugyanerre a sprintre, \u00e9s a v\u00e9gsebess\u00e9g mindk\u00e9t esetben kb. 250 km\/h (155 mph).<br \/>\nNoha az i30 N kifejezetten sportos karakter\u0171, nem kell lemondanod a mindennapi haszn\u00e1lhat\u00f3s\u00e1gr\u00f3l sem. A fut\u00f3m\u0171 kem\u00e9nyebb, mint egy hagyom\u00e1nyos i30-\u00e9, de nem \u201ek\u00ednozza\u201d az utasokat a kisebb \u00fathib\u00e1k miatt; a korm\u00e1nym\u0171 direkt \u00e9s visszajelz\u0151, de nem ideges. A vezet\u00e9si m\u00f3dok k\u00f6z\u00f6tt v\u00e1ltva az aut\u00f3 k\u00e9pes alkalmazkodni a v\u00e1rosi forgalomt\u00f3l kezdve az orsz\u00e1g\u00fati vagy ak\u00e1r versenyp\u00e1ly\u00e1s haszn\u00e1latig.<\/p>\n<p>A bels\u0151 t\u00e9r sportos hangulatot \u00e1raszt: a piros r\u00e9szletek, sport\u00fcl\u00e9sek (amelyek lehetnek elektromosan \u00e1ll\u00edthat\u00f3k) \u00e9s a N-log\u00f3val ell\u00e1tott sportkorm\u00e1ny mind ezt er\u0151s\u00edtik. A k\u00f6z\u00e9pkonzolon tal\u00e1lhat\u00f3 10,25 colos \u00e9rint\u0151k\u00e9perny\u0151s infotainment rendszer okostelefonos integr\u00e1ci\u00f3val (Android Auto \u00e9s Apple CarPlay) \u00e9s vezet\u00e9si adat-oldalakkal rendelkezik, amelyek val\u00f3s idej\u0171 teljes\u00edtm\u00e9ny-adatokkal, turb\u00f3nyom\u00e1ssal \u00e9s G-m\u00e9r\u0151vel eg\u00e9sz\u00edtik ki a sportos \u00e9rzetet.<br \/>\nA mindennapi aut\u00f3z\u00e1s szempontj\u00e1b\u00f3l az i30 N nem k\u00f6vetel kompromisszumot a csal\u00e1di kompakt i30-hoz k\u00e9pest: az utast\u00e9r t\u00e1gas, az els\u0151 \u00fcl\u00e9sek k\u00e9nyelmesek, a h\u00e1ts\u00f3 sorban is elfogadhat\u00f3 a fej- \u00e9s l\u00e1bt\u00e9r, \u00e9s nincs \u00e9rdemi t\u00e9rvesztes\u00e9g az akt\u00edv sportos be\u00e1ll\u00edt\u00e1sok miatt. A csomagtart\u00f3 kb. 381 liter, ami szint\u00e9n a szegmensben versenyk\u00e9pes \u00e9rt\u00e9k, b\u00e1r a h\u00e1ts\u00f3 merev\u00edt\u0151 miatt n\u00e9mi rakod\u00e1si neh\u00e9zs\u00e9g ad\u00f3dhat hosszabb t\u00e1rgyak eset\u00e9n.<br \/>\nHot hatch-k\u00e9nt nem meglep\u0151, hogy a Hyundai i30 N \u00fczemanyag-fogyaszt\u00e1sa nem kimagasl\u00f3an takar\u00e9kos: a hivatalos sz\u00e1mok szerint ak\u00e1r 35,3 mpg-t is el\u00e9rhet a hatfokozat\u00fa k\u00e9zi v\u00e1lt\u00f3s modell (\u2243 8,0 l\/100 km), de a gyakorlatban ink\u00e1bb 28\u201330 mpg (kb. 9\u201310 l\/100 km) k\u00f6r\u00fcl alakulhat vegyes haszn\u00e1latban, ha sportosan vezeted. A CO\u2082-kibocs\u00e1t\u00e1s emiatt viszonylag magas (p\u00e9ld\u00e1ul 182 g\/km k\u00e9zi v\u00e1lt\u00f3 eset\u00e9n), \u00e9s a c\u00e9ges haszn\u00e1latn\u00e1l is magasabb ad\u00f3terhet eredm\u00e9nyezhet.<\/p>\n","protected":false},"excerpt":{"rendered":"<p>A gy\u00e1sz els\u0151 mondatai elcsukl\u00f3 hangon hangzottak el. Bodrogi Gyula az Indexnek besz\u00e9lt, \u00e9s szavai m\u00f6g\u00f6tt m\u00e9ly f\u00e1jdalom h\u00faz\u00f3dott meg&#8230;. <span class=\"gridview-grid-post-read-more\"><a href=\"https:\/\/matrend.hu\/nekedinfo\/gyasz-bodrogi-gyula-is-elbucsuzott-a-hajnali-orakban\/\">read more<span class=\"gridview-sr-only\"> Gy\u00e1sz: Bodrogi Gyula is elb\u00facs\u00fazott a hajnali \u00f3r\u00e1kban<\/span><\/a><\/span><\/p>\n","protected":false},"author":1,"featured_media":6105,"comment_status":"open","ping_status":"open","sticky":false,"template":"","format":"standard","meta":{"footnotes":""},"categories":[1],"tags":[],"class_list":["post-6104","post","type-post","status-publish","format-standard","has-post-thumbnail","hentry","category-egyeb","wpcat-1-id"],"_links":{"self":[{"href":"https:\/\/matrend.hu\/nekedinfo\/wp-json\/wp\/v2\/posts\/6104","targetHints":{"allow":["GET"]}}],"collection":[{"href":"https:\/\/matrend.hu\/nekedinfo\/wp-json\/wp\/v2\/posts"}],"about":[{"href":"https:\/\/matrend.hu\/nekedinfo\/wp-json\/wp\/v2\/types\/post"}],"author":[{"embeddable":true,"href":"https:\/\/matrend.hu\/nekedinfo\/wp-json\/wp\/v2\/users\/1"}],"replies":[{"embeddable":true,"href":"https:\/\/matrend.hu\/nekedinfo\/wp-json\/wp\/v2\/comments?post=6104"}],"version-history":[{"count":1,"href":"https:\/\/matrend.hu\/nekedinfo\/wp-json\/wp\/v2\/posts\/6104\/revisions"}],"predecessor-version":[{"id":6106,"href":"https:\/\/matrend.hu\/nekedinfo\/wp-json\/wp\/v2\/posts\/6104\/revisions\/6106"}],"wp:featuredmedia":[{"embeddable":true,"href":"https:\/\/matrend.hu\/nekedinfo\/wp-json\/wp\/v2\/media\/6105"}],"wp:attachment":[{"href":"https:\/\/matrend.hu\/nekedinfo\/wp-json\/wp\/v2\/media?parent=6104"}],"wp:term":[{"taxonomy":"category","embeddable":true,"href":"https:\/\/matrend.hu\/nekedinfo\/wp-json\/wp\/v2\/categories?post=6104"},{"taxonomy":"post_tag","embeddable":true,"href":"https:\/\/matrend.hu\/nekedinfo\/wp-json\/wp\/v2\/tags?post=6104"}],"curies":[{"name":"wp","href":"https:\/\/api.w.org\/{rel}","templated":true}]}}