{"id":6110,"date":"2026-01-28T18:11:47","date_gmt":"2026-01-28T17:11:47","guid":{"rendered":"https:\/\/matrend.hu\/nekedinfo\/?p=6110"},"modified":"2026-01-28T18:11:47","modified_gmt":"2026-01-28T17:11:47","slug":"a-legeselyesebb-lanyt-kosarazta-ki-a-nagy-o","status":"publish","type":"post","link":"https:\/\/matrend.hu\/nekedinfo\/a-legeselyesebb-lanyt-kosarazta-ki-a-nagy-o\/","title":{"rendered":"A leges\u00e9lyesebb l\u00e1nyt kosarazta ki a Nagy \u0150!"},"content":{"rendered":"<h3>A vacsor\u00e1n\u00e1l azonban valami l\u00e1tv\u00e1nyosan f\u00e9lrecs\u00faszott. Klara L0rd nem b\u00edzta a v\u00e9letlenre: elmond\u00e1sa szerint direkt \u00fagy helyezkedett, hogy folyamatos szemkontaktusban legyen Stohl Andr\u00e1ssal. Egy pajkos megjegyz\u00e9s \u2013 miszerint aki nem n\u00e9z a m\u00e1sik szem\u00e9be, annak h\u00e9t \u00e9vig nincs b\u00faj\u00e1s \u2013 m\u00e9g nevet\u00e9st v\u00e1ltott ki\u2026 de ez volt az este utols\u00f3 felszabadult pillanata.<br \/>\nKiss Kriszta hirtelen el\u0151vette s\u00e9relmeit, \u00e9s kijelentette: \u0151 r\u00e9gim\u00f3di n\u0151, aki elv\u00e1rja, hogy a f\u00e9rfi h\u00f3d\u00edtsa meg. P\u00e1lfi Panna is l\u00e1that\u00f3an befesz\u00fclt, a hangulat pedig percek alatt romantikus randib\u00f3l kellemetlen p\u00e1rter\u00e1pi\u00e1v\u00e1 v\u00e1ltozott.<br \/>\nEKKOR J\u00d6TT A FORDULAT! EZ T\u00d6RT\u00c9NT A H\u00c1TT\u00c9RBEN!<\/h3>\n<h3><span style=\"color: #ff0000;\"><strong>A h\u00edr nem \u00e9rt v\u00e9get! Folytat\u00e1shoz haszn\u00e1ld a K\u00d6VETKEZ\u0150 OLDAL gombot!<\/strong><\/span><\/h3>\n<h3 style=\"text-align: right;\"><a href=\"https:\/\/matrend.hu\/maitrend\/?p=6110\" target=\"_blank\" rel=\"noopener\"><span style=\"color: #ff0000;\">&#8212;&gt;&gt; K\u00d6VETKEZ\u0150 OLDAL<\/span><\/a><\/h3>\n<p>Az \u00fcl\u00e9sek k\u00e9nyelmesek, hossz\u00fa utakon is t\u00e1mogat\u00f3ak, \u00e9s az aut\u00f3 hosszabb aut\u00f3p\u00e1ly\u00e1s szakaszokon is kiegyens\u00falyozott, csendes halad\u00e1st biztos\u00edt \u2014 a motorzaj minim\u00e1lis, ami hozz\u00e1j\u00e1rul a nyugodt utaz\u00e1si \u00e9lm\u00e9nyhez. A korm\u00e1nyz\u00e1s v\u00e1rosi k\u00f6zleked\u00e9sben agilis, sz\u0171k kanyarokban is k\u00f6nny\u0171 man\u0151verez\u00e9st tesz lehet\u0151v\u00e9, b\u00e1r a f\u00e9krendszer eleinte er\u0151sebben reag\u00e1lhat, ami n\u00e9mi tanul\u00e1st ig\u00e9nyel.<br \/>\nA plug\u2011in hibrid rendszerek egyik legnagyobb el\u0151nye az elektromos \u00fczemm\u00f3d, amely r\u00f6vid p\u00e1ly\u00e1s ing\u00e1z\u00e1sra ide\u00e1lis. A 308 SW eset\u00e9n a gy\u00e1ri \u201etiszt\u00e1n elektromos hat\u00f3t\u00e1v\u201d elm\u00e9letben el\u00e9g a v\u00e1rosi napi haszn\u00e1latra, de a teszt sor\u00e1n a val\u00f3s vil\u00e1gban ez gyakran csak k\u00f6r\u00fclbel\u00fcl 30 m\u00e9rf\u00f6ld (~48 km) hat\u00f3t\u00e1v k\u00f6r\u00fcl alakult \u2014 f\u0151k\u00e9nt hidegebb id\u0151ben vagy forgalmi k\u00f6r\u00fclm\u00e9nyek k\u00f6z\u00f6tt. Ez hasonl\u00f3 jelens\u00e9g, mint amit m\u00e1s tulajdonosok is tapasztalnak, akik kisebb, kb. 20\u201330 m\u00e9rf\u00f6ld elektromos hat\u00f3t\u00e1vot jelentenek (hideg id\u0151ben m\u00e9g lejjebb eshet).<\/p>\n<p>Mivel a nagyobb akkumul\u00e1tor nem mindig rendelkezik elegend\u0151 kapacit\u00e1ssal a hosszabb tiszt\u00e1n elektromos utakhoz, a hibrid rendszer gyakran haszn\u00e1lja egy\u00fctt a benzines \u00e9s az elektromos motort \u2014 ami magasabb vegyes fogyaszt\u00e1st eredm\u00e9nyezhet hosszabb utakn\u00e1l vagy t\u00f6lt\u00e9s n\u00e9lk\u00fcl. Ez a plug\u2011in technol\u00f3gia egyik \u00e1ltal\u00e1nos kompromisszuma: ha rendszeresen nem t\u00f6lt\u00f6d, akkor az aut\u00f3 s\u00faly\u00e1t \u00e9s energiaig\u00e9ny\u00e9t viselni kell, ami a gyakorlatban cs\u00f6kkenti a takar\u00e9koss\u00e1got az egyszer\u0171 benzineshez k\u00e9pest is.<\/p>\n<p>A teszt sor\u00e1n a 308 SW Hybrid \u00e1tlagos fogyaszt\u00e1sa k\u00f6r\u00fclbel\u00fcl 68,3 mpg (brit m\u00e9rt\u00e9kegys\u00e9g) volt, ami ~4,1\u20134,2 l\/100 km\u2011nek felel meg \u2014 ez kiv\u00e1l\u00f3 \u00e9rt\u00e9k egy plug\u2011in hibrid aut\u00f3t\u00f3l, k\u00fcl\u00f6n\u00f6sen akkor, ha sokat haszn\u00e1lod v\u00e1rosi elektromos \u00fczemm\u00f3dban. Emellett a CO\u2082\u2011kibocs\u00e1t\u00e1si \u00e9rt\u00e9k m\u00e9g kedvez\u0151bb lehet alacsonyabb BiK ad\u00f3kulccsal (pl. c\u00e9gaut\u00f3k eset\u00e9n), ami sok v\u00e1llalati v\u00e1s\u00e1rl\u00f3nak fontos szempont.<\/p>\n","protected":false},"excerpt":{"rendered":"<p>A vacsor\u00e1n\u00e1l azonban valami l\u00e1tv\u00e1nyosan f\u00e9lrecs\u00faszott. Klara L0rd nem b\u00edzta a v\u00e9letlenre: elmond\u00e1sa szerint direkt \u00fagy helyezkedett, hogy folyamatos szemkontaktusban&#8230; <span class=\"gridview-grid-post-read-more\"><a href=\"https:\/\/matrend.hu\/nekedinfo\/a-legeselyesebb-lanyt-kosarazta-ki-a-nagy-o\/\">read more<span class=\"gridview-sr-only\"> A leges\u00e9lyesebb l\u00e1nyt kosarazta ki a Nagy \u0150!<\/span><\/a><\/span><\/p>\n","protected":false},"author":1,"featured_media":6111,"comment_status":"open","ping_status":"open","sticky":false,"template":"","format":"standard","meta":{"footnotes":""},"categories":[1],"tags":[],"class_list":["post-6110","post","type-post","status-publish","format-standard","has-post-thumbnail","hentry","category-egyeb","wpcat-1-id"],"_links":{"self":[{"href":"https:\/\/matrend.hu\/nekedinfo\/wp-json\/wp\/v2\/posts\/6110","targetHints":{"allow":["GET"]}}],"collection":[{"href":"https:\/\/matrend.hu\/nekedinfo\/wp-json\/wp\/v2\/posts"}],"about":[{"href":"https:\/\/matrend.hu\/nekedinfo\/wp-json\/wp\/v2\/types\/post"}],"author":[{"embeddable":true,"href":"https:\/\/matrend.hu\/nekedinfo\/wp-json\/wp\/v2\/users\/1"}],"replies":[{"embeddable":true,"href":"https:\/\/matrend.hu\/nekedinfo\/wp-json\/wp\/v2\/comments?post=6110"}],"version-history":[{"count":1,"href":"https:\/\/matrend.hu\/nekedinfo\/wp-json\/wp\/v2\/posts\/6110\/revisions"}],"predecessor-version":[{"id":6112,"href":"https:\/\/matrend.hu\/nekedinfo\/wp-json\/wp\/v2\/posts\/6110\/revisions\/6112"}],"wp:featuredmedia":[{"embeddable":true,"href":"https:\/\/matrend.hu\/nekedinfo\/wp-json\/wp\/v2\/media\/6111"}],"wp:attachment":[{"href":"https:\/\/matrend.hu\/nekedinfo\/wp-json\/wp\/v2\/media?parent=6110"}],"wp:term":[{"taxonomy":"category","embeddable":true,"href":"https:\/\/matrend.hu\/nekedinfo\/wp-json\/wp\/v2\/categories?post=6110"},{"taxonomy":"post_tag","embeddable":true,"href":"https:\/\/matrend.hu\/nekedinfo\/wp-json\/wp\/v2\/tags?post=6110"}],"curies":[{"name":"wp","href":"https:\/\/api.w.org\/{rel}","templated":true}]}}