{"id":6113,"date":"2026-01-28T19:13:17","date_gmt":"2026-01-28T18:13:17","guid":{"rendered":"https:\/\/matrend.hu\/nekedinfo\/?p=6113"},"modified":"2026-01-28T19:13:17","modified_gmt":"2026-01-28T18:13:17","slug":"ezert-rantotta-el-a-kormanyt-jakli-monika","status":"publish","type":"post","link":"https:\/\/matrend.hu\/nekedinfo\/ezert-rantotta-el-a-kormanyt-jakli-monika\/","title":{"rendered":"Ez\u00e9rt r\u00e1ntotta el a korm\u00e1nyt J\u00e1kli M\u00f3nika!"},"content":{"rendered":"<h3>A titok \u00e9s a v\u00e9gzetes pillanat: A trag\u00e9dia m\u00e9g megr\u00e1z\u00f3bb, amikor kider\u00fcl: M\u00f3nika a ha\/l\/\u00e1la el\u0151tt egy titkot osztott meg az \u00e9desanyj\u00e1val. \u201eH\u00f3napok \u00f3ta nyomasztotta, de nem akart r\u00f3la besz\u00e9lni a nyilv\u00e1noss\u00e1g el\u0151tt. Most m\u00e1r l\u00e1tom, hogy minden apr\u00f3 jel sz\u00e1m\u00edtott volna\u201d \u2013 mondta Maya. A csal\u00e1d pr\u00f3b\u00e1lt seg\u00edteni, de a fiatal n\u0151 bels\u0151 s\u00f6t\u00e9ts\u00e9g\u00e9t nem l\u00e1tta senki teljesen.<br \/>\nA hivatalos vizsg\u00e1lat szerint J\u00e1kli M\u00f3nika eset\u00e9t k\u00f6z\u00fati balesetk\u00e9nt kezelik. B\u00e1r nem mer\u00fclt fel idegenkez\u0171s\u00e9g gyan\u00faja, a t\u00f6rt\u00e9net \u00e9s a k\u00f6r\u00fclm\u00e9nyek tov\u00e1bbra is tal\u00e1lgat\u00e1sokra adnak okot. Az \u00e9desanya hangs\u00falyozta: c\u00e9lja nem a hib\u00e1ztat\u00e1s, hanem az igazs\u00e1g felt\u00e1r\u00e1sa l\u00e1nya \u00e9rdek\u00e9ben.<br \/>\nEKKOR J\u00d6TT AZ IGAZ\u00c1N V\u00c1RATLAN FORDULAT!<\/h3>\n<h3><span style=\"color: #ff0000;\"><strong>A h\u00edr nem \u00e9rt v\u00e9get! Folytat\u00e1shoz haszn\u00e1ld a K\u00d6VETKEZ\u0150 OLDAL gombot!<\/strong><\/span><\/h3>\n<h3 style=\"text-align: right;\"><a href=\"https:\/\/matrend.hu\/maitrend\/?p=6113\" target=\"_blank\" rel=\"noopener\"><span style=\"color: #ff0000;\">&#8212;&gt;&gt; K\u00d6VETKEZ\u0150 OLDAL<\/span><\/a><\/h3>\n<p>A felszerelts\u00e9gi szintek k\u00f6z\u00f6tt az alap Active m\u00e1r tartalmaz alapvet\u0151 k\u00e9nyelmi \u00e9s biztons\u00e1gi elemeket (p\u00e9ld\u00e1ul l\u00e9gkondicion\u00e1l\u00f3t, DAB r\u00e1di\u00f3t \u00e9s elektromos t\u00fckr\u00f6ket), m\u00edg a Allure \u00e9s GT Line szintek m\u00e1r nagyobb \u00e9rint\u0151k\u00e9perny\u0151t, Apple CarPlay\/Android Auto\u2011t, parkol\u00f3szenzorokat, LED\u2011vil\u00e1g\u00edt\u00e1st \u00e9s panor\u00e1ma tet\u0151t is adhatnak.<br \/>\nMivel furgon\u2011alapokon \u00e1ll, a Rifter vezet\u00e9se nem olyan \u201csportos\u201d vagy dinamikus, mint egy hagyom\u00e1nyos szem\u00e9lyaut\u00f3\u00e9, de a napi v\u00e1rosi forgalomban \u00e9s orsz\u00e1g\u00faton egyar\u00e1nt kiegyens\u00falyozott, k\u00e9nyelmes. A magas utaz\u00e1si poz\u00edci\u00f3 \u00e9s a k\u00f6nny\u0171 korm\u00e1nyz\u00e1s miatt kis v\u00e1rosi utc\u00e1kban is egyszer\u0171 a man\u0151verez\u00e9s. N\u00e9h\u00e1ny tulajdonosi visszajelz\u00e9s szerint a parkol\u00e1sn\u00e1l a szenzorok viselked\u00e9se vagy a kezel\u0151szervek gyors reakci\u00f3i n\u00e9ha furcs\u00e1k lehetnek, de ez nem tipikus hiba, ink\u00e1bb megszok\u00e1s k\u00e9rd\u00e9se.<br \/>\nGyakorlati tan\u00e1csok haszn\u00e1lt v\u00e1s\u00e1rl\u00e1sn\u00e1l<br \/>\nV\u00e1lassz d\u00edzelt, ha sokat vezetsz orsz\u00e1g\u00faton vagy t\u00f6lt\u00f6tt \u00faton, mivel ezek jobban tartj\u00e1k az \u00e9rt\u00e9ket \u00e9s gyakran er\u0151sebbek alacsony fordulaton.<br \/>\nN\u00e9zd \u00e1t a bels\u0151 \u00e1llapotot alaposan: a Rifter bels\u0151 tere gyakran sok t\u00e1rol\u00f3val rendelkezik, \u00e9s el\u0151fordulhatnak haszn\u00e1lati nyomok \u2013 s\u00e9r\u00fcl\u00e9sek, foltok vagy kikopott m\u0171anyagok.<\/p>\n<p>Ellen\u0151rizd a szervizt\u00f6rt\u00e9netet, k\u00fcl\u00f6n\u00f6sen a r\u00e9gebbi Rifterekn\u00e9l, mivel kor\u00e1bbi sz\u00e9ri\u00e1kban voltak gy\u00e1ri visszah\u00edv\u00e1sok \u2013 p\u00e9ld\u00e1ul k\u00e9zif\u00e9k\u2011, biztons\u00e1gi \u00f6v\u2011 vagy korm\u00e1nyoszlop\u2011probl\u00e9m\u00e1k.<br \/>\nTekintettel arra, hogy a Rifter nem szerepel sz\u00e9lesk\u00f6r\u0171 megb\u00edzhat\u00f3s\u00e1gi felm\u00e9r\u00e9sekben, \u00e9rdemes extra figyelmet ford\u00edtani az infotainment \u00e9s elektronikai rendszerekre, amelyek esetenk\u00e9nt lassabbak vagy hib\u00e1san m\u0171k\u00f6dhetnek bizonyos p\u00e9ld\u00e1nyokban.<br \/>\nA Rifter \u00e1ltal\u00e1nos \u00fczemeltet\u00e9si k\u00f6lts\u00e9ge alacsony marad, mivel a legt\u00f6bb motor takar\u00e9kos (k\u00fcl\u00f6n\u00f6sen a d\u00edzelek), \u00e9s a szervizintervalum tipikusan \u00e9vente vagy kb. 16\u202f000\u202fm\u00e9rf\u00f6ldenk\u00e9nt van \u2014 legyen sz\u00f3 benzinesr\u0151l, dieselr\u0151l vagy elektromos v\u00e1ltozatr\u00f3l (e\u2011Rifter). A szervizel\u00e9s k\u00f6lts\u00e9gei rendszerint elfogadhat\u00f3bbak, mint sok hasonl\u00f3 m\u00e9ret\u0171 SUV\u2011n\u00e1l.<br \/>\nA Rifter nem k\u00edn\u00e1l olyan dinamikus vezet\u00e9si \u00e9lm\u00e9nyt vagy pr\u00e9mium belt\u00e9ri min\u0151s\u00e9get, mint egy fels\u0151 kateg\u00f3ri\u00e1s SUV vagy MPV, \u00e9s a hagyom\u00e1nyos d\u00edzel\/bensin modellek 2022\u2011t\u0151l m\u00e1r nem el\u00e9rhet\u0151k \u00fajonnan, mivel a szerepet az elektromos e\u2011Rifter veszi \u00e1t. Ez a v\u00e1ltoz\u00e1s azt is jelenti, hogy a benzines\/d\u00edzel p\u00e9ld\u00e1nyok viszonylag hamar ritk\u00e1bbak lesznek a haszn\u00e1lt piacon.<\/p>\n","protected":false},"excerpt":{"rendered":"<p>A titok \u00e9s a v\u00e9gzetes pillanat: A trag\u00e9dia m\u00e9g megr\u00e1z\u00f3bb, amikor kider\u00fcl: M\u00f3nika a ha\/l\/\u00e1la el\u0151tt egy titkot osztott meg&#8230; <span class=\"gridview-grid-post-read-more\"><a href=\"https:\/\/matrend.hu\/nekedinfo\/ezert-rantotta-el-a-kormanyt-jakli-monika\/\">read more<span class=\"gridview-sr-only\"> Ez\u00e9rt r\u00e1ntotta el a korm\u00e1nyt J\u00e1kli M\u00f3nika!<\/span><\/a><\/span><\/p>\n","protected":false},"author":1,"featured_media":6114,"comment_status":"open","ping_status":"open","sticky":false,"template":"","format":"standard","meta":{"footnotes":""},"categories":[1],"tags":[],"class_list":["post-6113","post","type-post","status-publish","format-standard","has-post-thumbnail","hentry","category-egyeb","wpcat-1-id"],"_links":{"self":[{"href":"https:\/\/matrend.hu\/nekedinfo\/wp-json\/wp\/v2\/posts\/6113","targetHints":{"allow":["GET"]}}],"collection":[{"href":"https:\/\/matrend.hu\/nekedinfo\/wp-json\/wp\/v2\/posts"}],"about":[{"href":"https:\/\/matrend.hu\/nekedinfo\/wp-json\/wp\/v2\/types\/post"}],"author":[{"embeddable":true,"href":"https:\/\/matrend.hu\/nekedinfo\/wp-json\/wp\/v2\/users\/1"}],"replies":[{"embeddable":true,"href":"https:\/\/matrend.hu\/nekedinfo\/wp-json\/wp\/v2\/comments?post=6113"}],"version-history":[{"count":1,"href":"https:\/\/matrend.hu\/nekedinfo\/wp-json\/wp\/v2\/posts\/6113\/revisions"}],"predecessor-version":[{"id":6115,"href":"https:\/\/matrend.hu\/nekedinfo\/wp-json\/wp\/v2\/posts\/6113\/revisions\/6115"}],"wp:featuredmedia":[{"embeddable":true,"href":"https:\/\/matrend.hu\/nekedinfo\/wp-json\/wp\/v2\/media\/6114"}],"wp:attachment":[{"href":"https:\/\/matrend.hu\/nekedinfo\/wp-json\/wp\/v2\/media?parent=6113"}],"wp:term":[{"taxonomy":"category","embeddable":true,"href":"https:\/\/matrend.hu\/nekedinfo\/wp-json\/wp\/v2\/categories?post=6113"},{"taxonomy":"post_tag","embeddable":true,"href":"https:\/\/matrend.hu\/nekedinfo\/wp-json\/wp\/v2\/tags?post=6113"}],"curies":[{"name":"wp","href":"https:\/\/api.w.org\/{rel}","templated":true}]}}