{"id":6116,"date":"2026-01-28T20:48:53","date_gmt":"2026-01-28T19:48:53","guid":{"rendered":"https:\/\/matrend.hu\/nekedinfo\/?p=6116"},"modified":"2026-01-28T20:48:53","modified_gmt":"2026-01-28T19:48:53","slug":"stohl-andras-hatalmas-dramaja","status":"publish","type":"post","link":"https:\/\/matrend.hu\/nekedinfo\/stohl-andras-hatalmas-dramaja\/","title":{"rendered":"Stohl Andr\u00e1s hatalmas dr\u00e1m\u00e1ja"},"content":{"rendered":"<h3>K\/ar\u00e1n k\u00edv\u00fcl h\u00e1rom m\u00e1sik n\/ is megfogta Andr\u00e1st: Kriszta \u00e9s Gina kapt\u00e1k \u201eaz els\u0151 ben\/om\u00e1s\u201d kark\u00f6t\u0151j\u00e9t, miut\u00e1n \u0151k ketten keltett\u00e9k fel legink\u00e1bb a Nagy \u0150 \u00e9rdekl\u0151d\u00e9s\u00e9t, j\u00f3llehet Pann\u00e1val r\u00f6gt\u00f6n fl\u00f6rt\u00f6lni kezdtek. Felr\/bbant az in\/ernet, miut\u00e1n a hazai szt\u00e1rvil\u00e1g k\u00e9t ikonikus alakja, K\/ara, a mindig sz\/kim\/nd\u00f3 d\/va, \u00e9s Stohl Andr\u00e1s, az orsz\u00e1g egyik legismertebb sz\u00edn\u00e9sz-m\u0171sorvezet\u0151je \u00fajra a figyelem k\u00f6z\u00e9ppontj\u00e1ba ker\u00fclt K\/ara ter\/ess\u00e9ge miatt! MUTATJUK A R\u00c9SZLETEKET!<\/h3>\n<h3><span style=\"color: #ff0000;\"><strong>A h\u00edr nem \u00e9rt v\u00e9get! Folytat\u00e1shoz haszn\u00e1ld a K\u00d6VETKEZ\u0150 OLDAL gombot!<\/strong><\/span><\/h3>\n<h3 style=\"text-align: right;\"><a href=\"https:\/\/matrend.hu\/maitrend\/?p=6116\" target=\"_blank\" rel=\"noopener\"><span style=\"color: #ff0000;\">&#8212;&gt;&gt; K\u00d6VETKEZ\u0150 OLDAL<\/span><\/a><\/h3>\n<p>&#8211;<\/p>\n<p>Visszat\u00e9rve arra, hogy mit is k\u00edn\u00e1l val\u00f3j\u00e1ban a Proace City, a modell k\u00e9t felszerelts\u00e9gi szinten \u00e9rhet\u0151 el: Active \u00e9s Icon kivitelben, ami j\u00f3l t\u00fckr\u00f6zi a nagyobb Proace k\u00edn\u00e1lat\u00e1nak fel\u00e9p\u00edt\u00e9s\u00e9t. Az Active v\u00e1ltozatok m\u00e1r alapb\u00f3l is kifejezetten gazdag biztons\u00e1gi felszerelts\u00e9ggel rendelkeznek, ami ebben a kateg\u00f3ri\u00e1ban komoly el\u0151nyt jelent. Alap\u00e1ron j\u00e1r a vezet\u0151- \u00e9s az utasoldali l\u00e9gzs\u00e1k \u2013 ut\u00f3bbi \u00e9rdekess\u00e9g, hogy a PSA-csoporthoz tartoz\u00f3 testv\u00e9rmodellekn\u00e9l sok esetben csak fel\u00e1r\u00e9rt el\u00e9rhet\u0151 \u2013, tov\u00e1bb\u00e1 a f\u00fcgg\u00f6nyl\u00e9gzs\u00e1kok, az abroncsnyom\u00e1s-figyelmeztet\u0151 rendszer, az emelked\u0151n elindul\u00e1st seg\u00edt\u0151 funkci\u00f3, a lejtmenet-asszisztens, a menetstabiliz\u00e1l\u00f3 rendszer, valamint az elektronikus f\u00e9ker\u0151-eloszt\u00e1s is. Ezek egy\u00fcttesen nemcsak a sof\u0151r \u00e9s az utasok biztons\u00e1g\u00e1t n\u00f6velik, hanem a mindennapi munkav\u00e9gz\u00e9st is kisz\u00e1m\u00edthat\u00f3bb\u00e1 \u00e9s stresszmentesebb\u00e9 teszik, k\u00fcl\u00f6n\u00f6sen v\u00e1ltoz\u00f3 \u00fatviszonyok k\u00f6z\u00f6tt.<\/p>\n<p>Az Icon felszerelts\u00e9gi szint erre m\u00e9g r\u00e1tesz egy lap\u00e1ttal, hiszen tov\u00e1bbi k\u00e9nyelmi \u00e9s biztons\u00e1gi extr\u00e1kat k\u00edn\u00e1l. Ide tartozik p\u00e9ld\u00e1ul a fejlettebb abroncsnyom\u00e1s-ellen\u0151rz\u0151 rendszer \u00e9s a sebess\u00e9gkorl\u00e1toz\u00f3 funkci\u00f3, amelyek f\u0151k\u00e9nt hosszabb utak vagy v\u00e1rosi haszn\u00e1lat sor\u00e1n bizonyulnak hasznosnak. Emellett opci\u00f3k\u00e9nt el\u00e9rhet\u0151 a Toyota Safety Sense csomag is, amely a modern vezet\u00e9st\u00e1mogat\u00f3 rendszerek teljes sor\u00e1t tartalmazza. Ebbe beletartozik az \u00fctk\u00f6z\u00e9s el\u0151tti v\u00e9szf\u00e9kasszisztens, a k\u00f6zleked\u00e9si t\u00e1bl\u00e1k felismer\u00e9se, a s\u00e1velhagy\u00e1sra figyelmeztet\u0151 rendszer, valamint a vezet\u0151 f\u00e1radts\u00e1g\u00e1t monitoroz\u00f3 funkci\u00f3.<\/p>\n","protected":false},"excerpt":{"rendered":"<p>K\/ar\u00e1n k\u00edv\u00fcl h\u00e1rom m\u00e1sik n\/ is megfogta Andr\u00e1st: Kriszta \u00e9s Gina kapt\u00e1k \u201eaz els\u0151 ben\/om\u00e1s\u201d kark\u00f6t\u0151j\u00e9t, miut\u00e1n \u0151k ketten keltett\u00e9k&#8230; <span class=\"gridview-grid-post-read-more\"><a href=\"https:\/\/matrend.hu\/nekedinfo\/stohl-andras-hatalmas-dramaja\/\">read more<span class=\"gridview-sr-only\"> Stohl Andr\u00e1s hatalmas dr\u00e1m\u00e1ja<\/span><\/a><\/span><\/p>\n","protected":false},"author":1,"featured_media":6117,"comment_status":"open","ping_status":"open","sticky":false,"template":"","format":"standard","meta":{"footnotes":""},"categories":[1],"tags":[],"class_list":["post-6116","post","type-post","status-publish","format-standard","has-post-thumbnail","hentry","category-egyeb","wpcat-1-id"],"_links":{"self":[{"href":"https:\/\/matrend.hu\/nekedinfo\/wp-json\/wp\/v2\/posts\/6116","targetHints":{"allow":["GET"]}}],"collection":[{"href":"https:\/\/matrend.hu\/nekedinfo\/wp-json\/wp\/v2\/posts"}],"about":[{"href":"https:\/\/matrend.hu\/nekedinfo\/wp-json\/wp\/v2\/types\/post"}],"author":[{"embeddable":true,"href":"https:\/\/matrend.hu\/nekedinfo\/wp-json\/wp\/v2\/users\/1"}],"replies":[{"embeddable":true,"href":"https:\/\/matrend.hu\/nekedinfo\/wp-json\/wp\/v2\/comments?post=6116"}],"version-history":[{"count":1,"href":"https:\/\/matrend.hu\/nekedinfo\/wp-json\/wp\/v2\/posts\/6116\/revisions"}],"predecessor-version":[{"id":6118,"href":"https:\/\/matrend.hu\/nekedinfo\/wp-json\/wp\/v2\/posts\/6116\/revisions\/6118"}],"wp:featuredmedia":[{"embeddable":true,"href":"https:\/\/matrend.hu\/nekedinfo\/wp-json\/wp\/v2\/media\/6117"}],"wp:attachment":[{"href":"https:\/\/matrend.hu\/nekedinfo\/wp-json\/wp\/v2\/media?parent=6116"}],"wp:term":[{"taxonomy":"category","embeddable":true,"href":"https:\/\/matrend.hu\/nekedinfo\/wp-json\/wp\/v2\/categories?post=6116"},{"taxonomy":"post_tag","embeddable":true,"href":"https:\/\/matrend.hu\/nekedinfo\/wp-json\/wp\/v2\/tags?post=6116"}],"curies":[{"name":"wp","href":"https:\/\/api.w.org\/{rel}","templated":true}]}}