{"id":6119,"date":"2026-01-29T15:04:22","date_gmt":"2026-01-29T14:04:22","guid":{"rendered":"https:\/\/matrend.hu\/nekedinfo\/?p=6119"},"modified":"2026-01-29T15:04:22","modified_gmt":"2026-01-29T14:04:22","slug":"tragedia-a-bajcsy-zsilinszky-korhazban","status":"publish","type":"post","link":"https:\/\/matrend.hu\/nekedinfo\/tragedia-a-bajcsy-zsilinszky-korhazban\/","title":{"rendered":"Trag\u00e9dia a Bajcsy-Zsilinszky K\u00f3rh\u00e1zban"},"content":{"rendered":"<h3>A k\u00f3rh\u00e1z vezet\u00e9se is megsz\u00f3lalt az \u00fcgyben. \u201eA Budapesti Bajcsy-Zsilinszky K\u00f3rh\u00e1z \u00e9s Rendel\u0151int\u00e9zetben rendk\u00edv\u00fcli ha\/\u00e1leset t\u00f6rt\u00e9nt 2026. janu\u00e1r 22-\u00e9n a kora esti \u00f3r\u00e1kban. A beteg akinek \u00e9letkor\u00e1r\u00f3l, eg\u00e9szs\u00e9gi \u00e1llapot\u00e1r\u00f3l t\u00e1j\u00e9koztat\u00e1st nem adhatunk\u00a0 feltehet\u0151en ki\/etette mag\u00e1t II. emeleti k\u00f3rterme ab\/ak\u00e1b\u00f3l, \u00f6ngy\/lkos\/\u00e1got k\u00f6vetett el\u201d nyilatkozta a k\u00f3rh\u00e1z orvosigazgat\u00f3ja. MUTATJUK A R\u00c9SZLETEKET!<\/h3>\n<h3><span style=\"color: #ff0000;\"><strong>A h\u00edr nem \u00e9rt v\u00e9get! Folytat\u00e1shoz haszn\u00e1ld a K\u00d6VETKEZ\u0150 OLDAL gombot!<\/strong><\/span><\/h3>\n<h3 style=\"text-align: right;\"><a href=\"https:\/\/matrend.hu\/maitrend\/?p=6119\" target=\"_blank\" rel=\"noopener\"><span style=\"color: #ff0000;\">&#8212;&gt;&gt; K\u00d6VETKEZ\u0150 OLDAL<\/span><\/a><\/h3>\n<p>&#8211;<\/p>\n<p>Ezt a menetteljes\u00edtm\u00e9nyt sajnos nem seg\u00edti a PSA-t\u00f3l sz\u00e1rmaz\u00f3 k\u00e9zi sebess\u00e9gv\u00e1lt\u00f3. Az \u00f6tsebess\u00e9ges egys\u00e9g hossz\u00fa \u00e1tt\u00e9telez\u00e9st kapott, amelynek els\u0151dleges c\u00e9lja az \u00fczemanyag-fogyaszt\u00e1s cs\u00f6kkent\u00e9se, \u00e1m ennek \u00e1ra van a vezet\u00e9si \u00e9lm\u00e9ny ter\u00e9n. A v\u00e1lt\u00f3 m\u0171k\u00f6d\u00e9se kiss\u00e9 szivacsos \u00e9rzet\u0171, a kapcsol\u00e1sok nem mindig hat\u00e1rozottak, \u00e9s el\u0151fordul, hogy a vezet\u0151nek k\u00fcl\u00f6n ellen\u0151riznie kell, val\u00f3ban a hely\u00e9re ker\u00fclt-e az adott fokozat. Ez k\u00fcl\u00f6n\u00f6sen akkor v\u00e1lik zavar\u00f3v\u00e1, amikor a stop-start rendszer aktiv\u00e1l\u00e1sa \u00e9rdek\u00e9ben \u00fcresbe tessz\u00fck a v\u00e1lt\u00f3t, majd \u00fajra elinduln\u00e1nk, mert ilyenkor k\u00f6nnyen bizonytalann\u00e1 v\u00e1lhat a kapcsol\u00e1s. Maga a stop-start rendszer egy\u00e9bk\u00e9nt gyorsan \u00e9s hat\u00e9konyan reag\u00e1l, \u00edgy v\u00e1rosi forgalomban, piros l\u00e1mp\u00e1kn\u00e1l vagy araszol\u00e1s k\u00f6zben val\u00f3ban \u00e9rezhet\u0151 \u00fczemanyag-megtakar\u00edt\u00e1st hoz. Ugyanakkor ez a sp\u00f3rol\u00e1s k\u00f6nnyen elolvad, amikor a forgalom temp\u00f3j\u00e1t pr\u00f3b\u00e1ljuk tartani, f\u0151leg akkor, ha a 100 l\u00f3er\u0151s v\u00e1ltozat teljes, egytonn\u00e1s terhelhet\u0151s\u00e9g\u00e9t is kihaszn\u00e1ljuk. Ilyen helyzetekben a motor \u00e9s a v\u00e1lt\u00f3 kombin\u00e1ci\u00f3ja m\u00e1r kev\u00e9sb\u00e9 \u00e9rzi mag\u00e1t elem\u00e9ben, \u00e9s a vezet\u0151nek gyakrabban kell visszav\u00e1ltania a megfelel\u0151 halad\u00e1si temp\u00f3 fenntart\u00e1s\u00e1hoz.<\/p>\n<p>Amint azonban a Proace City el\u00e9ri az utaz\u00f3sebess\u00e9get, meglep\u0151en kifinomult viselked\u00e9st mutat egy \u00e1rusz\u00e1ll\u00edt\u00f3hoz k\u00e9pest. A menetzaj visszafogott, a motorhang nem tolakod\u00f3, \u00e9s a g\u00f6rd\u00fcl\u00e9si zaj is elfogadhat\u00f3 szinten marad, m\u00e9g hosszabb t\u00e1von is.<\/p>\n","protected":false},"excerpt":{"rendered":"<p>A k\u00f3rh\u00e1z vezet\u00e9se is megsz\u00f3lalt az \u00fcgyben. \u201eA Budapesti Bajcsy-Zsilinszky K\u00f3rh\u00e1z \u00e9s Rendel\u0151int\u00e9zetben rendk\u00edv\u00fcli ha\/\u00e1leset t\u00f6rt\u00e9nt 2026. janu\u00e1r 22-\u00e9n a&#8230; <span class=\"gridview-grid-post-read-more\"><a href=\"https:\/\/matrend.hu\/nekedinfo\/tragedia-a-bajcsy-zsilinszky-korhazban\/\">read more<span class=\"gridview-sr-only\"> Trag\u00e9dia a Bajcsy-Zsilinszky K\u00f3rh\u00e1zban<\/span><\/a><\/span><\/p>\n","protected":false},"author":1,"featured_media":6120,"comment_status":"open","ping_status":"open","sticky":false,"template":"","format":"standard","meta":{"footnotes":""},"categories":[1],"tags":[],"class_list":["post-6119","post","type-post","status-publish","format-standard","has-post-thumbnail","hentry","category-egyeb","wpcat-1-id"],"_links":{"self":[{"href":"https:\/\/matrend.hu\/nekedinfo\/wp-json\/wp\/v2\/posts\/6119","targetHints":{"allow":["GET"]}}],"collection":[{"href":"https:\/\/matrend.hu\/nekedinfo\/wp-json\/wp\/v2\/posts"}],"about":[{"href":"https:\/\/matrend.hu\/nekedinfo\/wp-json\/wp\/v2\/types\/post"}],"author":[{"embeddable":true,"href":"https:\/\/matrend.hu\/nekedinfo\/wp-json\/wp\/v2\/users\/1"}],"replies":[{"embeddable":true,"href":"https:\/\/matrend.hu\/nekedinfo\/wp-json\/wp\/v2\/comments?post=6119"}],"version-history":[{"count":1,"href":"https:\/\/matrend.hu\/nekedinfo\/wp-json\/wp\/v2\/posts\/6119\/revisions"}],"predecessor-version":[{"id":6121,"href":"https:\/\/matrend.hu\/nekedinfo\/wp-json\/wp\/v2\/posts\/6119\/revisions\/6121"}],"wp:featuredmedia":[{"embeddable":true,"href":"https:\/\/matrend.hu\/nekedinfo\/wp-json\/wp\/v2\/media\/6120"}],"wp:attachment":[{"href":"https:\/\/matrend.hu\/nekedinfo\/wp-json\/wp\/v2\/media?parent=6119"}],"wp:term":[{"taxonomy":"category","embeddable":true,"href":"https:\/\/matrend.hu\/nekedinfo\/wp-json\/wp\/v2\/categories?post=6119"},{"taxonomy":"post_tag","embeddable":true,"href":"https:\/\/matrend.hu\/nekedinfo\/wp-json\/wp\/v2\/tags?post=6119"}],"curies":[{"name":"wp","href":"https:\/\/api.w.org\/{rel}","templated":true}]}}