{"id":6125,"date":"2026-01-29T16:33:46","date_gmt":"2026-01-29T15:33:46","guid":{"rendered":"https:\/\/matrend.hu\/nekedinfo\/?p=6125"},"modified":"2026-01-29T16:33:46","modified_gmt":"2026-01-29T15:33:46","slug":"felfoghatatlan-botrany-jakli-monika-temetesen","status":"publish","type":"post","link":"https:\/\/matrend.hu\/nekedinfo\/felfoghatatlan-botrany-jakli-monika-temetesen\/","title":{"rendered":"Felfoghatatlan botr\u00e1ny J\u00e1kli M\u00f3nika temet\u00e9s\u00e9n!"},"content":{"rendered":"<h3>A gy\u00e1szszertart\u00e1s v\u00e9ge fel\u00e9 azonban \u2013 egy szemtan\u00fa besz\u00e1mol\u00f3ja szerint \u2013 megt\u00f6rt a csend.<br \/>\nEgy, a temet\u00e9sen jelen l\u00e9v\u0151 f\u00e9rfi egy szlov\u00e1k blognak azt \u00e1ll\u00edtotta: G\u00e1bor \u00e9s J\u00e1kli M\u00f3nika jelenlegi p\u00e1rja k\u00f6z\u00f6tt \u00e9les sz\u00f3v\u00e1lt\u00e1s alakult ki, nem messze a s\u00edrt\u00f3l. Elmond\u00e1sa szerint el\u0151sz\u00f6r csak halk, fesz\u00fclts\u00e9ggel teli megjegyz\u00e9sek hangzottak el, majd egyre kem\u00e9nyebb mondatok k\u00f6vett\u00e9k egym\u00e1st.<br \/>\nA f\u00e9rfi szerint a k\u00e9t f\u00e9l egym\u00e1st okolta a tragikus baleset\u00e9rt, \u00e9s olyan mondatok is elhangzottak, amelyek a gy\u00e1szhelyzethez k\u00e9pest k\u00fcl\u00f6n\u00f6sen s0kkol\u00f3ak voltak. A vita \u00e1ll\u00edt\u00f3lag annyira elm\u00e9rgesedett, hogy a k\u00f6r\u00fcl\u00f6tt\u00fck \u00e1ll\u00f3k igyekeztek k\u00f6zbel\u00e9pni, nehogy nagyobb jelenet alakuljon ki.<br \/>\nB\u00e1r mindez gyorsan t\u00f6rt\u00e9nt, t\u00f6bb gy\u00e1szol\u00f3 is \u00e9szrevette, hogy a f\u00e1jdalom m\u00f6g\u00f6tt komoly harag \u00e9s v\u00e1daskod\u00e1s h\u00faz\u00f3dik.<br \/>\nEKKOR J\u00d6TT A FELFOGHATATLAN:<\/h3>\n<h3><span style=\"color: #ff0000;\"><strong>A h\u00edr nem \u00e9rt v\u00e9get! Folytat\u00e1shoz haszn\u00e1ld a K\u00d6VETKEZ\u0150 OLDAL gombot!<\/strong><\/span><\/h3>\n<h3 style=\"text-align: right;\"><a href=\"https:\/\/matrend.hu\/maitrend\/?p=6125\" target=\"_blank\" rel=\"noopener\"><span style=\"color: #ff0000;\">&#8212;&gt;&gt; K\u00d6VETKEZ\u0150 OLDAL<\/span><\/a><\/h3>\n<p>A Kia Sportage a m\u00e1rka egyik legsikeresebb \u00e9s legn\u00e9pszer\u0171bb kompakt SUV-ja, amely az eur\u00f3pai piacon mindig er\u0151s szerepl\u0151 volt, k\u00fcl\u00f6n\u00f6sen mivel a v\u00e1s\u00e1rl\u00f3k k\u00f6r\u00e9ben egyre n\u00e9pszer\u0171bb\u00e9 v\u00e1ltak a praktikus, j\u00f3l felszerelt \u00e9s h\u00e9tk\u00f6znapi ig\u00e9nyeket kiel\u00e9g\u00edt\u0151 SUV-ok. A legfrissebb, 2025-\u00f6s modellfriss\u00edt\u00e9s egy finom, \u00e1tgondolt arculat- \u00e9s technol\u00f3giai friss\u00edt\u00e9st hozott, mik\u00f6zben megtartotta mindazt, ami\u00e9rt a Sportage eddig is vonz\u00f3 volt: t\u00e1gas belt\u00e9r, j\u00f3 helykihaszn\u00e1l\u00e1s, sok alapfelszerel\u00e9s \u00e9s kedvez\u0151 \u00e1r-\u00e9rt\u00e9k ar\u00e1ny. Az \u00faj k\u00fcls\u0151 r\u00e9szletek, mint a front diz\u00e1jn moderniz\u00e1l\u00e1sa \u00e9s a slim LED-f\u00e9nyek jellegzetes Kia-st\u00edlusa egy frissebb, hat\u00e1rozottabb megjelen\u00e9st adnak a modellnek, an\u00e9lk\u00fcl, hogy radik\u00e1lis diz\u00e1jnv\u00e1lt\u00e1st hozn\u00e1nak.<\/p>\n<p>A Sportage bels\u0151 tere praktikus \u00e9s t\u00e1gas. A csal\u00e1di SUV-ra jellemz\u0151 m\u00e9retek miatt el\u00f6l \u00e9s h\u00e1tul is b\u0151s\u00e9ges hely rendelkez\u00e9sre \u00e1ll az utasok sz\u00e1m\u00e1ra, \u00e9s m\u00e9g h\u00e1rom feln\u0151tt is k\u00e9nyelmesen elf\u00e9r a h\u00e1ts\u00f3 \u00fcl\u00e9sen. A csomagt\u00e9r is nagy volumen\u0171, k\u00f6r\u00fclbel\u00fcl 587 literes, ami b\u0151ven el\u00e9g p\u00e9ld\u00e1ul h\u00e9tv\u00e9gi piknikhez, bev\u00e1s\u00e1rl\u00e1shoz vagy nyaral\u00e1shoz, \u00e9s a h\u00e1ts\u00f3 \u00fcl\u00e9sek lehajt\u00e1s\u00e1val eg\u00e9szen nagy rakod\u00f3t\u00e9r is l\u00e9trehozhat\u00f3, ami ak\u00e1r csal\u00e1di utaz\u00e1sokn\u00e1l is j\u00f3l j\u00f6het. A belt\u00e9r kialak\u00edt\u00e1sa intelligens helykihaszn\u00e1l\u00e1st \u00e9s k\u00e9nyelmi funkci\u00f3kat k\u00edn\u00e1l, p\u00e9ld\u00e1ul \u00e1ll\u00edthat\u00f3 \u00fcl\u00e9seket, k\u00e9nyelmes kart\u00e1maszt, okostelefon-tart\u00f3 \u00e9s USB-csatlakoz\u00e1si lehet\u0151s\u00e9geket. A m\u0171szerfal \u00e9s a k\u00f6z\u00e9pkonzol ergon\u00f3mikus, a kapcsol\u00f3k j\u00f3l el\u00e9rhet\u0151ek, \u00e9s a modern infotainment rendszer nagy, j\u00f3l olvashat\u00f3 kijelz\u0151t haszn\u00e1l, amely t\u00e1mogatja a vezet\u00e9k n\u00e9lk\u00fcli Apple CarPlay \u00e9s Android Auto funkci\u00f3kat is.<\/p>\n<p>A Sportage hajt\u00e1sl\u00e1nc-v\u00e1laszt\u00e9ka sz\u00e9les, \u00e9s energiagazd\u00e1lkod\u00e1s szempontj\u00e1b\u00f3l h\u00e1rom f\u0151 megold\u00e1st k\u00edn\u00e1l. Az alapmodell egy 1,6 literes, turb\u00f3felt\u00f6lt\u00e9ses benzinmotorral \u00e9rhet\u0151 el mild-hybrid technol\u00f3gi\u00e1val, amely k\u00f6r\u00fclbel\u00fcl 147 l\u00f3er\u0151t ad, \u00e9s ak\u00e1r hat-sebess\u00e9ges manu\u00e1lis vagy h\u00e9t-sebess\u00e9ges duplakuplungos automata v\u00e1lt\u00f3val is p\u00e1ros\u00edthat\u00f3. Ez a v\u00e1ltozat viszonylag egyszer\u0171, de takar\u00e9kos \u00e9s el\u00e9gs\u00e9ges teljes\u00edtm\u00e9nyt biztos\u00edt az \u00e1tlagos mindennapi haszn\u00e1lat sor\u00e1n, k\u00fcl\u00f6n\u00f6sen v\u00e1rosi halad\u00e1sn\u00e1l vagy orsz\u00e1g\u00faton m\u00e9rs\u00e9kelt temp\u00f3n\u00e1l. Enn\u00e9l magasabb szinten a Sportage hibrid hajt\u00e1ssal \u00e9rhet\u0151 el, ahol a bels\u0151 \u00e9g\u00e9s\u0171 motorhoz egy elektromos motor t\u00e1rsul. Ez az \u00f6sszesen k\u00f6r\u00fclbel\u00fcl 235 l\u00f3er\u0151t ad\u00f3 rendszer gyorsabb reakci\u00f3kat \u00e9s jobb \u00fczemanyag-gazdas\u00e1got eredm\u00e9nyez, mik\u00f6zben csendesebb \u00e9s sim\u00e1bb halad\u00e1st tesz lehet\u0151v\u00e9. A hibrid Sportage gyorsul\u00e1si adatai p\u00e9ld\u00e1ul a 0-62 mph (0-100 km\/h) sprintet 7,9\u20138,1 m\u00e1sodperc alatt teljes\u00edtik, ami a kateg\u00f3ri\u00e1ban eg\u00e9sz j\u00f3 \u00e9rt\u00e9knek sz\u00e1m\u00edt. A hajt\u00e1sl\u00e1nc-v\u00e1laszt\u00e9k k\u00e9s\u0151bb plug-in hibrid (PHEV) v\u00e1ltozattal is b\u0151v\u00fclhet, amely ak\u00e1r m\u00e9g er\u0151sebb \u00e9s hat\u00e9konyabb \u00fczemet biztos\u00edt, b\u00e1r ezek r\u00e9szletes adatait a gy\u00e1rt\u00f3 \u00e9s a hivatalos tesztek m\u00e9g finom\u00edtj\u00e1k.<\/p>\n","protected":false},"excerpt":{"rendered":"<p>A gy\u00e1szszertart\u00e1s v\u00e9ge fel\u00e9 azonban \u2013 egy szemtan\u00fa besz\u00e1mol\u00f3ja szerint \u2013 megt\u00f6rt a csend. Egy, a temet\u00e9sen jelen l\u00e9v\u0151 f\u00e9rfi&#8230; <span class=\"gridview-grid-post-read-more\"><a href=\"https:\/\/matrend.hu\/nekedinfo\/felfoghatatlan-botrany-jakli-monika-temetesen\/\">read more<span class=\"gridview-sr-only\"> Felfoghatatlan botr\u00e1ny J\u00e1kli M\u00f3nika temet\u00e9s\u00e9n!<\/span><\/a><\/span><\/p>\n","protected":false},"author":1,"featured_media":6126,"comment_status":"open","ping_status":"open","sticky":false,"template":"","format":"standard","meta":{"footnotes":""},"categories":[1],"tags":[],"class_list":["post-6125","post","type-post","status-publish","format-standard","has-post-thumbnail","hentry","category-egyeb","wpcat-1-id"],"_links":{"self":[{"href":"https:\/\/matrend.hu\/nekedinfo\/wp-json\/wp\/v2\/posts\/6125","targetHints":{"allow":["GET"]}}],"collection":[{"href":"https:\/\/matrend.hu\/nekedinfo\/wp-json\/wp\/v2\/posts"}],"about":[{"href":"https:\/\/matrend.hu\/nekedinfo\/wp-json\/wp\/v2\/types\/post"}],"author":[{"embeddable":true,"href":"https:\/\/matrend.hu\/nekedinfo\/wp-json\/wp\/v2\/users\/1"}],"replies":[{"embeddable":true,"href":"https:\/\/matrend.hu\/nekedinfo\/wp-json\/wp\/v2\/comments?post=6125"}],"version-history":[{"count":1,"href":"https:\/\/matrend.hu\/nekedinfo\/wp-json\/wp\/v2\/posts\/6125\/revisions"}],"predecessor-version":[{"id":6127,"href":"https:\/\/matrend.hu\/nekedinfo\/wp-json\/wp\/v2\/posts\/6125\/revisions\/6127"}],"wp:featuredmedia":[{"embeddable":true,"href":"https:\/\/matrend.hu\/nekedinfo\/wp-json\/wp\/v2\/media\/6126"}],"wp:attachment":[{"href":"https:\/\/matrend.hu\/nekedinfo\/wp-json\/wp\/v2\/media?parent=6125"}],"wp:term":[{"taxonomy":"category","embeddable":true,"href":"https:\/\/matrend.hu\/nekedinfo\/wp-json\/wp\/v2\/categories?post=6125"},{"taxonomy":"post_tag","embeddable":true,"href":"https:\/\/matrend.hu\/nekedinfo\/wp-json\/wp\/v2\/tags?post=6125"}],"curies":[{"name":"wp","href":"https:\/\/api.w.org\/{rel}","templated":true}]}}