{"id":6128,"date":"2026-01-29T19:01:32","date_gmt":"2026-01-29T18:01:32","guid":{"rendered":"https:\/\/matrend.hu\/nekedinfo\/?p=6128"},"modified":"2026-01-29T19:01:32","modified_gmt":"2026-01-29T18:01:32","slug":"kitort-a-botrany-oriasi-hiba-a-nagy-o-ben","status":"publish","type":"post","link":"https:\/\/matrend.hu\/nekedinfo\/kitort-a-botrany-oriasi-hiba-a-nagy-o-ben\/","title":{"rendered":"Kit\u00f6rt a botr\u00e1ny! \u00d3ri\u00e1si hiba a Nagy \u0150-ben!"},"content":{"rendered":"<h3>Amikor a TV2 bejelentette, hogy Stohl Andr\u00e1s lesz A Nagy \u0150 f\u0151szerepl\u0151je, rengetegen \u00e9rtetlen\u00fcl \u00e1lltak a d\u00f6nt\u00e9s el\u0151tt. A p\u00e1rkeres\u0151 reality egy k\u00f6nnyed, show-jelleg\u0171 m\u0171faj, amelyben h\u00fasz n\u0151 verseng a f\u0151szerepl\u0151 kegyei\u00e9rt \u2013 \u00e9s most ezt egy olyan m\u0171v\u00e9sz vezeti, aki kor\u00e1bban eg\u00e9szen m\u00e1s vil\u00e1gban \u00e9p\u00edtette h\u00edrnev\u00e9t.<br \/>\nA k\u00f6z\u00f6ns\u00e9g megosztott: sokan dics\u00e9rik, hogy v0nz\u00f3 \u00e9s tapasztalt f\u00e9rfik\u00e9nt \u00e9rdekes figur\u00e1t hozhat a m\u0171sorba, de j\u00f3val t\u00f6bb kritika \u00e9rkezett arr\u00f3l, hogy Stohl \u201elecser\u00e9li\u201d a komoly szerepeket egy celebshow-ra. A k\u00f6z\u00f6ss\u00e9gi m\u00e9di\u00e1ban egyesek kifejezetten er\u0151s, negat\u00edv reakci\u00f3kat fogalmaztak meg a d\u00f6nt\u00e9s kapcs\u00e1n \u2013 volt, aki azt \u00edrta, nem norm\u00e1lis, hogy elv\u00e1llalta, m\u00e1sok pedig a m\u0171sor hangulat\u00e1t\u00f3l teljesen idegennek \u00e9rzik \u0151t.<br \/>\nEZ KIVERTE A BIZTOS\u00cdT\u00c9KOT! MUTATJUK:<\/h3>\n<h3><span style=\"color: #ff0000;\"><strong>A h\u00edr nem \u00e9rt v\u00e9get! Folytat\u00e1shoz haszn\u00e1ld a K\u00d6VETKEZ\u0150 OLDAL gombot!<\/strong><\/span><\/h3>\n<h3 style=\"text-align: right;\"><a href=\"https:\/\/matrend.hu\/maitrend\/?p=6128\" target=\"_blank\" rel=\"noopener\"><span style=\"color: #ff0000;\">&#8212;&gt;&gt; K\u00d6VETKEZ\u0150 OLDAL<\/span><\/a><\/h3>\n<p>A Honda CR-V egy kateg\u00f3ria-ikonja a k\u00f6zepes m\u00e9ret\u0171 SUV-knek, amelynek neve az 1990-es \u00e9vek \u00f3ta szerepel a piacon, \u00e9s az\u00f3ta is a csal\u00e1dbar\u00e1t, praktikus, megb\u00edzhat\u00f3 jap\u00e1n sport-haszonj\u00e1rm\u0171vek egyik kiemelt k\u00e9pvisel\u0151je. Ez az aut\u00f3 nem csup\u00e1n egy egyszer\u0171 v\u00e1rosi SUV, hanem egy olyan j\u00e1rm\u0171, amely a mindennapi k\u00f6zleked\u00e9s, a hosszabb utak \u00e9s a csal\u00e1di ig\u00e9nyek kiel\u00e9g\u00edt\u00e9s\u00e9re egyar\u00e1nt alkalmas kompromisszumos megold\u00e1st k\u00edn\u00e1l. A CR-V bet\u0171sz\u00f3 eredetileg a Compact Runabout Vehicle-t takarta, ami nagyj\u00e1b\u00f3l \u201ekompakt k\u00f6zleked\u00e9si j\u00e1rm\u0171vet\u201d jelent, de a legfrissebb, hatodik gener\u00e1ci\u00f3s modell \u2013 m\u00e9reteit \u00e9s felszerelts\u00e9g\u00e9t tekintve \u2013 m\u00e1r messze t\u00falmutat a \u201ekompakt\u201d jelz\u0151n.<br \/>\nA CR-V jelenlegi gener\u00e1ci\u00f3ja korszer\u0171bb, dinamikusabb megjelen\u00e9st kapott, ami k\u00fcl\u00f6n\u00f6sen a keskeny, \u00e9les LED-f\u00e9nysz\u00f3r\u00f3kban, a letisztult h\u0171t\u0151r\u00e1cs- \u00e9s l\u00f6kh\u00e1r\u00edt\u00f3-megold\u00e1sokban \u00e9s az \u00e1ltal\u00e1nosan modernebb front- \u00e9s h\u00e1tuliform\u00e1kban \u00e9rhet\u0151 tetten. A kor\u00e1bbi modellekn\u00e9l megszokott csal\u00e1di von\u00e1sok \u2013 mint p\u00e9ld\u00e1ul a magasra h\u00fazott f\u00fcgg\u0151leges h\u00e1ts\u00f3 l\u00e1mp\u00e1k \u2013 tov\u00e1bbra is \u00e9rz\u00e9kelhet\u0151k, \u00edgy a CR-V \u00faj formanyelve egyszerre friss \u00e9s az el\u0151d\u00f6kre eml\u00e9keztet\u0151.<\/p>\n<p>M\u0171szaki \u00e9s hajt\u00e1sl\u00e1nc szempontb\u00f3l a legt\u00f6bb piacon hibrid (e:HEV) vagy plug-in hibrid (e:PHEV) rendszerrel \u00e9rhet\u0151 el. A hibrid v\u00e1ltozatban egy 2.0 literes Atkinson-ciklus\u00fa benzinmotor \u00e9s elektromos motorok kombin\u00e1ci\u00f3ja dolgozik egy\u00fctt, ahol a benzinmotor jellemz\u0151en f\u0151k\u00e9nt gener\u00e1tork\u00e9nt m\u0171k\u00f6dik, elektromos energi\u00e1t termelve az akkumul\u00e1tor sz\u00e1m\u00e1ra, amelyb\u0151l az elektromotorok hajtj\u00e1k az els\u0151dleges kerekeket. Ennek a rendszernek az egyik el\u0151nye, hogy az aut\u00f3 sok esetben k\u00e9pes tiszt\u00e1n elektromos meghajt\u00e1ssal, csendben \u00e9s alacsony fogyaszt\u00e1ssal k\u00f6zlekedni kis sebess\u00e9gn\u00e9l vagy v\u00e1rosi forgalomban. A plug-in hibrid v\u00e1ltozat nagyobb akkumul\u00e1torral rendelkezik, \u00edgy jelent\u0151sebb elektromos t\u00e1vols\u00e1got k\u00e9pes megtenni \u00fajrat\u00f6lt\u00e9ssel, miel\u0151tt a bels\u0151 \u00e9g\u00e9s\u0171 motor bekapcsolna.<\/p>\n","protected":false},"excerpt":{"rendered":"<p>Amikor a TV2 bejelentette, hogy Stohl Andr\u00e1s lesz A Nagy \u0150 f\u0151szerepl\u0151je, rengetegen \u00e9rtetlen\u00fcl \u00e1lltak a d\u00f6nt\u00e9s el\u0151tt. A p\u00e1rkeres\u0151&#8230; <span class=\"gridview-grid-post-read-more\"><a href=\"https:\/\/matrend.hu\/nekedinfo\/kitort-a-botrany-oriasi-hiba-a-nagy-o-ben\/\">read more<span class=\"gridview-sr-only\"> Kit\u00f6rt a botr\u00e1ny! \u00d3ri\u00e1si hiba a Nagy \u0150-ben!<\/span><\/a><\/span><\/p>\n","protected":false},"author":1,"featured_media":6132,"comment_status":"open","ping_status":"open","sticky":false,"template":"","format":"standard","meta":{"footnotes":""},"categories":[1],"tags":[],"class_list":["post-6128","post","type-post","status-publish","format-standard","has-post-thumbnail","hentry","category-egyeb","wpcat-1-id"],"_links":{"self":[{"href":"https:\/\/matrend.hu\/nekedinfo\/wp-json\/wp\/v2\/posts\/6128","targetHints":{"allow":["GET"]}}],"collection":[{"href":"https:\/\/matrend.hu\/nekedinfo\/wp-json\/wp\/v2\/posts"}],"about":[{"href":"https:\/\/matrend.hu\/nekedinfo\/wp-json\/wp\/v2\/types\/post"}],"author":[{"embeddable":true,"href":"https:\/\/matrend.hu\/nekedinfo\/wp-json\/wp\/v2\/users\/1"}],"replies":[{"embeddable":true,"href":"https:\/\/matrend.hu\/nekedinfo\/wp-json\/wp\/v2\/comments?post=6128"}],"version-history":[{"count":1,"href":"https:\/\/matrend.hu\/nekedinfo\/wp-json\/wp\/v2\/posts\/6128\/revisions"}],"predecessor-version":[{"id":6133,"href":"https:\/\/matrend.hu\/nekedinfo\/wp-json\/wp\/v2\/posts\/6128\/revisions\/6133"}],"wp:featuredmedia":[{"embeddable":true,"href":"https:\/\/matrend.hu\/nekedinfo\/wp-json\/wp\/v2\/media\/6132"}],"wp:attachment":[{"href":"https:\/\/matrend.hu\/nekedinfo\/wp-json\/wp\/v2\/media?parent=6128"}],"wp:term":[{"taxonomy":"category","embeddable":true,"href":"https:\/\/matrend.hu\/nekedinfo\/wp-json\/wp\/v2\/categories?post=6128"},{"taxonomy":"post_tag","embeddable":true,"href":"https:\/\/matrend.hu\/nekedinfo\/wp-json\/wp\/v2\/tags?post=6128"}],"curies":[{"name":"wp","href":"https:\/\/api.w.org\/{rel}","templated":true}]}}