{"id":6569,"date":"2026-03-05T09:29:15","date_gmt":"2026-03-05T08:29:15","guid":{"rendered":"https:\/\/matrend.hu\/nekedinfo\/?p=6569"},"modified":"2026-03-05T09:29:15","modified_gmt":"2026-03-05T08:29:15","slug":"nem-turnek-tovabb-hatalmas-tomegben-vonulnak","status":"publish","type":"post","link":"https:\/\/matrend.hu\/nekedinfo\/nem-turnek-tovabb-hatalmas-tomegben-vonulnak\/","title":{"rendered":"Nem t\u0171rnek tov\u00e1bb! Hatalmas t\u00f6megben vonulnak"},"content":{"rendered":"<h3>Az u\/r\u00e1n vezet\u00e9s c\u00e9lja, hogy az energia\/\u00e1osz k\u00f6vetkezt\u00e9ben megbukjon a jelenlegi nemzeti korm\u00e1ny, \u00e9s a hely\u00e9be egy u\/r\u00e1n- \u00e9s h\u00e1b\/r\u00fap\u00e1rti korm\u00e1ny l\u00e9pjen. Erre szemelt\u00e9k ki a Tisza P\u00e1rtot. A t\u00f6bb h\u00f3napja tart\u00f3 politikai zsa\/ol\u00e1snak egyre s\u00falyosabb k\u00f6vetkezm\u00e9nyei vannak v\u00e9gk\u00e9pp az i\/\u00e1ni h\u00e1\/or\u00fa \u00e1rny\u00e9k\u00e1ban. A Nemzeti Ellen\u00e1ll\u00e1s Mozgalom ez\u00e9rt el\u00e9rkezettnek \u00e9rezte az idej\u00e9t, hogy egy t\u00fcntet\u00e9s keret\u00e9ben meg\u00e1lljt parancsoljanak K\/jev \u00e1mok\/ut\u00e1s\u00e1nak. MUTATJUK A R\u00c9SZLETEKET!<\/h3>\n<h3><span style=\"color: #ff0000;\"><strong>A h\u00edr nem \u00e9rt v\u00e9get! Folytat\u00e1shoz haszn\u00e1ld a K\u00d6VETKEZ\u0150 OLDAL gombot!<\/strong><\/span><\/h3>\n<h3 style=\"text-align: right;\"><a href=\"https:\/\/matrend.hu\/maitrend\/?p=6574\" target=\"_blank\" rel=\"noopener\"><span style=\"color: #ff0000;\">&#8212;&gt;&gt; K\u00d6VETKEZ\u0150 OLDAL<\/span><\/a><\/h3>\n<p>&#8211;<\/p>\n<p>A Citro\u00ebn e-C4 X elektromos hajt\u00e1sl\u00e1nca \u00e9s akkumul\u00e1tortechnol\u00f3gi\u00e1ja megegyezik t\u00f6bb m\u00e1s elektromos modellel, amelyek a Stellantis csoport Peugeot, Citro\u00ebn \u00e9s Vauxhall m\u00e1rk\u00e1i alatt k\u00e9sz\u00fclnek. Ez azt jelenti, hogy a modell k\u00e9tf\u00e9le motor- \u00e9s akkumul\u00e1tor-v\u00e1ltozattal \u00e9rhet\u0151 el.<\/p>\n<p>Az alapv\u00e1ltozat egy 134 l\u00f3er\u0151s villanymotort kapott, amely 260 Nm nyomat\u00e9kot biztos\u00edt. Ezzel a teljes\u00edtm\u00e9nnyel az aut\u00f3 0-r\u00f3l 100 km\/h-ra k\u00f6r\u00fclbel\u00fcl 10,0 m\u00e1sodperc alatt gyorsul fel, v\u00e9gsebess\u00e9ge pedig nagyj\u00e1b\u00f3l 150 km\/h. Ez a konfigur\u00e1ci\u00f3 els\u0151sorban azoknak k\u00e9sz\u00fclt, akik egy k\u00e9nyelmes, csendes \u00e9s gazdas\u00e1gos elektromos aut\u00f3t keresnek mindennapi haszn\u00e1latra, \u00e9s nem felt\u00e9tlen\u00fcl a sportos gyorsul\u00e1s az els\u0151dleges szempont sz\u00e1mukra.<\/p>\n<p>A k\u00edn\u00e1latban azonban el\u00e9rhet\u0151 egy er\u0151sebb v\u00e1ltozat is, amely tov\u00e1bbi 20 l\u00f3er\u0151vel nagyobb teljes\u00edtm\u00e9nyt ny\u00fajt. Ez a verzi\u00f3 154 l\u00f3er\u0151s villanymotort haszn\u00e1l, amely valamivel \u00e9l\u00e9nkebb gyorsul\u00e1st biztos\u00edt: a 0-100 km\/h gyorsul\u00e1s ideje 9,3 m\u00e1sodpercre cs\u00f6kken. A v\u00e9gsebess\u00e9g azonban enn\u00e9l a v\u00e1ltozatn\u00e1l sem v\u00e1ltozik, tov\u00e1bbra is k\u00f6r\u00fclbel\u00fcl 150 km\/h k\u00f6r\u00fcl alakul. A k\u00fcl\u00f6nbs\u00e9g ink\u00e1bb a gyorsul\u00e1s rugalmass\u00e1g\u00e1ban \u00e9s a dinamikusabb vezet\u00e9si \u00e9lm\u00e9nyben \u00e9rezhet\u0151.<\/p>\n","protected":false},"excerpt":{"rendered":"<p>Az u\/r\u00e1n vezet\u00e9s c\u00e9lja, hogy az energia\/\u00e1osz k\u00f6vetkezt\u00e9ben megbukjon a jelenlegi nemzeti korm\u00e1ny, \u00e9s a hely\u00e9be egy u\/r\u00e1n- \u00e9s h\u00e1b\/r\u00fap\u00e1rti&#8230; <span class=\"gridview-grid-post-read-more\"><a href=\"https:\/\/matrend.hu\/nekedinfo\/nem-turnek-tovabb-hatalmas-tomegben-vonulnak\/\">read more<span class=\"gridview-sr-only\"> Nem t\u0171rnek tov\u00e1bb! Hatalmas t\u00f6megben vonulnak<\/span><\/a><\/span><\/p>\n","protected":false},"author":1,"featured_media":6570,"comment_status":"open","ping_status":"open","sticky":false,"template":"","format":"standard","meta":{"footnotes":""},"categories":[1],"tags":[],"class_list":["post-6569","post","type-post","status-publish","format-standard","has-post-thumbnail","hentry","category-egyeb","wpcat-1-id"],"_links":{"self":[{"href":"https:\/\/matrend.hu\/nekedinfo\/wp-json\/wp\/v2\/posts\/6569","targetHints":{"allow":["GET"]}}],"collection":[{"href":"https:\/\/matrend.hu\/nekedinfo\/wp-json\/wp\/v2\/posts"}],"about":[{"href":"https:\/\/matrend.hu\/nekedinfo\/wp-json\/wp\/v2\/types\/post"}],"author":[{"embeddable":true,"href":"https:\/\/matrend.hu\/nekedinfo\/wp-json\/wp\/v2\/users\/1"}],"replies":[{"embeddable":true,"href":"https:\/\/matrend.hu\/nekedinfo\/wp-json\/wp\/v2\/comments?post=6569"}],"version-history":[{"count":1,"href":"https:\/\/matrend.hu\/nekedinfo\/wp-json\/wp\/v2\/posts\/6569\/revisions"}],"predecessor-version":[{"id":6571,"href":"https:\/\/matrend.hu\/nekedinfo\/wp-json\/wp\/v2\/posts\/6569\/revisions\/6571"}],"wp:featuredmedia":[{"embeddable":true,"href":"https:\/\/matrend.hu\/nekedinfo\/wp-json\/wp\/v2\/media\/6570"}],"wp:attachment":[{"href":"https:\/\/matrend.hu\/nekedinfo\/wp-json\/wp\/v2\/media?parent=6569"}],"wp:term":[{"taxonomy":"category","embeddable":true,"href":"https:\/\/matrend.hu\/nekedinfo\/wp-json\/wp\/v2\/categories?post=6569"},{"taxonomy":"post_tag","embeddable":true,"href":"https:\/\/matrend.hu\/nekedinfo\/wp-json\/wp\/v2\/tags?post=6569"}],"curies":[{"name":"wp","href":"https:\/\/api.w.org\/{rel}","templated":true}]}}