{"id":6572,"date":"2026-03-05T10:51:42","date_gmt":"2026-03-05T09:51:42","guid":{"rendered":"https:\/\/matrend.hu\/nekedinfo\/?p=6572"},"modified":"2026-03-05T10:51:42","modified_gmt":"2026-03-05T09:51:42","slug":"friss-elelmiszer-utalvany-erkezik-ujra-a-nyugdijasoknak","status":"publish","type":"post","link":"https:\/\/matrend.hu\/nekedinfo\/friss-elelmiszer-utalvany-erkezik-ujra-a-nyugdijasoknak\/","title":{"rendered":"Friss! \u00c9lelmiszer-utalv\u00e1ny \u00e9rkezik \u00fajra a nyugd\u00edjasoknak"},"content":{"rendered":"<h3>Aki \u00e9rintett, \u00e9rdemes figyelni a hat\u00e1rid\u0151kre \u2013 mert a seg\u00edts\u00e9g most t\u00e9nyleg ott van az asztalon, csak le kell \u00e9rte hajolni. Online ig\u00e9nyl\u00e9s (m\u00e1rcius 2. \u2013 \u00e1prilis 7.)A legk\u00e9nyelmesebb megold\u00e1s a hivatalos ker\u00fcleti mobilalkalmaz\u00e1son kereszt\u00fcl t\u00f6rt\u00e9n\u0151 ig\u00e9nyl\u00e9s, amely gyors \u00e9s egyszer\u0171 \u00fcgyint\u00e9z\u00e9st tesz lehet\u0151v\u00e9.<\/h3>\n<h3>Szem\u00e9lyes \u00e1tv\u00e9tel (m\u00e1rcius 23. \u2013 m\u00e1rcius 28.)Azok sz\u00e1m\u00e1ra, akik nem haszn\u00e1lnak okostelefont vagy nem szeretn\u00e9nek online \u00fcgyint\u00e9zni, szem\u00e9lyes \u00e1tv\u00e9telre is van lehet\u0151s\u00e9g. Az utalv\u00e1nyokat ebben az id\u0151szakban kialak\u00edtott \u00e1tv\u00e9teli pontokon lehet \u00e1tvenni. MUTATJUK A R\u00c9SZLETEKET!<\/h3>\n<h3><span style=\"color: #ff0000;\"><strong>A h\u00edr nem \u00e9rt v\u00e9get! Folytat\u00e1shoz haszn\u00e1ld a K\u00d6VETKEZ\u0150 OLDAL gombot!<\/strong><\/span><\/h3>\n<h3 style=\"text-align: right;\"><a href=\"https:\/\/matrend.hu\/maitrend\/?p=6577\" target=\"_blank\" rel=\"noopener\"><span style=\"color: #ff0000;\">&#8212;&gt;&gt; K\u00d6VETKEZ\u0150 OLDAL<\/span><\/a><\/h3>\n<p>&#8211;<\/p>\n<p>B\u00e1r ez n\u00e9mi kompromisszumot jelent, a jobb hozz\u00e1f\u00e9rhet\u0151s\u00e9g sok felhaszn\u00e1l\u00f3 sz\u00e1m\u00e1ra b\u0151ven meg\u00e9ri a kisebb teherb\u00edr\u00e1s cs\u00f6kken\u00e9st.<\/p>\n<p>A Kia teljes\u00edtm\u00e9nye ezen a t\u00e9ren meglehet\u0151sen k\u00f6zel \u00e1ll a modell\u00e9hez, amely nagyj\u00e1b\u00f3l 595 \u00e9s 712 kilogramm k\u00f6z\u00f6tti terhel\u00e9st k\u00e9pes sz\u00e1ll\u00edtani. Ez azt jelenti, hogy a k\u00e9t modell hasonl\u00f3 kateg\u00f3ri\u00e1ban versenyez, \u00e9s els\u0151sorban v\u00e1rosi \u00e1rusz\u00e1ll\u00edt\u00e1sra, kisebb logisztikai feladatokra vagy szolg\u00e1ltat\u00f3i munk\u00e1kra ide\u00e1lisak. Azonban ha a maxim\u00e1lis teherb\u00edr\u00e1s a legfontosabb szempont, akkor a Ford E-Transit Custom jelent\u0151s el\u0151nnyel rendelkezik, hiszen ak\u00e1r 1135 kilogramm rakom\u00e1nyt is k\u00e9pes elvinni. Ez m\u00e1r egy m\u00e1sik szintet k\u00e9pvisel a kateg\u00f3ri\u00e1ban. S\u0151t, a Farizon SV m\u00e9g enn\u00e9l is nagyobb teherb\u00edr\u00e1ssal b\u00fcszk\u00e9lkedhet, amely ak\u00e1r 1350 kilogrammig terjedhet, \u00edgy a nehezebb rakom\u00e1nyok sz\u00e1ll\u00edt\u00e1s\u00e1ra is alkalmasabb.<\/p>\n<p>Amennyiben azonban valaki be\u00e9ri szer\u00e9nyebb teherb\u00edr\u00e1ssal, \u00e9s fontos sz\u00e1m\u00e1ra a k\u00f6nny\u0171 rakod\u00e1s, akkor a Kia PV5 Cargo 419 millim\u00e9ter magas h\u00e1ts\u00f3 rakod\u00f3pereme kifejezetten vonz\u00f3 lehet. Ez a viszonylag alacsony rakod\u00e1si magass\u00e1g jelent\u0151sen megk\u00f6nny\u00edti a be- \u00e9s kirakod\u00e1st, k\u00fcl\u00f6n\u00f6sen akkor, ha a munk\u00e1t naponta t\u00f6bbsz\u00f6r kell elv\u00e9gezni. A h\u00e1ts\u00f3 ajt\u00f3k 50:50 ar\u00e1nyban osztott kialak\u00edt\u00e1s\u00faak, \u00e9s ak\u00e1r 180 fokos sz\u00f6gben is kinyithat\u00f3k, ami sz\u00e9les hozz\u00e1f\u00e9r\u00e9st biztos\u00edt a rakt\u00e9rhez. Ennek k\u00f6sz\u00f6nhet\u0151en a nagyobb t\u00e1rgyak mozgat\u00e1sa is egyszer\u0171bb\u00e9 v\u00e1lik.<\/p>\n","protected":false},"excerpt":{"rendered":"<p>Aki \u00e9rintett, \u00e9rdemes figyelni a hat\u00e1rid\u0151kre \u2013 mert a seg\u00edts\u00e9g most t\u00e9nyleg ott van az asztalon, csak le kell \u00e9rte&#8230; <span class=\"gridview-grid-post-read-more\"><a href=\"https:\/\/matrend.hu\/nekedinfo\/friss-elelmiszer-utalvany-erkezik-ujra-a-nyugdijasoknak\/\">read more<span class=\"gridview-sr-only\"> Friss! \u00c9lelmiszer-utalv\u00e1ny \u00e9rkezik \u00fajra a nyugd\u00edjasoknak<\/span><\/a><\/span><\/p>\n","protected":false},"author":1,"featured_media":6573,"comment_status":"open","ping_status":"open","sticky":false,"template":"","format":"standard","meta":{"footnotes":""},"categories":[1],"tags":[],"class_list":["post-6572","post","type-post","status-publish","format-standard","has-post-thumbnail","hentry","category-egyeb","wpcat-1-id"],"_links":{"self":[{"href":"https:\/\/matrend.hu\/nekedinfo\/wp-json\/wp\/v2\/posts\/6572","targetHints":{"allow":["GET"]}}],"collection":[{"href":"https:\/\/matrend.hu\/nekedinfo\/wp-json\/wp\/v2\/posts"}],"about":[{"href":"https:\/\/matrend.hu\/nekedinfo\/wp-json\/wp\/v2\/types\/post"}],"author":[{"embeddable":true,"href":"https:\/\/matrend.hu\/nekedinfo\/wp-json\/wp\/v2\/users\/1"}],"replies":[{"embeddable":true,"href":"https:\/\/matrend.hu\/nekedinfo\/wp-json\/wp\/v2\/comments?post=6572"}],"version-history":[{"count":1,"href":"https:\/\/matrend.hu\/nekedinfo\/wp-json\/wp\/v2\/posts\/6572\/revisions"}],"predecessor-version":[{"id":6574,"href":"https:\/\/matrend.hu\/nekedinfo\/wp-json\/wp\/v2\/posts\/6572\/revisions\/6574"}],"wp:featuredmedia":[{"embeddable":true,"href":"https:\/\/matrend.hu\/nekedinfo\/wp-json\/wp\/v2\/media\/6573"}],"wp:attachment":[{"href":"https:\/\/matrend.hu\/nekedinfo\/wp-json\/wp\/v2\/media?parent=6572"}],"wp:term":[{"taxonomy":"category","embeddable":true,"href":"https:\/\/matrend.hu\/nekedinfo\/wp-json\/wp\/v2\/categories?post=6572"},{"taxonomy":"post_tag","embeddable":true,"href":"https:\/\/matrend.hu\/nekedinfo\/wp-json\/wp\/v2\/tags?post=6572"}],"curies":[{"name":"wp","href":"https:\/\/api.w.org\/{rel}","templated":true}]}}