{"id":6575,"date":"2026-03-05T16:39:16","date_gmt":"2026-03-05T15:39:16","guid":{"rendered":"https:\/\/matrend.hu\/nekedinfo\/?p=6575"},"modified":"2026-03-05T16:39:16","modified_gmt":"2026-03-05T15:39:16","slug":"gyorshajto-gazolt","status":"publish","type":"post","link":"https:\/\/matrend.hu\/nekedinfo\/gyorshajto-gazolt\/","title":{"rendered":"Gyorshajt\u00f3 g\u00e1zolt."},"content":{"rendered":"<h3>A v\u00e9gzetes pillanatok: a besz\u00e1mol\u00f3k szerint az aut\u00f3t egy 26 \u00e9ves f\u00e9rfi vezette, aki a gyan\u00fa szerint j\u00f3val a megengedett sebess\u00e9g felett sz\u00e1guldott. A j\u00e1rm\u0171 hirtelen ir\u00e1ny\u00edthatatlann\u00e1 v\u00e1lt, lesodr\u00f3dott az \u00fatr\u00f3l, majd egyenesen a j\u00e1rd\u00e1ra csap\u00f3dott. A becsap\u00f3d\u00e1s ereje brut\u00e1lis volt \u2013 a s\u00e9t\u00e1l\u00f3 csal\u00e1dnak es\u00e9lye sem volt kit\u00e9rni. A helysz\u00ednen percek alatt k\u00e1osz alakult ki, a ment\u0151k \u00e9s a rend\u0151r\u00f6k azonnal a helysz\u00ednre siettek, de az any\u00e1t \u00e9s a kisl\u00e1nyt m\u00e1r nem lehetett megmenteni. A s\u00falyosan s\u00e9r\u00fclt kisfi\u00fat azonnal k\u00f3rh\u00e1zba vitt\u00e9k, ahol kritikus \u00e1llapotban \u00e1polj\u00e1k.<br \/>\n\u00cdGY KAPT\u00c1K EL A G\u00c1ZOL\u00d3T:<\/h3>\n<h3><span style=\"color: #ff0000;\"><strong>A h\u00edr nem \u00e9rt v\u00e9get! Folytat\u00e1shoz haszn\u00e1ld a K\u00d6VETKEZ\u0150 OLDAL gombot!<\/strong><\/span><\/h3>\n<h3 style=\"text-align: right;\"><a href=\"https:\/\/matrend.hu\/maitrend\/?p=6580\" target=\"_blank\" rel=\"noopener\"><span style=\"color: #ff0000;\">&#8212;&gt;&gt; K\u00d6VETKEZ\u0150 OLDAL<\/span><\/a><\/h3>\n<p>A Toyota C\u2011HR a jap\u00e1n Toyota egyik legfelt\u0171n\u0151bb kompakt szabadid\u0151-aut\u00f3ja, amelyet eredetileg az\u00e9rt fejlesztettek ki, hogy a m\u00e1rka hagyom\u00e1nyosan visszafogott modellk\u00edn\u00e1lat\u00e1t egy mer\u00e9szebb, fiatalosabb karakter\u0171 t\u00edpussal eg\u00e9sz\u00edts\u00e9k ki. A modell els\u0151 gener\u00e1ci\u00f3ja m\u00e1r a bemutat\u00e1sakor nagy figyelmet keltett k\u00fcl\u00f6nleges formavil\u00e1g\u00e1val, a m\u00e1sodik gener\u00e1ci\u00f3 pedig ezt a koncepci\u00f3t m\u00e9g tov\u00e1bb viszi. A tervez\u0151k tudatosan arra t\u00f6rekedtek, hogy az aut\u00f3 ne olvadjon bele a v\u00e1rosi SUV-k egyre n\u00e9pesebb mez\u0151ny\u00e9be, hanem karakteres megjelen\u00e9s\u00e9vel azonnal felismerhet\u0151 legyen az utakon. Az \u00faj v\u00e1ltozat ennek megfelel\u0151en m\u00e9g \u00e9lesebb vonalakat, hat\u00e1rozottabb karossz\u00e9ria\u00e9leket \u00e9s futurisztikus r\u00e9szleteket kapott, amelyek az aut\u00f3t szinte egy koncepci\u00f3aut\u00f3hoz hasonl\u00f3 l\u00e1tv\u00e1nyoss\u00e1gg\u00e1 teszik.<\/p>\n<p>A modell formaterve k\u00fcl\u00f6n\u00f6sen figyelemre m\u00e9lt\u00f3. A kup\u00e9s tet\u0151\u00edv, a magasra h\u00fazott h\u00e1ts\u00f3 ajt\u00f3kilincsek, valamint a mark\u00e1ns s\u00e1rv\u00e9d\u0151\u00edvek dinamikus, sportos karaktert adnak a karossz\u00e9ri\u00e1nak. A fronton megjelen\u0151 modern \u201ehammerhead\u201d st\u00edlus\u00fa orr-r\u00e9sz keskeny f\u00e9nysz\u00f3r\u00f3kkal \u00e9s hat\u00e1rozott h\u0171t\u0151maszkkal eg\u00e9sz\u00fcl ki, ami a Toyota leg\u00fajabb designir\u00e1nyzat\u00e1t k\u00f6veti. A h\u00e1ts\u00f3 r\u00e9sz szint\u00e9n l\u00e1tv\u00e1nyos: az aut\u00f3 sz\u00e9les v\u00e1llvonala \u00e9s a teljes sz\u00e9less\u00e9gen v\u00e9gigfut\u00f3 l\u00e1mpacs\u00edk egyfajta pr\u00e9mium hangulatot teremt, mik\u00f6zben az eg\u00e9sz forma m\u00e9g mindig kompakt \u00e9s v\u00e1rosi haszn\u00e1latra optimaliz\u00e1lt marad. A Toyota c\u00e9lja az volt, hogy a C-HR ne csup\u00e1n egy praktikus crossover legyen, hanem egy olyan aut\u00f3, amely \u00e9rzelmeket is kiv\u00e1lt a v\u00e1s\u00e1rl\u00f3kb\u00f3l, \u00e9s amelyet tulajdonosa sz\u00edvesen v\u00e1laszt st\u00edlusos alternat\u00edvak\u00e9nt a hagyom\u00e1nyos csal\u00e1di modellek helyett.<\/p>\n<p>A bels\u0151 t\u00e9r kialak\u00edt\u00e1sa szint\u00e9n ezt a modern szeml\u00e9letet k\u00f6veti. A m\u0171szerfal kialak\u00edt\u00e1sa a vezet\u0151 fel\u00e9 fordul, ami sportos hangulatot teremt, mik\u00f6zben a min\u0151s\u00e9gi anyagok \u00e9s a gondos \u00f6sszeszerel\u00e9s a Toyota h\u00edrnev\u00e9hez m\u00e9lt\u00f3 tart\u00f3ss\u00e1got sugallnak. A magasabb felszerelts\u00e9gi szinteken egy nagy, ak\u00e1r 12,3 colos \u00e9rint\u0151k\u00e9perny\u0151 uralja a k\u00f6z\u00e9pkonzolt, amely a multim\u00e9di\u00e1s rendszer kezel\u00e9s\u00e9\u00e9rt felel, emellett digit\u00e1lis m\u0171szeregys\u00e9g is rendelkez\u00e9sre \u00e1ll. A modern okostelefon-kapcsolat, a vezet\u00e9k n\u00e9lk\u00fcli t\u00f6lt\u00e9s \u00e9s sz\u00e1mos online funkci\u00f3 is r\u00e9sze lehet a felszerelts\u00e9gnek, ami j\u00f3l mutatja, hogy a C-HR a technol\u00f3gia ter\u00e9n is igyekszik l\u00e9p\u00e9st tartani a kateg\u00f3ria \u00e9lmez\u0151ny\u00e9vel. A Toyota azonban nem mondott le teljesen a hagyom\u00e1nyos kezel\u0151szervekr\u0151l sem: a kl\u00edmaberendez\u00e9s \u00e9s n\u00e9h\u00e1ny fontos funkci\u00f3 tov\u00e1bbra is fizikai gombokkal \u00e1ll\u00edthat\u00f3, ami vezet\u00e9s k\u00f6zben sokkal k\u00f6nnyebb\u00e9 teszi a haszn\u00e1latot.<\/p>\n","protected":false},"excerpt":{"rendered":"<p>A v\u00e9gzetes pillanatok: a besz\u00e1mol\u00f3k szerint az aut\u00f3t egy 26 \u00e9ves f\u00e9rfi vezette, aki a gyan\u00fa szerint j\u00f3val a megengedett&#8230; <span class=\"gridview-grid-post-read-more\"><a href=\"https:\/\/matrend.hu\/nekedinfo\/gyorshajto-gazolt\/\">read more<span class=\"gridview-sr-only\"> Gyorshajt\u00f3 g\u00e1zolt.<\/span><\/a><\/span><\/p>\n","protected":false},"author":1,"featured_media":6576,"comment_status":"open","ping_status":"open","sticky":false,"template":"","format":"standard","meta":{"footnotes":""},"categories":[1],"tags":[],"class_list":["post-6575","post","type-post","status-publish","format-standard","has-post-thumbnail","hentry","category-egyeb","wpcat-1-id"],"_links":{"self":[{"href":"https:\/\/matrend.hu\/nekedinfo\/wp-json\/wp\/v2\/posts\/6575","targetHints":{"allow":["GET"]}}],"collection":[{"href":"https:\/\/matrend.hu\/nekedinfo\/wp-json\/wp\/v2\/posts"}],"about":[{"href":"https:\/\/matrend.hu\/nekedinfo\/wp-json\/wp\/v2\/types\/post"}],"author":[{"embeddable":true,"href":"https:\/\/matrend.hu\/nekedinfo\/wp-json\/wp\/v2\/users\/1"}],"replies":[{"embeddable":true,"href":"https:\/\/matrend.hu\/nekedinfo\/wp-json\/wp\/v2\/comments?post=6575"}],"version-history":[{"count":1,"href":"https:\/\/matrend.hu\/nekedinfo\/wp-json\/wp\/v2\/posts\/6575\/revisions"}],"predecessor-version":[{"id":6577,"href":"https:\/\/matrend.hu\/nekedinfo\/wp-json\/wp\/v2\/posts\/6575\/revisions\/6577"}],"wp:featuredmedia":[{"embeddable":true,"href":"https:\/\/matrend.hu\/nekedinfo\/wp-json\/wp\/v2\/media\/6576"}],"wp:attachment":[{"href":"https:\/\/matrend.hu\/nekedinfo\/wp-json\/wp\/v2\/media?parent=6575"}],"wp:term":[{"taxonomy":"category","embeddable":true,"href":"https:\/\/matrend.hu\/nekedinfo\/wp-json\/wp\/v2\/categories?post=6575"},{"taxonomy":"post_tag","embeddable":true,"href":"https:\/\/matrend.hu\/nekedinfo\/wp-json\/wp\/v2\/tags?post=6575"}],"curies":[{"name":"wp","href":"https:\/\/api.w.org\/{rel}","templated":true}]}}